{"id":3685,"date":"2014-09-26T15:00:00","date_gmt":"2014-09-26T14:00:00","guid":{"rendered":"http:\/\/twincestblog.cz\/?p=3673"},"modified":"2014-09-26T15:00:00","modified_gmt":"2014-09-26T14:00:00","slug":"gun-gun-gun","status":"publish","type":"post","link":"https:\/\/twincestblog.cz\/domains\/twincestblog.cz\/2014\/09\/26\/gun-gun-gun\/","title":{"rendered":"Gun, gun, gun"},"content":{"rendered":"<div style=\"text-align:justify\"><strong>autor: Dark Princess<br \/><\/strong> <\/p>\n<p><em>Zdrav\u00edm, zlat\u00e9 a mil\u00e9 twincestn\u00e9 du\u0161i\u010dky \ud83d\ude42 Po dlllllhom dlhom \u010dase ma tu na chv\u00ed\u013eu znovu m\u00e1te, d\u00fafam, \u017ee si ma e\u0161te pam\u00e4t\u00e1te \ud83d\ude00 Oh, to sa r\u00fdmovalo :3 \ud83d\ude00 No ka\u017edop\u00e1dne, od tejto poviedky ne\u010dakajte \u017eiadnu zlo\u017eit\u00fa z\u00e1pletku, nap\u00edsala som ju len aby som oh\u013eadom najnov\u0161\u00edch udalost\u00ed v\u0161etk\u00fdch nespamovala \ud83d\ude00 Pri p\u00edsan\u00ed som si uvedomila, \u017ee u\u017e je to skoro rok a pol, \u010do sa tu odo m\u0148a nie\u010do objavilo :O Na p\u00edsanie som ale nezanevrela, m\u00e1m teraz nie\u010do rozp\u00edsan\u00e9, aj ke\u010f u\u017e nie twincest, z toho som tak nejak, rovnako ako z Tokio Hotel, trochu vyr\u00e1stla \ud83d\ude42 S\u00edce najnov\u0161ie udalosti sledujem a komentujem, ale u\u017e to nepre\u017e\u00edvam tak ako predt\u00fdm. Tak a u\u017e nebudem zdr\u017eova\u0165, pustite sa do \u010d\u00edtania a budem moc rada, ak mi nech\u00e1te nejak\u00fd pekn\u00fd koment\u00e1r, kto vie, mo\u017eno ma tu \u010dasom e\u0161te uvid\u00edte \ud83d\ude42<\/em><\/div>\n<div style=\"text-align:justify\"><em>-va\u0161a Dark Princess<\/p>\n<p>Btw, skoro by som zabudla, n\u00e1zov poviedky nie je pom\u00fdlen\u00fd, ja som si tak nazvala pesni\u010dku Girl got a gun, preto\u017ee &#8222;gun gun gun gun gun&#8220; je jedin\u00e9, \u010do v tom refr\u00e9ne po\u010dujem \ud83d\ude00<\/p>\n<p><\/em> &#8222;Girl got a gun, girl <em>gone got girl gun&#8230;<\/em> do prdele, j\u00e1 u\u017e na to seru!&#8220; vyjekl Bill Kaulitz vztekle a strhnul si z u\u0161\u00ed sluch\u00e1tka. &#8222;J\u00e1 to vzd\u00e1v\u00e1m, u\u017e nem\u016f\u017eu,&#8220; dodal o n\u011bco m\u00edrn\u011bji.<\/div>\n<div style=\"text-align:justify\">&#8222;Nezkus\u00ed\u0161 to je\u0161t\u011b jednou? M\u016f\u017ee\u0161 klidn\u011b pomaleji, pak to v po\u010d\u00edta\u010di zrychl\u00edme,&#8220; ozval se p\u0159es repr\u00e1k Tom\u016fv klidn\u00fd hlas, kter\u00fd Billa posledn\u00ed dobou tak d\u011bsn\u011b vyt\u00e1\u010del.<\/div>\n<div style=\"text-align:justify\">&#8222;Ne, Tome, nezkus\u00edm to je\u0161t\u011b jednou, zkou\u0161\u00edm to tady snad u\u017e hodinu a poka\u017ed\u00e9 to zkurv\u00edm, pot\u0159ebuji pauzu,&#8220; odsekl podr\u00e1\u017ed\u011bn\u011b a dlouh\u00fdmi kroky ode\u0161el z nahr\u00e1vac\u00ed m\u00edstnosti.<\/p>\n<p>&#8222;\u0158ekl bych, \u017ee pauzu m\u011bl a\u017e p\u0159\u00edli\u0161 dlouho,&#8220; \u0159ekl Georg, kdy\u017e byl Bill z doslechu. &#8222;Nech\u00e1pu, pro\u010d se s touhle p\u00edsni\u010dkou tak vztek\u00e1. Stejn\u011b to nebude \u017e\u00e1dn\u00fd pr\u016flomov\u00fd hit,&#8220; dodal ti\u0161eji, jako kdyby ho Bill mohl sly\u0161et a vynadat mu.<\/div>\n<div style=\"text-align:justify\">&#8222;Posledn\u00ed dobou je divn\u00fd, v\u0161echno chce m\u00edt d\u011bsn\u011b perfektn\u00ed, nesn\u00e1\u0161\u00edm, kdy\u017e je takov\u00fd,&#8220; povzdechl si utr\u00e1pen\u011b Tom. Billova divn\u00e9ho chov\u00e1n\u00ed si v\u0161iml i on, jak by ne, kdy\u017e jsou spolu prakticky nonstop. Zvedl ze zem\u011b Pumbu a pod\u00edval se do jeho velk\u00fdch vykulen\u00fdch o\u010d\u00ed. &#8222;Poj\u010f, ty mal\u00e1 zr\u016fdo, jdeme naj\u00edt tu hysterku, co si \u0159\u00edk\u00e1 m\u016fj bratr,&#8220; \u0159ekl a s t\u011bmi slovy ode\u0161el. Georg s Gustavem si vym\u011bnili nech\u00e1pav\u00e9 pohledy, pak se beze slova zvedli a ode\u0161li taky.<\/p>\n<\/div>\n<hr \/>\n<div style=\"text-align:justify\">Tom na\u0161el sv\u00e9ho bratra na sluncem zalit\u00e9 terase. Sed\u011bl v pohodln\u00e9m prout\u011bn\u00e9m k\u0159esle, nohy m\u011bl vylo\u017een\u00e9 na z\u00e1bradl\u00ed, v obli\u010deji utr\u00e1pen\u00fd v\u00fdraz.<\/div>\n<div style=\"text-align:justify\">&#8222;Bille, co je to s tebou?&#8220; zeptal se Tom m\u00edrn\u011b a polo\u017eil pejska na zem. Blon\u010f\u00e1k jen trhnul rameny, ani se na Toma nepod\u00edval. &#8222;Opravdu to nechce\u0161 zkusit? Georg s Gustavem \u0161li pry\u010d hned po mn\u011b, budeme tam jen my dva,&#8220; \u0159ekl ti\u0161e a pohladil Billa po ruce.<\/div>\n<div style=\"text-align:justify\">&#8222;Nejde o n\u011b,&#8220; zamumlal Bill.<\/div>\n<div style=\"text-align:justify\">&#8222;A o co tedy jde?&#8220; chytnul se toho Tom. Nesn\u00e1\u0161el, kdy\u017e byl jeho bratr v t\u00e9hle n\u00e1lad\u011b, kdy\u017e z n\u011bj musel tahat ka\u017ed\u00e9 slovo.<\/div>\n<div style=\"text-align:justify\">&#8222;Nech to plavat. Poj\u010fme rad\u0161i dom\u016f, jsem unaven\u00fd.&#8220; Tom v\u011bd\u011bl, \u017ee u\u017e nem\u00e1 cenu ho p\u0159emlouvat. V\u017edy kdy\u017e Bill \u0159ekl, \u017ee je unaven\u00fd, znamenalo to konec debaty. Proto\u017ee ka\u017ed\u00fd v\u011bd\u011bl, \u017ee unaven\u00fd Bill je mrzut\u00fd a protivn\u00fd Bill, i kdy\u017e to t\u0159eba pou\u017eil jen jako v\u00fdmluvu.<\/div>\n<div style=\"text-align:center\">\n<p>***<\/p><\/div>\n<div style=\"text-align:justify\">\n<p>Pozd\u011bji toho dne, hodiny ukazovaly jen n\u011bco m\u00e1lo p\u0159ed druhou r\u00e1no, Tom na\u0161el sv\u00e9ho bratra sed\u011bt v ob\u00fdv\u00e1ku ve tm\u011b se zapnut\u00fdm laptopem.<\/p><\/div>\n<div style=\"text-align:justify\">&#8222;Bille? Pro\u010d nesp\u00ed\u0161?&#8220; zeptal se m\u00edrn\u011b ospal\u00fdm hlasem. Vzbudil ho n\u011bjak\u00fd zvuk, a kdy\u017e vedle sebe nenahmatal Billa, \u0161el ho hledat. Blon\u010f\u00e1k polekan\u011b p\u0159iv\u0159el laptop a ohl\u00e9dl se.<\/div>\n<div style=\"text-align:justify\">&#8222;Co je?&#8220; podivil se Tom. Co p\u0159ed n\u00edm asi mohl Bill skr\u00fdvat?<\/div>\n<div style=\"text-align:justify\">&#8222;Nic, jen&#8230; jsem nemohl sp\u00e1t a necht\u011bl jsem t\u011b vzbudit, tak jsem \u0161el sem,&#8220; vymlouval se, t\u011b\u017eko hledal slova, kdy\u017e byl takhle p\u0159ekvapen. O to v\u00edc, kdy\u017e nebyl zvykl\u00fd bratrovi lh\u00e1t.<\/div>\n<div style=\"text-align:justify\">&#8222;Co se sakra d\u011bje?&#8220; Tom snadno poznal, \u017ee se tady n\u011bco d\u011bje a rozsv\u00edtil. Oba kluci museli na chv\u00edli p\u0159imhou\u0159it o\u010di, aby si zvykli na sv\u011btlo. Pak si Tom v\u0161iml Billov\u00fdch zarudl\u00fdch o\u010d\u00ed, kter\u00e9 si blon\u010f\u00e1k rychle ot\u0159el dlan\u00ed. Tom si povzdechl a posadil se vedle n\u011bj na gau\u010d. Bill po\u0159\u00e1d dr\u017eel laptop p\u0159iv\u0159en\u00fd.<\/p>\n<p>&#8222;Co p\u0159ede mnou schov\u00e1v\u00e1\u0161?!&#8220; zeptal se Tom m\u00edrn\u011b podr\u00e1\u017ed\u011bn\u011b a vytrhnul bratrovi laptop. Kdy\u017e ho otev\u0159el, n\u011bkolikr\u00e1t se zmaten\u011b pod\u00edval na bratra a zp\u00e1tky na obrazovku, na kter\u00e9 byl pozastaven\u00fd obraz s \u010dernob\u00edl\u00fdm z\u00e1b\u011brem na no\u010dn\u00ed silnici.<\/div>\n<div style=\"text-align:justify\">&#8222;Co to je?&#8220; zeptal se. Bill s povzdechnut\u00edm stiskl mezern\u00edk.<\/p>\n<p><em>Dein Leben sinnentleert<\/em><\/div>\n<div style=\"text-align:justify\"><em>Deine Schatten tonnenschwer<\/em><\/div>\n<div style=\"text-align:justify\"><em>Und alles, was du jetzt brauchts<\/em><\/div>\n<div style=\"text-align:justify\"><em>Hast du nicht<\/p>\n<p><\/em> Na obrazovce b\u011b\u017eel videoklip k p\u00edsni\u010dce An deiner Seite, neboli Ich bin da.<\/div>\n<div style=\"text-align:justify\">&#8222;Ty se kouk\u00e1\u0161 na star\u00e1 videa?&#8220; zeptal se Tom, i kdy\u017e to bylo tak trochu o\u010dividn\u00e9.<\/div>\n<div style=\"text-align:justify\">&#8222;Jo,&#8220; \u0159ekl p\u0159i\u0161krcen\u00fdm hlasem Bill. &#8222;J\u00e1&#8230; j\u00e1 nev\u00edm, co m\u011b to popadlo, j\u00e1&#8230;&#8220; povzdechnul si a znovu si rychle ot\u0159el o\u010di. &#8222;Tak n\u011bjak mi to chyb\u00ed. Na\u0161e za\u010d\u00e1tky. Pod\u00edvej se, kam jsme se dostali. P\u0159ed p\u016flhodinou jsem \u010detl koment\u00e1\u0159e od Aliens. Tome, j\u00e1&#8230; j\u00e1 m\u00e1m strach,&#8220; \u0161eptl rozechv\u011ble. Tom byl naprosto zmaten\u00fd.<\/div>\n<div style=\"text-align:justify\">&#8222;J\u00e1 ti v\u016fbec nerozum\u00edm. Co tak hrozn\u00e9ho napsali, \u017ee m\u00e1\u0161 strach? A z \u010deho m\u00e1\u0161 v\u016fbec strach?!&#8220; Tom pomalu za\u010d\u00ednal litovat, \u017ee v\u016fbec vylezl z postele. Na Billovy no\u010dn\u00ed \u00favahy byl p\u0159\u00edli\u0161 st\u0159\u00edzliv\u00fd.<\/p>\n<p>&#8222;No t\u0159eba, \u017ee prej n\u00e1m to trv\u00e1 tak dlouho proto, \u017ee se sna\u017e\u00edme vymyslet nejvhodn\u011bj\u0161\u00ed zp\u016fsob, jak tu sra\u010dku serv\u00edrovat. A ta uk\u00e1zka, kterou jsme nen\u00e1padn\u011b vypustili minul\u00fd t\u00fdden jako neofici\u00e1ln\u00ed, byla d\u011bsn\u011b kritizov\u00e1na. V\u011bt\u0161ina si je jist\u00e1, \u017ee to nejsme my, \u017ee n\u011bco tak p\u0159\u00ed\u0161ern\u00e9ho bysme nevypustili a \u017ee se moc t\u011b\u0161\u00ed na nov\u00fd album, kter\u00fd bude ur\u010dit\u011b skv\u011bl\u00fd. J\u00e1 \u0159\u00edkal, \u017ee to nem\u00e1me pou\u0161t\u011bt ven jako neofici\u00e1ln\u00ed uniklou nahr\u00e1vku, se\u017eerou n\u00e1s za\u017eiva, Tome!&#8220; f\u0148ukal blon\u010f\u00e1k. Tom si kousl do jazyku, aby mu neu\u0161la protivn\u00e1 pozn\u00e1mka.<\/div>\n<div style=\"text-align:justify\">&#8222;Pro\u010d to v\u016fbec \u010dte\u0161, Bille?! A kde je to tvoje, \u017ee to d\u011bl\u00e1me proto, \u017ee n\u00e1s to bav\u00ed? Co z\u00e1le\u017e\u00ed na n\u011bkolika lidech, kter\u00fdm se to nel\u00edb\u00ed? Tob\u011b se to l\u00edb\u00ed, mn\u011b se to l\u00edb\u00ed, kde je probl\u00e9m?&#8220;<\/div>\n<div style=\"text-align:justify\">&#8222;T\u0159eba Georg si mysl\u00ed, \u017ee Girl got a gun je naprost\u00fd odpad,&#8220; odsekl Bill. Nemusel to ani sly\u0161et od n\u011bj, bylo mu to jasn\u00fd.<\/div>\n<div style=\"text-align:justify\">&#8222;Ale v\u017edy\u0165 je to tvoje obl\u00edben\u00e1 p\u00edsni\u010dka! A\u0165 si klidn\u011b Georg n\u011bjakou taky nap\u00ed\u0161e, nikdo mu nebr\u00e1n\u00ed! Bille, poslouchej m\u011b. Cht\u011bl jsi zkusit n\u011bco nov\u00e9ho, m\u00e1\u0161 n\u011bco nov\u00e9ho. Jestli to bude propad\u00e1k, m\u016f\u017eeme p\u0159\u00ed\u0161t\u011b zkusit n\u011bco ve star\u00e9m stylu.&#8220; Pousm\u00e1l se a p\u0159it\u00e1hl si bratra do n\u00e1ru\u010de. &#8222;Bude to v po\u0159\u00e1dku. Hlavn\u011b to nesm\u00edme nechat zaj\u00edt tak daleko, abys za\u010dal rapovat,&#8220; za\u017eertoval a Bill jej dloubl loktem pod \u017eebra, ale taky se cht\u011b-necht\u011b usm\u00e1l.<\/p>\n<p>&#8222;Kdy\u017e j\u00e1 nev\u00edm. Mn\u011b se ta p\u00edsni\u010dka moc l\u00edb\u00ed, je to n\u011bco jin\u00e9ho, ale nem\u00e1me k tomu ani klip a j\u00e1 nem\u016f\u017eu nic vymyslet,&#8220; post\u011b\u017eoval si.<\/div>\n<div style=\"text-align:justify\">&#8222;Te\u010f u\u017e to nech plavat. M\u00edsto toho bychom se mohli pod\u00edvat na dal\u0161\u00ed star\u00e1 videa, co ty na to? Mo\u017en\u00e1 n\u011bco vymysl\u00ed\u0161,&#8220; usm\u00e1l se Tom a nat\u00e1hl se ke k\u0159eslu pro velikou k\u00e1rovanou deku. Pohodln\u011b se uvelebil i s Billem na gau\u010di a pustil dal\u0161\u00ed video.<\/div>\n<div style=\"text-align:justify\">&#8222;Pamatuje\u0161, kdy\u017e jsme tohle nat\u00e1\u010deli? V\u0161echny jsi sek\u00fdroval, v\u0161echno muselo b\u00fdt perfektn\u00ed&#8230; v\u016fbec jsi se nezm\u011bnil, v\u00ed\u0161 to?&#8220; za\u0161eptal a vtiskl mu letm\u00fd polibek do koutku rt\u016f.<\/div>\n<div style=\"text-align:justify\">&#8222;A ty bys cht\u011bl, abych se zm\u011bnil?&#8220; usm\u00e1l se Bill a pod\u00edval se na n\u011bj. Video p\u0159estalo b\u00fdt d\u016fle\u017eit\u00e9. A co z\u00e1le\u017e\u00ed na n\u011bkolika negativn\u00edch n\u00e1zorech, kdy\u017e ho podporuje Tom.<\/div>\n<div style=\"text-align:center\">\n<p>*<\/p><\/div>\n<div style=\"text-align:justify\">\n<p>&#8222;V\u00ed\u0161 co?&#8220; zamumlal Bill, kdy\u017e u\u017e m\u00e1lem us\u00ednal u jednoho moc zn\u00e1m\u00e9ho z\u00e1znamu z koncertu, z p\u00edsni\u010dky Reden.<\/p><\/div>\n<div style=\"text-align:justify\">&#8222;Copak?&#8220; usm\u00e1l se Tom.<\/div>\n<div style=\"text-align:justify\">&#8222;T\u0159eba bychom mohli \u0159\u00edct o n\u00e1s dvou. V\u00ed\u0161, kdy\u017e tak na tohle kouk\u00e1m, div\u00edm se, \u017ee n\u00e1m na to je\u0161t\u011b nikdo nep\u0159i\u0161el,&#8220; usm\u00e1l se a pohladil Toma pod dekou po ruce.<\/div>\n<div style=\"text-align:justify\">&#8222;Ty \u010dte\u0161 pitom\u00e9 negativn\u00ed koment\u00e1\u0159e a ne um\u011bleckou tvorbu fanou\u0161k\u016f?&#8220; zasm\u00e1l se ti\u0161e. &#8222;Oni to d\u00e1vno v\u011bd\u00ed. Rad\u0161i to nechme tak, \u0161ok\u016f pro n\u011b bude letos stejn\u011b v\u00edc ne\u017e dost.&#8220;<\/div>\n<div style=\"text-align:center\">\n<p>***<\/p><\/div>\n<div style=\"text-align:justify\">\n<p>&#8222;Zdar Tome, kde je Bill?&#8220; zeptal se Georg, kdy\u017e spolu s Gustavem dorazil dal\u0161\u00ed den r\u00e1no do studia.<\/p><\/div>\n<div style=\"text-align:justify\">&#8222;P\u0159ijde trochu pozd\u011bji. V noci m\u011bl nostalgickou n\u00e1ladu, koukali jsme na videa a vysvitlo, \u017ee m\u00e1 strach z toho, jak tenhle album p\u0159ijmou fanou\u0161ci. Proto se v\u010dera tak choval,&#8220; odpov\u011bd\u011bl a posadil se na oto\u010dnou \u017eidli.<\/div>\n<div style=\"text-align:justify\">&#8222;No a jak jste to vy\u0159e\u0161ili? Bude se ta p\u00edsni\u010dka nahr\u00e1vat, nebo se u\u017e na to vyka\u0161le?&#8220;<\/div>\n<div style=\"text-align:justify\">&#8222;Bude. A j\u00e1 douf\u00e1m, \u017ee vy dva ho podpo\u0159\u00edte. Cokoliv se pod\u011bl\u00e1, fanou\u0161ci hod\u00ed vinu na n\u011bj, j\u00e1 se ani nediv\u00edm, \u017ee m\u00e1 takov\u00fd strach. Je to p\u0159eci p\u011bt let, Aliens budou o\u010dek\u00e1vat-&#8222;<\/div>\n<div style=\"text-align:justify\">&#8222;Budou o\u010dek\u00e1vat n\u011bco naprosto jin\u00e9ho ne\u017e tohle,&#8220; sko\u010dil mu do \u0159e\u010di podr\u00e1\u017ed\u011bn\u011b Georg. &#8222;Opravdu si Bill mysl\u00ed, \u017ee tohle m\u016f\u017eeme p\u0159edhodit fanou\u0161k\u016fm, kter\u00fd n\u00e1s m\u011bli r\u00e1di, kdy\u017e jsme hr\u00e1li rock? Tome, je to p\u011bt let a u\u017e Humanoid nebyl mnoh\u00fdm z nich moc po chuti. Ty d\u011bti pov\u011bt\u0161in\u011b vyrostly na rocku, jako j\u00e1 ne\u0159\u00edk\u00e1m, \u017ee ty p\u00edsni\u010dky jsou v\u0161echny \u0161patn\u00fd, ale Bill nem\u016f\u017ee \u010dekat, \u017ee budou v\u0161ichni nad\u0161eni a ohromeni. Kdy\u017e ho rozhodilo n\u011bkolik pitom\u00fdch koment\u00e1\u0159\u016f, jak zareaguje, kdy\u017e bude t\u0159eba cel\u00fd album propad\u00e1k?!&#8220; roz\u010diloval se.<\/p>\n<p>Necht\u011bl to \u0159\u00edkat, ale u\u017e se nemohl ovl\u00e1dnout. Pro n\u011bj bylo t\u011bch p\u011bt let p\u0159\u00edli\u0161. Album m\u011blo p\u016fvodn\u011b vyj\u00edt t\u00e9m\u011b\u0159 p\u0159ed dv\u011bma lety, to se snad Bill celou tu dobu b\u00e1l?! Kdyby alespo\u0148 n\u011bco \u0159ekl, ale ne, on to m\u011bl v\u0161echno pod kontrolou, jak \u010dasto p\u0159ipom\u00ednal.<\/p>\n<p>&#8222;Kdy\u017e to bude propad\u00e1k, m\u016f\u017eeme budouc\u00ed album nahr\u00e1t klidn\u011b i metalov\u00fd, mn\u011b je to jedno. Te\u010f ale mus\u00edme v\u0161ichni Billa podpo\u0159it. Jsem si jist\u00fd, \u017ee se najdou fanou\u0161ci, kter\u00fdm se to zal\u00edb\u00ed. A kdy\u017e ne, tak m\u016f\u017eeme z\u00edskat kopu nov\u00fdch fanou\u0161k\u016f a sakra, Bille, jak dlouho tam u\u017e stoj\u00ed\u0161?!&#8220; vyjekl, kdy\u017e se n\u00e1hodou pod\u00edval sm\u011brem ke dve\u0159\u00edm. V nich st\u00e1l Bill a na tv\u00e1\u0159i mu hr\u00e1l jemn\u00fd \u00fasm\u011bv. Takov\u00fd ten, co v\u00e1m dok\u00e1\u017ee rozjasnit cel\u00fd den. Takov\u00fd, co Tom nevid\u011bl, odkdy za\u010dali nahr\u00e1vat nov\u00e9 album.<\/div>\n<div style=\"text-align:justify\">&#8222;Dost,&#8220; \u0159ekl jen, po\u0159\u00e1d s t\u00edm \u00fasm\u011bvem.<\/div>\n<div style=\"text-align:justify\">&#8222;Bille-&#8220; za\u010dal Georg. V\u011bci, co te\u010f \u0159ekl, mu necht\u011bl \u0159\u00edkat do o\u010d\u00ed.<\/div>\n<div style=\"text-align:justify\">&#8222;Nic ne\u0159\u00edkej, Georgu. M\u00e1\u0161 naprostou pravdu. Nem\u016f\u017eu \u010dekat nemo\u017en\u00e9. A to, co jsem \u010dekal, nemo\u017en\u00e9 je. Ale pravdu m\u00e1 i Tom. Kdy\u017e to bude propad\u00e1k, co na tom? P\u0159\u00ed\u0161t\u011b to zas oslov\u00ed jin\u00e9 lidi. A nakonec, d\u011bl\u00e1me to hlavn\u011b pro sebe, ne?&#8220; to u\u017e se do\u0161iroka usm\u00edval.<\/p>\n<p>&#8222;Tak poj\u010fme lidi, jdeme makat, m\u00e1me v\u00edc ne\u017e rok zpo\u017ed\u011bn\u00ed,&#8220; zatleskal nad\u0161en\u011b. &#8222;Jo a vymyslel jsem bezvadn\u00fd klip. Tome, pamatuje\u0161, kdy\u017e jsme byli loni v Amsterdamu a m\u011bli tam ty divn\u00e9 ply\u0161\u00e1ky?&#8220; d\u00e1l to nerozv\u00edjel a rozb\u011bhl se do nahr\u00e1vac\u00ed m\u00edstnosti. Zbyl\u00ed kluci na sebe nejd\u0159\u00edve udiven\u011b pohl\u00e9dli, pak se rozesm\u00e1li a n\u00e1sledovali ho. Jeho n\u00e1hl\u00e9 nad\u0161en\u00ed do pr\u00e1ce, kter\u00e9 u\u017e dlouh\u00e9 t\u00fddny nevid\u011bli, bylo a\u017e p\u0159\u00edli\u0161 naka\u017eliv\u00e9.<\/p>\n<p><em>PS: ke\u010f budete ma\u0165 niekedy cestu cez Amsterdam, tak tie ply\u0161\u00e1ky maj\u00fa be\u017ene v suven\u00edroch \ud83d\ude00 nie celkom tak\u00e9, ako v tom klipe, ale&#8230; aj tak s\u00fa dos\u0165 znepokojiv\u00e9 \ud83d\ude00<\/em><\/p>\n<p><strong>autor: Dark Princess<\/strong><\/div>\n<div style=\"text-align:justify\"><strong>betaread: J. :o)<\/strong><\/div>\n","protected":false},"excerpt":{"rendered":"<p>autor: Dark Princess Zdrav\u00edm, zlat\u00e9 a mil\u00e9 twincestn\u00e9 du\u0161i\u010dky \ud83d\ude42 Po dlllllhom dlhom \u010dase ma tu na chv\u00ed\u013eu znovu m\u00e1te, d\u00fafam, \u017ee si ma e\u0161te pam\u00e4t\u00e1te \ud83d\ude00 Oh, to sa r\u00fdmovalo :3 \ud83d\ude00 No ka\u017edop\u00e1dne, od tejto poviedky ne\u010dakajte \u017eiadnu zlo\u017eit\u00fa z\u00e1pletku,<\/p>\n<p class=\"link-more\"><a class=\"myButt \" href=\"https:\/\/twincestblog.cz\/domains\/twincestblog.cz\/2014\/09\/26\/gun-gun-gun\/\">Read More<\/a><\/p>\n","protected":false},"author":1,"featured_media":0,"comment_status":"open","ping_status":"open","sticky":false,"template":"","format":"standard","meta":{"_exactmetrics_skip_tracking":false,"_exactmetrics_sitenote_active":false,"_exactmetrics_sitenote_note":"","_exactmetrics_sitenote_category":0,"footnotes":""},"categories":[45],"tags":[],"class_list":["post-3685","post","type-post","status-publish","format-standard","hentry","category-ff-jednodilky"],"_links":{"self":[{"href":"https:\/\/twincestblog.cz\/domains\/twincestblog.cz\/wp-json\/wp\/v2\/posts\/3685","targetHints":{"allow":["GET"]}}],"collection":[{"href":"https:\/\/twincestblog.cz\/domains\/twincestblog.cz\/wp-json\/wp\/v2\/posts"}],"about":[{"href":"https:\/\/twincestblog.cz\/domains\/twincestblog.cz\/wp-json\/wp\/v2\/types\/post"}],"author":[{"embeddable":true,"href":"https:\/\/twincestblog.cz\/domains\/twincestblog.cz\/wp-json\/wp\/v2\/users\/1"}],"replies":[{"embeddable":true,"href":"https:\/\/twincestblog.cz\/domains\/twincestblog.cz\/wp-json\/wp\/v2\/comments?post=3685"}],"version-history":[{"count":0,"href":"https:\/\/twincestblog.cz\/domains\/twincestblog.cz\/wp-json\/wp\/v2\/posts\/3685\/revisions"}],"wp:attachment":[{"href":"https:\/\/twincestblog.cz\/domains\/twincestblog.cz\/wp-json\/wp\/v2\/media?parent=3685"}],"wp:term":[{"taxonomy":"category","embeddable":true,"href":"https:\/\/twincestblog.cz\/domains\/twincestblog.cz\/wp-json\/wp\/v2\/categories?post=3685"},{"taxonomy":"post_tag","embeddable":true,"href":"https:\/\/twincestblog.cz\/domains\/twincestblog.cz\/wp-json\/wp\/v2\/tags?post=3685"}],"curies":[{"name":"wp","href":"https:\/\/api.w.org\/{rel}","templated":true}]}}