{"id":4174,"date":"2014-03-07T17:00:00","date_gmt":"2014-03-07T16:00:00","guid":{"rendered":"http:\/\/twincestblog.cz\/?p=4161"},"modified":"2014-03-07T17:00:00","modified_gmt":"2014-03-07T16:00:00","slug":"mein-kampf-9","status":"publish","type":"post","link":"https:\/\/twincestblog.cz\/domains\/twincestblog.cz\/2014\/03\/07\/mein-kampf-9\/","title":{"rendered":"Mein Kampf 9."},"content":{"rendered":"<div><strong>autor: Diet\u0159isko &amp; Kentaur<\/strong><\/div>\n<div><\/div>\n<div><strong> <\/strong><\/div>\n<div><strong> <\/strong><\/div>\n<div style=\"text-align:center\"><strong><img loading=\"lazy\" decoding=\"async\" width=\"650\" height=\"433\" src=\"http:\/\/twincestblog.cz\/wp-content\/uploads\/ce309aa46a_96917489_o2.jpg\" alt=\"\" \/><\/strong><\/div>\n<div><strong> <\/strong><\/div>\n<div><\/div>\n<div><em>18. z\u00e1\u0159\u00ed 1939<\/em><\/div>\n<div style=\"text-align:justify\"><em>Berlin<\/p>\n<p>Liebes Tagebuch,<\/em><\/div>\n<div style=\"text-align:justify\"><em>v\u010dera mi volal Himmler. Mluvil o m\u00e9 skv\u011bl\u00e9 budouc\u00ed kari\u00e9\u0159e. Je\u0161t\u011b p\u0159ed p\u00e1r dny bych byl radost\u00ed bez sebe. Te\u010f jsem sotva vydr\u017eel poslouchat. Taky \u0159\u00edkal, \u017ee se cel\u00e1 moje jednotka pojede pod\u00edvat do Bergen-Belsenu. Pr\u00fd je tam n\u011bjak\u00e9 p\u0159ekvapen\u00ed. Kdy\u017e to kone\u010dn\u011b polo\u017eil, vr\u00e1til jsem se k Tomovi.<\/em><\/div>\n<div style=\"text-align:justify\"><em>&#8222;O co \u0161lo?&#8220; zeptal se.<\/em><\/div>\n<div style=\"text-align:justify\"><em>&#8222;Nic d\u016fle\u017eit\u00fdho,&#8220; \u0159ekl jsem smutn\u011b. Lehl jsem si vedle n\u011bj. &#8222;Bude\u0161 dneska sp\u00e1t tady?&#8220; S nad\u011bj\u00ed jsem se na n\u011bj pod\u00edval.<\/em><\/div>\n<div style=\"text-align:justify\"><em>&#8222;No\u2026&#8220; Vypadal dost p\u0159ekvapen\u011b. &#8222;Bude\u0161 m\u00edt probl\u00e9my.&#8220; P\u0159itulil jsem se k n\u011bmu.<\/em><\/div>\n<div style=\"text-align:justify\"><em>&#8222;To je mi jedno\u2026 Chci b\u00fdt s tebou.&#8220; Nakonec souhlasil a j\u00e1 usnul v jeho n\u00e1ru\u010d\u00ed.<\/em><\/div>\n<div style=\"text-align:justify\"><em>R\u00e1no jsem se opatrn\u011b vypl\u00ed\u017eil z postele, abych ho nevzbudil. Moc jsem se nevyspal &#8211; po\u0159\u00e1d jsem se budil strachy, \u017ee n\u011bkdo jde.<\/em><\/div>\n<div style=\"text-align:justify\"><em>Takhle to prost\u011b d\u00e1l nejde. Nem\u016f\u017eu \u017e\u00edt v t\u00e9 nejistot\u011b a strachu, \u017ee n\u00e1s n\u011bkdo odhal\u00ed, a po\u0159\u00e1d se schov\u00e1vat. Uvid\u00edme, co se d\u00e1 d\u011blat.<\/p>\n<p><\/em><\/div>\n<hr \/>\n<div style=\"text-align:justify\"><em><br \/>19. z\u00e1\u0159\u00ed 1939<\/em><\/div>\n<div style=\"text-align:justify\"><em>Bergen-Belsen<\/p>\n<p>Liebes Tagebuch,<\/em><\/div>\n<div style=\"text-align:justify\"><em>v\u010dera se Tom za\u010dal h\u00fdbat. U\u017e je mu l\u00edp. Nedok\u00e1\u017eu ani popsat, jak se mi ulevilo. Nastoupil jako moje ochranka, naprosto bez probl\u00e9m\u016f.<\/em><\/div>\n<div style=\"text-align:justify\"><em>Odpus\u0165 mi, \u017ee ti dopodrobna nevyl\u00ed\u010d\u00edm, co jsme v\u010dera v\u0161echno d\u011blali, ale te\u010f na to nem\u00e1m s\u00edlu.<\/em><\/div>\n<div style=\"text-align:justify\"><em>Zjistil jsem, co je to Himmlerovo &#8222;p\u0159ekvapen\u00ed.&#8220; Do koncentr\u00e1ku v Bergen &#8211; Belsenu p\u0159ivezli skupinku \u017did\u016f, Rom\u016f a antifa\u0161ist\u016f \u00fasp\u011b\u0161n\u00fdm \u010dlen\u016fm SS na hran\u00ed. Samoz\u0159ejm\u011b, \u017ee v\u0161ichni &#8211; krom\u011b m\u011b a Toma &#8211; z toho m\u011bli hroznou radost.<\/em><\/div>\n<div style=\"text-align:justify\"><em>Nem\u016f\u017eu ti to popsat. Nejde to. Ani se to ned\u00e1  popsat slovy. Pr\u00e1v\u011b jsem vid\u011bl jednoho mu\u017ee, jak\u2026 zoz\u0161l\u00e1pl hlavu mal\u00e9mu d\u00edt\u011bti. Mysl\u00edm, \u017ee jsem omdlel. Na\u0161t\u011bst\u00ed si m\u011b v t\u00e9 v\u0159av\u011b nikdo nev\u0161\u00edmal. Pamatuju si akor\u00e1t, jak m\u011b Tom dr\u017e\u00ed a n\u011bco mi \u0159\u00edk\u00e1.<\/em><\/div>\n<div style=\"text-align:justify\"><em>Trvalo to hrozn\u011b dlouho. Ani nev\u00edm jak\u2026<\/p>\n<p><\/em> <strong>Tom<\/strong><\/p>\n<p>Po tom, co Bill omdlel, jsem ho dovezl do jeho kancel\u00e1\u0159e. N\u011bjakou dobu m\u011b v\u016fbec nevn\u00edmal. Nev\u011bd\u011bl jsem, co m\u00e1m d\u011blat. M\u00e1m ho vz\u00edt na o\u0161et\u0159ovnu? Nebo ne?<\/div>\n<div style=\"text-align:justify\">Kdy\u017e se kone\u010dn\u011b probral, okam\u017eit\u011b jsem k n\u011bmu p\u0159isko\u010dil.<\/p>\n<p>&#8222;Jsi v po\u0159\u00e1dku?&#8220; zeptal jsem se starostliv\u011b.<\/div>\n<div style=\"text-align:justify\">&#8222;J\u00e1\u2026 J\u00e1 nev\u00edm. Co se stalo?&#8220;<\/div>\n<div style=\"text-align:justify\">&#8222;Najednou jsi omdlel. Oberf\u00fchrer mi dovolil t\u011b odtamtud odv\u00e9zt,&#8220; \u0159ekl jsem.<\/div>\n<div style=\"text-align:justify\">&#8222;Nem\u016f\u017eu uv\u011b\u0159it, \u017ee t\u011b G\u00fcnhe pustil,&#8220; zavrt\u011bl hlavou.<\/div>\n<div style=\"text-align:justify\">&#8222;J\u00e1 taky ne,&#8220; p\u0159iznal jsem. &#8222;Ale hlavn\u011b, \u017ee ti nic nen\u00ed,&#8220; usm\u00e1l jsem se a pohladil ho po tv\u00e1\u0159i. Naklonil jsem se k n\u011bmu a dal mu kr\u00e1tkou pusu.<\/div>\n<div style=\"text-align:justify\">Na zbytek dne u\u017e Bill nem\u011bl co na pr\u00e1ci. A j\u00e1 jako\u017eto jeho str\u00e1\u017ece tak\u00e9 ne.<\/p>\n<p>Ve\u010der jsem se vr\u00e1til do kas\u00e1ren. Ostatn\u00ed se na m\u011b chv\u00edli divn\u011b d\u00edvali, a pak m\u011b Gustav odt\u00e1hl kousek stranou. Podez\u0159\u00edvav\u011b se na m\u011b d\u00edval. Nerv\u00f3zn\u011b jsem p\u0159e\u0161l\u00e1pl.<\/div>\n<div style=\"text-align:justify\">&#8222;Co je?&#8220; zeptal jsem se nejist\u011b.<\/div>\n<div style=\"text-align:justify\">&#8222;Ka\u017ed\u00fdho zaj\u00edm\u00e1, pro\u010d jsi najednou tak pov\u00fd\u0161il. A m\u011b osobn\u011b taky,&#8220; \u0159ekl na rovinu. To jsem na n\u011bm oce\u0148oval. Nikdy dlouho nechodil kolem hork\u00e9 ka\u0161e.<\/div>\n<div style=\"text-align:justify\">&#8222;J\u00e1\u2026&#8220; Nev\u011bd\u011bl jsem, co na to \u0159\u00edct. &#8222;Bylo mi \u0159e\u010deno, \u017ee m\u011b cht\u011bj\u00ed m\u00edt na o\u010d\u00edch, abych nemohl nic ud\u011blat,&#8220; pl\u00e1cl jsem prvn\u00ed v\u011bc, co m\u011b napadla. Gustav si m\u011b p\u0159em\u011b\u0159il pohledem, ale pak p\u0159eci jenom pok\u00fdval hlavou. Kdy\u017e m\u011b nechal o samot\u011b, dost jsem si oddechl.<\/div>\n<div style=\"text-align:justify\">Po ve\u010de\u0159i jsem \u0161el brzy sp\u00e1t. \u0158\u00edkalo se, \u017ee b\u011bhem dne\u0161n\u00ed noci bude n\u011bjak\u00e9 cvi\u010den\u00ed, tak\u017ee jsem se cht\u011bl alespo\u0148 trochu vyspat.<\/p>\n<p><strong>Bill<br \/><\/strong> <em><\/p>\n<p>20. z\u00e1\u0159\u00ed 1939<\/em><\/div>\n<div style=\"text-align:justify\"><em>Berlin<\/p>\n<p>Liebes Tagebuch,<\/em><\/div>\n<div style=\"text-align:justify\"><em>u\u017e jsem se rozhodl. Takhle to d\u00e1l nejde. Jen m\u00e1lokdy si s Tomem urveme chvilku pro sebe. Celou dobu se kolem n\u00e1s mot\u00e1 Oberf\u00fchrer. Je jen ot\u00e1zka \u010dasu, kdy n\u00e1s odhal\u00ed a bude konec.<\/em><\/div>\n<div style=\"text-align:justify\"><em>Tohle nem\u016f\u017eu dopustit. M\u00e1m pl\u00e1n. Tomovi to zat\u00edm ne\u0159eknu\u2026 A\u017e \u010dasem<\/em><\/div>\n<div style=\"text-align:justify\"><em>Tohle mus\u00ed skon\u010dit.<\/p>\n<p>21. z\u00e1\u0159\u00ed 1939<\/em><\/div>\n<div style=\"text-align:justify\"><em>Berlin<\/p>\n<p>Liebes Tagebuch,<\/em><\/div>\n<div style=\"text-align:justify\"><em>u\u017e  jsem za\u010dal realizovat sv\u016fj pl\u00e1n. V\u0161echno m\u00e1m za\u0159\u00edzen\u00e9. Dnes v noci to  ud\u011bl\u00e1m. Mus\u00edm se p\u0159iznat, \u017ee jsem dost nerv\u00f3zn\u00ed. A taky nev\u00edm, jak se na to bude tv\u00e1\u0159it Tom, a\u017e mu to \u0159eknu. Myslel jsem si, \u017ee by mohl protestovat, tak jsem usoudil, \u017ee bude lep\u0161\u00ed ho postavit p\u0159ed hotovou v\u011bc.<\/p>\n<p><\/em> <strong>autor: Diet\u0159isko &amp; Kentaur<\/strong><\/div>\n<div style=\"text-align:justify\"><strong>betaread: J. :o)<\/strong><\/div>\n","protected":false},"excerpt":{"rendered":"<p>autor: Diet\u0159isko &amp; Kentaur 18. z\u00e1\u0159\u00ed 1939 Berlin Liebes Tagebuch, v\u010dera mi volal Himmler. Mluvil o m\u00e9 skv\u011bl\u00e9 budouc\u00ed kari\u00e9\u0159e. Je\u0161t\u011b p\u0159ed p\u00e1r dny bych byl radost\u00ed bez sebe. Te\u010f jsem sotva vydr\u017eel poslouchat. Taky \u0159\u00edkal, \u017ee se cel\u00e1 moje jednotka pojede<\/p>\n<p class=\"link-more\"><a class=\"myButt \" href=\"https:\/\/twincestblog.cz\/domains\/twincestblog.cz\/2014\/03\/07\/mein-kampf-9\/\">Read More<\/a><\/p>\n","protected":false},"author":1,"featured_media":0,"comment_status":"open","ping_status":"open","sticky":false,"template":"","format":"standard","meta":{"_exactmetrics_skip_tracking":false,"_exactmetrics_sitenote_active":false,"_exactmetrics_sitenote_note":"","_exactmetrics_sitenote_category":0,"footnotes":""},"categories":[583],"tags":[],"class_list":["post-4174","post","type-post","status-publish","format-standard","hentry","category-mein-kampf"],"_links":{"self":[{"href":"https:\/\/twincestblog.cz\/domains\/twincestblog.cz\/wp-json\/wp\/v2\/posts\/4174","targetHints":{"allow":["GET"]}}],"collection":[{"href":"https:\/\/twincestblog.cz\/domains\/twincestblog.cz\/wp-json\/wp\/v2\/posts"}],"about":[{"href":"https:\/\/twincestblog.cz\/domains\/twincestblog.cz\/wp-json\/wp\/v2\/types\/post"}],"author":[{"embeddable":true,"href":"https:\/\/twincestblog.cz\/domains\/twincestblog.cz\/wp-json\/wp\/v2\/users\/1"}],"replies":[{"embeddable":true,"href":"https:\/\/twincestblog.cz\/domains\/twincestblog.cz\/wp-json\/wp\/v2\/comments?post=4174"}],"version-history":[{"count":0,"href":"https:\/\/twincestblog.cz\/domains\/twincestblog.cz\/wp-json\/wp\/v2\/posts\/4174\/revisions"}],"wp:attachment":[{"href":"https:\/\/twincestblog.cz\/domains\/twincestblog.cz\/wp-json\/wp\/v2\/media?parent=4174"}],"wp:term":[{"taxonomy":"category","embeddable":true,"href":"https:\/\/twincestblog.cz\/domains\/twincestblog.cz\/wp-json\/wp\/v2\/categories?post=4174"},{"taxonomy":"post_tag","embeddable":true,"href":"https:\/\/twincestblog.cz\/domains\/twincestblog.cz\/wp-json\/wp\/v2\/tags?post=4174"}],"curies":[{"name":"wp","href":"https:\/\/api.w.org\/{rel}","templated":true}]}}