{"id":4217,"date":"2014-02-20T15:00:00","date_gmt":"2014-02-20T14:00:00","guid":{"rendered":"http:\/\/twincestblog.cz\/?p=4204"},"modified":"2014-02-20T15:00:00","modified_gmt":"2014-02-20T14:00:00","slug":"mein-kampf-4","status":"publish","type":"post","link":"https:\/\/twincestblog.cz\/domains\/twincestblog.cz\/2014\/02\/20\/mein-kampf-4\/","title":{"rendered":"Mein Kampf 4."},"content":{"rendered":"<div><strong>autor: Diet\u0159isko &amp; Kentaur<\/strong><\/div>\n<div><\/div>\n<div><strong> <\/strong><\/div>\n<div><strong> <\/strong><\/div>\n<div style=\"text-align:center\"><strong><img loading=\"lazy\" decoding=\"async\" width=\"650\" height=\"433\" src=\"http:\/\/twincestblog.cz\/wp-content\/uploads\/ce309aa46a_96917489_o2.jpg\" alt=\"\" \/><\/strong><\/div>\n<div><strong> <\/strong><\/div>\n<div><\/div>\n<div style=\"text-align:justify\">Tom<\/p>\n<p>Bylo mi \u0159e\u010deno, \u017ee je m\u00e1m odv\u00e9zt na vlakov\u00e9 n\u00e1dra\u017e\u00ed, odkud je p\u0159etransportuj\u00ed do Dachau. Sice se \u0159\u00edkalo, \u017ee je to pracovn\u00ed t\u00e1bor, ale j\u00e1 v\u011bd\u011bl, co je jeho pravou podstatou. Hlavn\u00ed m\u00edsto vyhlazov\u00e1n\u00ed &#8222;ne\u010dist\u00e9&#8220; rasy. Pro\u0161el jsem tam v\u00fdcvikem. Nikdy na to nezapomenu.<\/p>\n<p>Celou cestu jsem musel myslet na to, co je \u010dek\u00e1. Kdybych byl v jejich k\u016f\u017ei, rad\u0161i bych bral smrt ne\u017e mu\u010den\u00ed a t\u00fdr\u00e1n\u00ed hladem. Na nedalek\u00e1 k\u0159i\u017eovatce jsem odbo\u010dil vpravo. U\u017e zb\u00fdvaly asi jen 2 km cesty.<\/p>\n<p>Po dlouh\u00e9m rozm\u00fd\u0161len\u00ed jsem se rozhodl, \u017ee jim to uleh\u010d\u00edm. V\u00edm, bylo to ode m\u011b krut\u00e9, ale kdy\u017e jsem si uv\u011bdomil, co by je \u010dekalo\u2026 Jasn\u011b jsem si dok\u00e1zal domyslet, \u017ee z toho budu m\u00edt pot\u00ed\u017ee, ale\u2026 St\u00e1lo mi to za to. U\u0161et\u0159\u00edm je utrpen\u00ed. Tahle to bude v\u00edcem\u00e9n\u011b  bezbolestn\u00e9.<\/p>\n<p>Necht\u011bl jsem, aby dopadli jako Joseph. Po m\u011bs\u00edc\u00edch t\u00fdr\u00e1n\u00ed a tvrd\u00e9 pr\u00e1ce nemilosrdn\u011b zast\u0159elen.<\/div>\n<div style=\"text-align:justify\">Rozjel jsem se plnou rychlost\u00ed nap\u0159\u00ed\u010d ulic\u00ed. V o\u010d\u00edch se mi objevily slzy. Pak jsem rychle oto\u010dil volantem a smykem narazil do n\u011bjak\u00e9 polorozpadl\u00e9 budovy. Byli na m\u00edst\u011b mrtv\u00ed.<\/p>\n<\/div>\n<hr \/>\n<div style=\"text-align:justify\">Bill<br \/><em><\/p>\n<p>9. z\u00e1\u0159\u00ed 1939<\/em><\/div>\n<div style=\"text-align:justify\"><em>Berlin<\/em><\/div>\n<div style=\"text-align:justify\"><em>Liebes Tagebuch,<\/p>\n<p>U\u017e nev\u00edm, co si o tom v\u0161em m\u00e1m myslet. Tom m\u011bl v\u010dera\u2026 (Jo, samoz\u0159ejm\u011b, \u017ee v\u00ed\u0161, o kom mluv\u00edm) odvezl \u017didy dod\u00e1vkou k transportn\u00edmu vlaku a vyboural se. V ulici, kdy je to t\u00e9m\u011b\u0159 nemo\u017en\u00e9.<\/em><\/div>\n<div style=\"text-align:justify\"><em>O co mu jde? Varoval jsem ho, na chv\u00edli poslechl, a te\u010f\u2026 Je mi jasn\u00e9, \u017ee tohle nem\u016f\u017eu jen tak p\u0159ej\u00edt. Budu to muset nahl\u00e1sit. Nav\u00edc m\u00e1m takov\u00e9 podez\u0159en\u00ed, \u017ee\u2026\u017ee je \u017didomil. A to v\u00e1\u017en\u011b kr\u00fdt nem\u016f\u017eu.<\/em><\/div>\n<div style=\"text-align:justify\"><em>Pro\u010d m\u00e1m takov\u00fd pocit, jako bych ho zrazoval, kdy\u017e p\u00ed\u0161u Himmlerovi? U\u017e pon\u011bkolik\u00e1t\u00e9 dopis ma\u010dk\u00e1m a zahazuji. A dopis p\u00ed\u0161u proto, \u017ee to nedok\u00e1\u017eu \u0159\u00edct nahlas do telefonu.<\/em><\/div>\n<div style=\"text-align:justify\"><em>Co se to se mnou d\u011bje?<\/p>\n<p>10. z\u00e1\u0159\u00ed 1939<\/em><\/div>\n<div style=\"text-align:justify\"><em>Berlin<\/em><\/div>\n<div style=\"text-align:justify\"><em>Liebes Tagebuch,<\/p>\n<p>dnes jsem se zastavil na o\u0161et\u0159ovn\u011b. Cht\u011bl jsem Tomovi \u0159\u00edct, \u017ee se bl\u00ed\u017e\u00ed jeho konec.<\/em><\/div>\n<div style=\"text-align:justify\"><em>Sedl jsem si vedle jeho l\u016f\u017eka. Oto\u010dil hlavu a pod\u00edval se na m\u011b. V tu chv\u00edli jsem pochopil, \u017ee u\u017e to v\u00ed. \u017de je mu to jasn\u00e9. A to byl p\u0159esn\u011b ten moment, kdy jsem se rozhodl, \u017ee nikomu nic ne\u0159eknu. Jsem bl\u00e1zen, co?<\/em><\/div>\n<div style=\"text-align:justify\"><em>&#8222;Je mi l\u00edto, \u017ee jsi m\u011bl nehodu,&#8220; \u0159ekl jsem. Zamra\u010dil se. &#8222;Douf\u00e1m, \u017ee u\u017e brzy bude\u0161 schopn\u00fd slu\u017eby,&#8220; pokra\u010doval jsem. P\u0159ekvapen\u011b zamrkal.<\/em><\/div>\n<div style=\"text-align:justify\"><em>&#8222;D\u011bkuju,&#8220; za\u0161eptal. Naklonil jsem se k n\u011bmu.<\/em><\/div>\n<div style=\"text-align:justify\"><em>&#8222;To bylo naposledy,&#8220; zamumlal jsem.<\/em><\/div>\n<div style=\"text-align:justify\"><em>&#8222;Dob\u0159e\u2026 D\u011bkuju,&#8220; zopakoval. Vstal jsem a ode\u0161el.<\/p>\n<p>Na chodb\u011b jsem m\u00edjel Oberf\u00fchrera. \u00dacta v jeho o\u010d\u00edch se m\u00edsila s podez\u0159en\u00edm. Uv\u011bdomil jsem si, \u017ee si na n\u011bj budu muset d\u00e1vat pozor. Co m\u011b to napad\u00e1? V\u017edy\u0165 jsou to lid\u00e9 jako Oberf\u00fchrer, kter\u00fdm bych m\u011bl v\u011b\u0159it, a lid\u00e9 jako Tom byli ti, na kter\u00e9 bych si m\u011bl d\u00e1vat pozor.<\/em><\/div>\n<div style=\"text-align:justify\"><em>Jak m\u00e1m slou\u017eit \u0158\u00ed\u0161i, kdy\u017e se nevyzn\u00e1m ani s\u00e1m v sob\u011b?<\/p>\n<p>P\u0159e\u010detl jsem si Mein Kampf, abych se uklidnil. Nepomohlo to. J\u00e1 to nech\u00e1pu &#8211; v\u017edycky kdy\u017e jsem pochyboval o sob\u011b nebo o tom, co d\u011bl\u00e1m, sta\u010dilo, abych si p\u0159e\u010detl tuhle kn\u00ed\u017eku a v\u0161echno bylo zase v po\u0159\u00e1dku. A te\u010f? Star\u00e1m se o probl\u00e9mov\u00e9ho voj\u00e1ka, kter\u00fd je nav\u00edc \u017didomil. Ale kdy\u017e na n\u011bj mysl\u00edm\u2026 C\u00edt\u00edm se zvl\u00e1\u0161tn\u011b. A nem\u016f\u017eu ho prozradit.<\/p>\n<p><\/em> Tom<\/p>\n<p>Po tom, co Bill ode\u0161el, jsem z\u016fstal zmaten\u011b le\u017eet. On\u2026 m\u011b neprozrad\u00ed? Nemohl jsem tomu uv\u011b\u0159it. Cel\u00fd den jsem si sna\u017eil vsugerovat, \u017ee je to monstrum, a on si jen tak p\u0159ijde a \u0159ekne mi tohle? Co je za\u010d? A co se mnou chce ud\u011blat?<\/div>\n<div style=\"text-align:justify\">Chytil jsem se za hlavu a unaven\u011b si promnul sp\u00e1nky. Po t\u00e9 nehod\u011b jsem m\u011bl jen n\u011bkolik nara\u017eenin a pravd\u011bpodobn\u011b lehk\u00fd ot\u0159es mozku, tak\u017ee jsem si musel chv\u00edli pole\u017eet. Ale to v\u011bdom\u00ed, \u017ee jsem zabil p\u011bt lid\u00ed, kte\u0159\u00ed by spr\u00e1vn\u011b m\u011bli m\u00edt cel\u00fd \u017eivot p\u0159ed sebou, bylo hrozn\u00e9. Sna\u017eil jsem se uklid\u0148ovat tou my\u0161lenkou, \u017ee by je \u010dekalo daleko hor\u0161\u00ed peklo, ale nepom\u00e1halo to. Co jsem to jen ud\u011blal?<\/p>\n<p>A k tomu v\u0161emu je\u0161t\u011b Bill. Nech\u00e1pal jsem v\u016fbec nic. Nemohl jsem ale \u0159\u00edct, \u017ee na m\u011b jeho gesto neud\u011blalo dojem. Aspo\u0148 tu byla nad\u011bje, \u017ee uvnit\u0159 nen\u00ed a\u017e tak zka\u017een\u00fd. Po\u010dkat\u2026 Pro\u010d m\u011b to vlastn\u011b zaj\u00edm\u00e1? Nech\u00e1pal jsem s\u00e1m sebe.<\/div>\n<div style=\"text-align:justify\">A\u010d jsem necht\u011bl, musel jsem p\u0159iznat, \u017ee je moc hezk\u00fd. A taky mil\u00fd, alespo\u0148 ke mn\u011b. K\u00e9\u017e by tak byl hodn\u00fd i na ty, co p\u0159esn\u011b nevyhovuj\u00ed Norimbersk\u00fdm rasov\u00fdm z\u00e1kon\u016fm. K\u00e9\u017e by se F\u00fchrer nikdy nedostal k moci.<\/p>\n<p>Najednou se ve dve\u0159\u00edch objevila sestra, kter\u00e1 m\u011bla o\u0161et\u0159ovnu na starost.<\/div>\n<div style=\"text-align:justify\">&#8222;Dneska ve\u010der u\u017e budete moct j\u00edt,&#8220; \u0159ekla.<\/div>\n<div style=\"text-align:justify\">&#8222;Dob\u0159e, d\u011bkuju,&#8220; pokusil jsem se pousm\u00e1t. Takhle d\u00edvka byla hodn\u00e1, nem\u011bl jsem d\u016fvod na ni b\u00fdt hnusn\u00fd.<\/div>\n<div style=\"text-align:justify\">Bylo mi jasn\u00e9, \u017ee z\u00edtra m\u011b zase \u010dek\u00e1 norm\u00e1ln\u00ed pr\u00e1ce. Jen jsem doufal, \u017ee zase nebudeme muset nikoho zajmout. Cht\u011bl jsem si n\u011bjak odchytnou Billa a zeptat se ho na n\u011bco. Jen\u017ee nebylo jak. M\u011bl jsem tolik ot\u00e1zek. Nejv\u00edc m\u011b ale zaj\u00edmalo, pro\u010d to pro m\u011b d\u011bl\u00e1.<\/p>\n<p><strong>autor: Diet\u0159isko &amp; Kentaur<\/strong><\/div>\n<div style=\"text-align:justify\"><strong>betaread: J. :o)<\/strong><\/div>\n","protected":false},"excerpt":{"rendered":"<p>autor: Diet\u0159isko &amp; Kentaur Tom Bylo mi \u0159e\u010deno, \u017ee je m\u00e1m odv\u00e9zt na vlakov\u00e9 n\u00e1dra\u017e\u00ed, odkud je p\u0159etransportuj\u00ed do Dachau. Sice se \u0159\u00edkalo, \u017ee je to pracovn\u00ed t\u00e1bor, ale j\u00e1 v\u011bd\u011bl, co je jeho pravou podstatou. Hlavn\u00ed m\u00edsto vyhlazov\u00e1n\u00ed &#8222;ne\u010dist\u00e9&#8220; rasy. Pro\u0161el<\/p>\n<p class=\"link-more\"><a class=\"myButt \" href=\"https:\/\/twincestblog.cz\/domains\/twincestblog.cz\/2014\/02\/20\/mein-kampf-4\/\">Read More<\/a><\/p>\n","protected":false},"author":1,"featured_media":0,"comment_status":"open","ping_status":"open","sticky":false,"template":"","format":"standard","meta":{"_exactmetrics_skip_tracking":false,"_exactmetrics_sitenote_active":false,"_exactmetrics_sitenote_note":"","_exactmetrics_sitenote_category":0,"footnotes":""},"categories":[583],"tags":[],"class_list":["post-4217","post","type-post","status-publish","format-standard","hentry","category-mein-kampf"],"_links":{"self":[{"href":"https:\/\/twincestblog.cz\/domains\/twincestblog.cz\/wp-json\/wp\/v2\/posts\/4217","targetHints":{"allow":["GET"]}}],"collection":[{"href":"https:\/\/twincestblog.cz\/domains\/twincestblog.cz\/wp-json\/wp\/v2\/posts"}],"about":[{"href":"https:\/\/twincestblog.cz\/domains\/twincestblog.cz\/wp-json\/wp\/v2\/types\/post"}],"author":[{"embeddable":true,"href":"https:\/\/twincestblog.cz\/domains\/twincestblog.cz\/wp-json\/wp\/v2\/users\/1"}],"replies":[{"embeddable":true,"href":"https:\/\/twincestblog.cz\/domains\/twincestblog.cz\/wp-json\/wp\/v2\/comments?post=4217"}],"version-history":[{"count":0,"href":"https:\/\/twincestblog.cz\/domains\/twincestblog.cz\/wp-json\/wp\/v2\/posts\/4217\/revisions"}],"wp:attachment":[{"href":"https:\/\/twincestblog.cz\/domains\/twincestblog.cz\/wp-json\/wp\/v2\/media?parent=4217"}],"wp:term":[{"taxonomy":"category","embeddable":true,"href":"https:\/\/twincestblog.cz\/domains\/twincestblog.cz\/wp-json\/wp\/v2\/categories?post=4217"},{"taxonomy":"post_tag","embeddable":true,"href":"https:\/\/twincestblog.cz\/domains\/twincestblog.cz\/wp-json\/wp\/v2\/tags?post=4217"}],"curies":[{"name":"wp","href":"https:\/\/api.w.org\/{rel}","templated":true}]}}