{"id":4230,"date":"2014-02-15T18:00:00","date_gmt":"2014-02-15T17:00:00","guid":{"rendered":"http:\/\/twincestblog.cz\/?p=4217"},"modified":"2014-02-15T18:00:00","modified_gmt":"2014-02-15T17:00:00","slug":"mein-kampf-2","status":"publish","type":"post","link":"https:\/\/twincestblog.cz\/domains\/twincestblog.cz\/2014\/02\/15\/mein-kampf-2\/","title":{"rendered":"Mein Kampf 2."},"content":{"rendered":"<div><strong>autor: Diet\u0159isko &amp; Kentaur<\/strong><\/div>\n<div><\/div>\n<div><strong> <\/strong><\/div>\n<div><strong> <\/strong><\/div>\n<div><img loading=\"lazy\" decoding=\"async\" width=\"650\" height=\"433\" src=\"http:\/\/twincestblog.cz\/wp-content\/uploads\/ce309aa46a_96917489_o2.jpg\" alt=\"\" \/><\/div>\n<div><strong> <\/strong><\/div>\n<div><strong> <\/strong><\/div>\n<div><\/div>\n<div style=\"text-align:justify\">Tom<\/p>\n<p>Druh\u00fd den n\u00e1s vzbudili v p\u011bt r\u00e1no. Museli jsme si rychle obl\u00e9knout a nastoupit k pr\u00e1ci. Jednotka m\u011bla za \u00fakol vydrhnout podlahu v cel\u00fdch kas\u00e1rn\u00e1ch. Co mi to jen p\u0159ipom\u00edn\u00e1? Ale popravd\u011b, \u010dekal jsem, \u017ee budu muset d\u011blat n\u011bco extra hnusn\u00e9ho. T\u0159eba se jen Billovi necht\u011blo nikam chodit, aby si mohl st\u011b\u017eovat. Teda vlastn\u011b Obergruppenf\u00fchrerovi. P\u0159ipadal jsem si divn\u011b. No co, stejn\u011b moje my\u0161lenky nikdo ne\u010dte. Snad\u2026<\/div>\n<div style=\"text-align:justify\">Vyfasoval jsem narezl\u00fd k\u00fdbl a hadr, kter\u00e1 smrd\u011bla snad na p\u011bt metr\u016f.<\/p>\n<p>&#8222;Nech\u00e1pu, pro\u010d zase vyt\u00edr\u00e1me podlahu,&#8220; zabru\u010del Gustav. &#8222;D\u011blali jsme to p\u0159edev\u010d\u00edrem\u2026&#8220;<\/div>\n<div style=\"text-align:justify\">&#8222;Asi se Obergruppenf\u00fchrer nud\u00ed. V\u010dera si tam psal n\u011bjak\u00fd dopisy,&#8220; prohodil jsem.<\/div>\n<div style=\"text-align:justify\">&#8222;Jak to v\u00ed\u0161?&#8220;<\/div>\n<div style=\"text-align:justify\">&#8222;Vyt\u00edral jsem mu za trest podlahu\u2026&#8220;<\/div>\n<div style=\"text-align:justify\">&#8222;Pro\u010d n\u00e1s nepo\u0161lou taky do v\u00e1lky? Abysme mohli br\u00e1nit svou vlast a ne tu drhnout zem jak n\u011bjak\u00fd \u017eensk\u00fd,&#8220; zavrt\u011bl hlavou jeden SS-Mann. Jmenoval se Hanz nebo tak n\u011bjak.<\/div>\n<hr \/>\n<div style=\"text-align:justify\">\n<p>V tu chv\u00edli kolem n\u00e1s pro\u0161el Andreas.<\/p><\/div>\n<div style=\"text-align:justify\">&#8222;Nemelu a meju!&#8220; zavr\u010del.<\/div>\n<div style=\"text-align:justify\">&#8222;No jo, aby ses ty nesed\u0159el,&#8220; uniklo mi.<\/div>\n<div style=\"text-align:justify\">&#8222;Tr\u00fcmpere!&#8220; Andreas\u016fv poskok Georg m\u011b vyt\u00e1hl na nohy. &#8222;Co jsi to \u0159\u00edkal?!&#8220;<\/div>\n<div style=\"text-align:justify\">&#8222;Ale nic,&#8220; zamumlal jsem.<\/div>\n<div style=\"text-align:justify\">&#8222;A\u017e to tady dod\u011bl\u00e1\u0161, stav se za Obergruppenf\u00fchrerem a on ti vymysl\u00ed n\u011bjak\u00fd lep\u0161\u00ed trest. Vypad\u00e1 to, \u017ee ses nepou\u010dil,&#8220; zasy\u010del Andreas jedovat\u011b.<\/div>\n<div style=\"text-align:justify\">&#8222;Ano, pane!&#8220; Spokojen\u011b se pousm\u00e1l a i s Georgem odkr\u00e1\u010del pry\u010d.<\/div>\n<div style=\"text-align:justify\">&#8222;\u017de rad\u0161i nedr\u017e\u00ed\u0161 hubu, k\u00e1mo,&#8220; zasm\u00e1l se Gustav.<\/div>\n<div style=\"text-align:justify\">&#8222;Nebudu jim tu d\u011blat cvi\u010denou opici.&#8220; Namo\u010dil jsem kus l\u00e1tky a mrskl ho na zem tak, \u017ee se a\u017e rozst\u0159\u00edkla voda.<\/div>\n<div style=\"text-align:justify\">Po dvou hodin\u00e1ch pr\u00e1ce jsme m\u011bli kone\u010dn\u011b hotovo. Ostatn\u00ed mohli j\u00edt na sn\u00eddani, ale m\u011b \u010dekala je\u0161t\u011b n\u00e1v\u0161t\u011bva Billa.<\/p>\n<p>Bill<em><\/p>\n<p>2. z\u00e1\u0159\u00ed 1939<\/em><\/div>\n<div style=\"text-align:justify\"><em>Berlin<\/em><\/div>\n<div style=\"text-align:justify\"><em>Liebes Tagebuch,<\/p>\n<p>dnes jsem sv\u016fj \u00fakol &#8211; vypl\u0148ov\u00e1n\u00ed nudn\u00fdch dokument\u016f o zadr\u017een\u00fdch nep\u0159\u00e1tel\u00edch na\u0161\u00ed milovan\u00e9 \u0158\u00ed\u0161e &#8211; hodil na n\u011bjak\u00e9ho provinil\u00e9ho SS-Manna. Mus\u00edm se p\u0159iznat, \u017ee mi to d\u011bl\u00e1 starosti &#8211; v Allgemeine nem\u016f\u017eou b\u00fdt zr\u00e1dci. My jsme spravedlnost, my jsme p\u0159ipraven\u00ed ob\u011btovat sv\u00e9 \u017eivoty pro blaho obyvatel t\u00e9to p\u0159ekr\u00e1sn\u00e9 zem\u011b. U\u017e p\u0159ich\u00e1z\u00ed &#8211; budu se mu muset v\u011bnovat, aby n\u011bco nezkazil.<\/p>\n<p><\/em><\/div>\n<div style=\"text-align:center\"><em>***<\/em><\/div>\n<div style=\"text-align:justify\"><em><\/p>\n<p>Jsem naprosto zmaten\u00fd. P\u0159ekvapen\u00fd a zara\u017een\u00fd. Ten neposlu\u0161n\u00fd SS-Mann nebyl nikdo jin\u00fd ne\u017e Tom Tr\u00fcmper.<\/em><\/div>\n<div style=\"text-align:justify\"><em>&#8222;Zase ty?&#8220; podivil jsem se.<\/em><\/div>\n<div style=\"text-align:justify\"><em>&#8222;Ano, pane,&#8220; zamumlal a rezignovan\u011b si sedl naproti mn\u011b ke stolu. V tu chv\u00edli m\u011b to cel\u00e9 znerv\u00f3znilo je\u0161t\u011b v\u00edc &#8211; jedn\u00e1 se jen o jednoho jedin\u00e9ho \u010dlov\u011bka, kter\u00fd m\u00e1 opakovan\u00e9 pr\u016f\u0161vihy. Brzy ho za to jist\u011b stihne trest. Ale pro\u010d m\u011b to v\u016fbec zaj\u00edm\u00e1?! Plevel se mus\u00ed vytrhat, \u0161p\u00edna uklidit\u2026 A j\u00e1 se zaj\u00edm\u00e1m o \u017eivot n\u011bkoho, kdo sabotuje na\u0161e pl\u00e1ny? Celou dobu jsem se choval divn\u011b. Nap\u0159\u00edklad jsem se zeptal:<\/em><\/div>\n<div style=\"text-align:justify\"><em>&#8222;Pro\u010d to d\u011bl\u00e1\u0161?&#8220;<\/em><\/div>\n<div style=\"text-align:justify\"><em>&#8222;Proto\u017ee chci,&#8220; za\u0161eptal a v\u011bnoval se sv\u00e9 pr\u00e1ci. Tedy vlastn\u011b m\u00e9 pr\u00e1ci, ale to je jedno.<\/em><\/div>\n<div style=\"text-align:justify\"><em>&#8222;Bude\u0161 m\u00edt probl\u00e9my,&#8220; zkou\u0161el jsem to d\u00e1l.<\/em><\/div>\n<div style=\"text-align:justify\"><em>&#8222;Hm\u2026&#8220; M\u011bl jsem pocit,  \u017ee ho to v\u016fbec nezaj\u00edm\u00e1. A nev\u011bd\u011bl jsem, pro\u010d to zaj\u00edm\u00e1 m\u011b.<\/em><\/div>\n<div style=\"text-align:justify\"><em>&#8222;P\u0159em\u00fd\u0161lej! V\u017edy\u0165 t\u011b m\u016f\u017eou potrestat daleko h\u016f\u0159\u2026!&#8220;<\/em><\/div>\n<div style=\"text-align:justify\"><em>&#8222;O co v\u00e1m jde?&#8220; zeptal se ti\u0161e.<\/em><\/div>\n<div style=\"text-align:justify\"><em>&#8222;Chci ti pomoct!&#8220; vyk\u0159ikl jsem. Pod\u00edval se na m\u011b a pak zase sklopil hlavu.<\/em><\/div>\n<div style=\"text-align:justify\"><em>&#8222;Jist\u011b,&#8220; vydechl. Potom jsme ml\u010deli. A j\u00e1 m\u00e1m strach. N\u011bco se se mnou d\u011bje\u2026 M\u011bly by brzy p\u0159ij\u00edt rozkazy, nebo se zbl\u00e1zn\u00edm.<\/p>\n<p><\/em> Tom<\/p>\n<p>Se zamy\u0161len\u00fdm v\u00fdrazem jsem opustil Billovu kancel\u00e1\u0159. Nech\u00e1pal jsem, o co se sna\u017eil. Pro\u010d se najednou tak staral o oby\u010dejn\u00e9ho voj\u00e1ka, jako jsem j\u00e1? Tohle bylo v\u00edc ne\u017e divn\u00e9.<\/div>\n<div style=\"text-align:justify\">Zeptal jsem se Hermanna, co m\u00e1m te\u010f d\u011blat, a dozv\u011bd\u011bl jsem se, \u017ee m\u00e1me p\u016fl hodiny pauzu. Aspo\u0148 \u017ee tak.<\/p>\n<p>Do\u0161el jsem do sv\u00e9ho krc\u00e1lku a rozvalil se na posteli. Cht\u011blo se mi hrozn\u011b sp\u00e1t. Ta pr\u00e1ce za trest m\u011b unudila. U\u017e i drhnut\u00ed podlahy byla v\u011bt\u0161\u00ed z\u00e1bava.<\/p>\n<p>Najednou p\u0159i\u0161el Gustav a hodil po mn\u011b such\u00fd tvrd\u00fd kraj\u00edc chleba.<\/div>\n<div style=\"text-align:justify\">&#8222;Tohle ti pos\u00edl\u00e1 Georg,&#8220; \u0159ekl s \u00fa\u0161klebkem.<\/div>\n<div style=\"text-align:justify\">&#8222;Fakt d\u00edk.&#8220; Ale chleba jsem si od n\u011bj vzal a hladov\u011b se do n\u011bj zakousl. P\u0159em\u00fd\u0161lel jsem, jestli by se o to daly vyl\u00e1mat zuby. Ur\u010dit\u011b by to \u0161lo, kdybych se sna\u017eil.<\/p>\n<p>Cel\u00fd zbytek dne jsem p\u0159em\u00fd\u0161lel o tom, co mi Bill \u0159ekl. Mo\u017en\u00e1 bych se mohl aspo\u0148 chv\u00edli sna\u017eit ned\u011blat probl\u00e9my. Nakonec jsem si jeho radu vzal k srdci. A tak uplynulo p\u011bt dn\u00ed bez toho, abych se jakkoliv provinil.<\/p>\n<p><strong>autor: Diet\u0159isko &amp; Kentaur<\/strong><\/div>\n<div style=\"text-align:justify\"><strong>betaread: J. :o)<\/strong><\/div>\n","protected":false},"excerpt":{"rendered":"<p>autor: Diet\u0159isko &amp; Kentaur Tom Druh\u00fd den n\u00e1s vzbudili v p\u011bt r\u00e1no. Museli jsme si rychle obl\u00e9knout a nastoupit k pr\u00e1ci. Jednotka m\u011bla za \u00fakol vydrhnout podlahu v cel\u00fdch kas\u00e1rn\u00e1ch. Co mi to jen p\u0159ipom\u00edn\u00e1? Ale popravd\u011b, \u010dekal jsem, \u017ee budu muset<\/p>\n<p class=\"link-more\"><a class=\"myButt \" href=\"https:\/\/twincestblog.cz\/domains\/twincestblog.cz\/2014\/02\/15\/mein-kampf-2\/\">Read More<\/a><\/p>\n","protected":false},"author":1,"featured_media":0,"comment_status":"open","ping_status":"open","sticky":false,"template":"","format":"standard","meta":{"_exactmetrics_skip_tracking":false,"_exactmetrics_sitenote_active":false,"_exactmetrics_sitenote_note":"","_exactmetrics_sitenote_category":0,"footnotes":""},"categories":[583],"tags":[],"class_list":["post-4230","post","type-post","status-publish","format-standard","hentry","category-mein-kampf"],"_links":{"self":[{"href":"https:\/\/twincestblog.cz\/domains\/twincestblog.cz\/wp-json\/wp\/v2\/posts\/4230","targetHints":{"allow":["GET"]}}],"collection":[{"href":"https:\/\/twincestblog.cz\/domains\/twincestblog.cz\/wp-json\/wp\/v2\/posts"}],"about":[{"href":"https:\/\/twincestblog.cz\/domains\/twincestblog.cz\/wp-json\/wp\/v2\/types\/post"}],"author":[{"embeddable":true,"href":"https:\/\/twincestblog.cz\/domains\/twincestblog.cz\/wp-json\/wp\/v2\/users\/1"}],"replies":[{"embeddable":true,"href":"https:\/\/twincestblog.cz\/domains\/twincestblog.cz\/wp-json\/wp\/v2\/comments?post=4230"}],"version-history":[{"count":0,"href":"https:\/\/twincestblog.cz\/domains\/twincestblog.cz\/wp-json\/wp\/v2\/posts\/4230\/revisions"}],"wp:attachment":[{"href":"https:\/\/twincestblog.cz\/domains\/twincestblog.cz\/wp-json\/wp\/v2\/media?parent=4230"}],"wp:term":[{"taxonomy":"category","embeddable":true,"href":"https:\/\/twincestblog.cz\/domains\/twincestblog.cz\/wp-json\/wp\/v2\/categories?post=4230"},{"taxonomy":"post_tag","embeddable":true,"href":"https:\/\/twincestblog.cz\/domains\/twincestblog.cz\/wp-json\/wp\/v2\/tags?post=4230"}],"curies":[{"name":"wp","href":"https:\/\/api.w.org\/{rel}","templated":true}]}}