{"id":428,"date":"2018-09-12T16:00:00","date_gmt":"2018-09-12T15:00:00","guid":{"rendered":"http:\/\/twincestblog.cz\/?p=423"},"modified":"2018-09-12T16:00:00","modified_gmt":"2018-09-12T15:00:00","slug":"lykara-ii-stern-18","status":"publish","type":"post","link":"https:\/\/twincestblog.cz\/domains\/twincestblog.cz\/2018\/09\/12\/lykara-ii-stern-18\/","title":{"rendered":"Lykara II Stern 18."},"content":{"rendered":"<div><strong>autor: Bitter<\/strong><\/div>\n<div><\/div>\n<div style=\"text-align:center\"><img loading=\"lazy\" decoding=\"async\" width=\"750\" height=\"500\" src=\"http:\/\/twincestblog.cz\/wp-content\/uploads\/57e7837915_104969930_o2.jpg\" alt=\"\" \/><\/div>\n<div><\/div>\n<div style=\"text-align:justify\">Po Trinov\u011b prohl\u00e1\u0161en\u00ed se od n\u011bj Tobias zmaten\u011b odt\u00e1hl a ot\u0159el si o\u010di h\u0159betem dlan\u011b. S vd\u011bkem p\u0159ijal od v\u00edlen\u00edka kapesn\u00edk a v\u0161iml si, \u017ee Trin u\u017e te\u010f vyt\u00e1hl obo\u010d\u00ed nahoru, jako kdyby p\u0159edem v\u011bd\u011bl, \u017ee jak se vysmrk\u00e1, znovu spust\u00ed n\u011bjak\u00e9 divadlo.<\/div>\n<div style=\"text-align:justify\">&#8222;Jak mysl\u00ed\u0161, \u017ee my nic d\u011blat nebudeme? Mus\u00edme ho naj\u00edt\u2026 Mus\u00edme\u2026&#8220;<\/div>\n<div style=\"text-align:justify\">&#8222;Mus\u00edme po\u010dkat na Toma. Tv\u016fj otec trp\u011blivost\u00ed nikdy moc nevynikal, a\u0165 \u0161lo o cokoliv, a zd\u00e1 se, \u017ee ohledn\u011b tebe u\u017e v\u016fbec ne, tak\u017ee je na cest\u011b sem. A aby bylo jasno, nezaj\u00edm\u00e1 m\u011b, jak dalece jsi na n\u011bj na\u0161tvan\u00fd, po\u010dk\u00e1me. A\u017e doraz\u00ed, uvid\u00ed se, co d\u00e1l. Nem\u011blo by mu to trvat dlouho. Podle Darii vyrazil dva dny po n\u00e1s. M\u00e1 s sebou dra\u010d\u00ed st\u00edn. I kdy\u017e l\u00e9t\u00e1n\u00ed nikdy nebylo jeho silnou str\u00e1nkou.&#8220; U\u0161kl\u00edbl se Trin<\/div>\n<div style=\"text-align:justify\">\n<p>&#8222;Ale my mus\u00edme pry\u010d\u2026 N\u011bkdo se mus\u00ed pod\u00edvat na Zany a\u2026 Jak v\u016fbec bude v\u011bd\u011bt, kde n\u00e1s najde?&#8220;<\/p><\/div>\n<div style=\"text-align:justify\">&#8222;Zanthia je u\u017e na cest\u011b dom\u016f.&#8220;<\/div>\n<div style=\"text-align:justify\">&#8222;Sama?&#8220;<\/div>\n<div style=\"text-align:justify\">&#8222;Ne. Hledali jsme v\u00e1s s celou jednotkou a Dariin\u00fdm st\u00ednem. Sledujeme v\u00e1s u\u017e t\u0159i dny. Hned jak jsem si byl jist\u00fd, \u017ee v\u00edme, kam jdete, nechal jsem st\u00edn zmizet, tak\u017ee Daria hned v\u011bd\u011bla, kde jste, a kdy\u017e to \u0159ekla tv\u00e9mu otci, vyrazil s\u00e1m. Dal\u0161\u00ed jej\u00ed st\u00edn n\u00e1s dostihl v\u010dera k r\u00e1nu se zpr\u00e1vou o Tomovi. Jednotku jsem poslal se Zanthi\u00ed a tady jsme jen my.&#8220; Dodal pobaven\u011b, kdy\u017e si v\u0161iml, jak Tobias p\u00e1tr\u00e1 po pokoji, kde by se kdo mohl schov\u00e1vat. Vlastn\u011b to nebyla tak \u00fapln\u011b pravda, ale to Tobias v\u011bd\u011bt nepot\u0159eboval, stejn\u011b jako Daria a Tom, \u017ee o tom, kde ti dva jsou, v\u011bd\u011bl p\u0159esn\u011b celou dobu.<\/div>\n<div style=\"text-align:justify\">Tobias chv\u00edli ml\u010del a Trin musel potla\u010dit nutk\u00e1n\u00ed si do n\u011bj r\u00fdpnout, jestli tohle je v\u0161echno, jestli nebude dal\u0161\u00ed sc\u00e9na nebo jestli nehodl\u00e1 ut\u00e9ct oknem hned, jak se oto\u010d\u00ed, aby nemusel \u010delit Tomovi.<\/div>\n<hr \/>\n<div style=\"text-align:justify\">Docela ho za\u010dalo zaj\u00edmat, co tak stra\u0161n\u00e9ho si ti dva ud\u011blali. Kdy\u017e byl mal\u00fd, Tom ho zbo\u017e\u0148oval, nepustil ho z o\u010d\u00ed, a i kdy\u017e se to nemuselo zd\u00e1t, visel na chlapci v\u00edc ne\u017e Bill.<\/div>\n<div style=\"text-align:justify\">Na druhou stranu, Bill byl ten, kdo mal\u00e9mu tenkr\u00e1t d\u00e1val hranice, jestli se tohle Tom nenau\u010dil a ten prcek je p\u0159ev\u00e1\u017en\u011b takov\u00e1 lesni\u010dka jako dote\u010f\u2026<\/div>\n<div style=\"text-align:justify\">&#8222;A kde vlastn\u011b jsme?&#8220; Prolomil ticho a Trin sebou cukl, jak se pono\u0159il do vlastn\u00edch my\u0161lenek.<\/div>\n<div style=\"text-align:justify\">&#8222;V t\u00e9 vesnici, kde jste se cht\u011bli schovat p\u016fvodn\u011b.&#8220;<\/div>\n<div style=\"text-align:justify\">&#8222;Ale temn\u00ed\u2026&#8220;<\/div>\n<div style=\"text-align:justify\">&#8222;Temn\u00ed se tu prohnali asi p\u0159ed hodinou.&#8220;<\/div>\n<div style=\"text-align:justify\">&#8222;Bill\u2026&#8220;<\/div>\n<div style=\"text-align:justify\">&#8222;Nebyl s nimi. Vypadalo to na podp\u016frnou jednotku. M\u011bl bys sp\u00e1t, z\u00edtra vesnici prohled\u00e1me, jestli se n\u00e1m nebude n\u011bco hodit.&#8220;<\/div>\n<div style=\"text-align:justify\">&#8222;Je taky pr\u00e1zdn\u00e1?&#8220; Trin jen k\u00fdvl, zvedl se z postele a nat\u00e1hl se pro skleni\u010dku.<\/div>\n<div style=\"text-align:justify\">&#8222;V\u0161ichni jsou v zimn\u00edm kraji, v lucernov\u00e9m lese na hranic\u00edch nebo u elf\u016f. Poda\u0159ilo se n\u00e1m alespo\u0148 tohle.&#8220; Vysv\u011btlil a dopil sklenici na jeden z\u00e1tah.<\/div>\n<div style=\"text-align:justify\">&#8222;To je fajn\u2026&#8220; Pousm\u00e1l se Tobias, proto\u017ee na ot\u00e1zku, kde v\u0161ichni jsou, se b\u00e1l zeptat u\u017e Zanthie. D\u011bsil se, \u017ee by dostal tu nejhor\u0161\u00ed mo\u017enou odpov\u011b\u010f &#8211; mrtv\u00ed.<\/div>\n<div style=\"text-align:justify\">\n<p>&#8222;Fajn by bylo, kdyby k tomu nikdy nedo\u0161lo.&#8220; Poznamenal jen Trin a lehl si na postel u druh\u00e9 st\u011bny. Tobias jen n\u011bco nesrozumiteln\u011b zamumlal a on si na dlani vyvolal drobn\u00e1 sv\u011bt\u00fdlka, kter\u00e1 pou\u017e\u00edval k ochran\u011b pal\u00e1ce. Tahle dohl\u00ed\u017eela na d\u016fm, ve kter\u00e9m byli, a na okol\u00ed. Dv\u011b z\u00e1\u0159ila rud\u011b. Spokojen\u011b se pousm\u00e1l a dla\u0148 zav\u0159el d\u0159\u00edv, ne\u017e by si sv\u011bt\u00fdlek mohl Tobias v\u0161imnout.<\/p><\/div>\n<div style=\"text-align:justify\">Ne, Bill opravdu nebyl s jednotkou st\u00edn\u016f, kter\u00e1 pr\u00e1v\u011b t\u00e1hla na oslaben\u00fd pal\u00e1c, byl p\u0159\u00edmo u nich a Trin u\u017e d\u00e1vno nebyl t\u00edm nezku\u0161en\u00fdm chlapcem, kter\u00fd nedok\u00e1zal rozeznat ticho opu\u0161t\u011bn\u00e9 vesnice od ticha, je\u017e nastane, kdy\u017e je pobl\u00ed\u017e pred\u00e1tor.<\/div>\n<div style=\"text-align:justify\">Lehk\u00fd v\u00edtr rozh\u00fdbal okenici a dokonale zakryl tich\u00e9 otev\u0159en\u00ed a zav\u0159en\u00ed dve\u0159\u00ed domu.<\/div>\n<div style=\"text-align:justify\">Trin se p\u0159evalil na z\u00e1da, pohledem je\u0161t\u011b zkontroloval Tobiase a za chv\u00edli usnul.<\/div>\n<div style=\"text-align:justify\">Ze sp\u00e1nku ho vytrhl letm\u00fd dotek na rameni. Ve vte\u0159in\u011b m\u00ed\u0159il d\u00fdkou na krk st\u00ednu. St\u00edn se u\u0161kl\u00edbl a nazna\u010dil mu gestem, \u017ee po\u010dk\u00e1 venku. Trin jen k\u00fdvl, vr\u00e1til d\u00fdku pod pol\u0161t\u00e1\u0159 a vylovil z kapsy v\u00e1\u010dek s nar\u016f\u017eov\u011bl\u00fdm pr\u00e1\u0161kem. Ti\u0161e do\u0161el k Tobiasov\u011b posteli a foukl mu tro\u0161ku do obli\u010deje. Rozhodn\u011b nehodlal riskovat, aby se Tobias vzbudil a nachytal ho p\u0159i sch\u016fzce s Lalitin\u00fdm st\u00ednem.<\/div>\n<div style=\"text-align:justify\">\n<p>&#8222;Valren ztr\u00e1c\u00ed trp\u011blivost. Ta jeho ope\u0159en\u00e1 bestie se u\u017e vr\u00e1tila a k jeho p\u0159ekvapen\u00ed bez Billa. Zat\u00edm v\u011b\u0159\u00ed, \u017ee Bill prince zabil, a chyst\u00e1 se i na kr\u00e1le, i kdy\u017e se m\u011bl vr\u00e1tit. Tom u\u017e je dost daleko a Darie se ne\u010dekan\u011b p\u0159it\u00ed\u017eilo. Odpoledne opustila pal\u00e1c.&#8220; Spustil st\u00edn bez pozdravu a Trin k\u00fdvl.<\/p><\/div>\n<div style=\"text-align:justify\">&#8222;To s Dariou se mi nel\u00edb\u00ed. Jestli na to Skay p\u0159ijde\u2026&#8220;<\/div>\n<div style=\"text-align:justify\">&#8222;Tak s t\u00edm stejn\u011b nic neud\u011bl\u00e1. Je to m\u00e1 dcera a jin\u00fd zp\u016fsob, jak ji dr\u017eet d\u00e1l, nen\u00ed. To v\u00edme oba.&#8220;<\/div>\n<div style=\"text-align:justify\">&#8222;Je tam je\u0161t\u011b n\u011bkdo?&#8220;<\/div>\n<div style=\"text-align:justify\">&#8222;Jen st\u00edny o Darii a tv\u00e1 jednotka. P\u0159\u00edstavn\u00ed jsou pry\u010d a jednotce na vyst\u0159\u00edd\u00e1n\u00ed zat\u00edm nikdo nedal rozkaz\u2026 Valrenova jednotka by m\u011bla dorazit z\u00edtra b\u011bhem noci.&#8220;<\/div>\n<div style=\"text-align:justify\">&#8222;Dob\u0159e\u2026 Odvolej v\u00edly do kas\u00e1ren. A\u017e pal\u00e1c padne, u\u017e se nebude moct nikdo dostat pry\u010d.&#8220;<\/div>\n<div style=\"text-align:justify\">\n<p>&#8222;Princ st\u00e1le nev\u00ed nic o sv\u00e9 moci?&#8220;<\/p><\/div>\n<div style=\"text-align:justify\">&#8222;Zat\u00edm trv\u00e1 na tom, \u017ee nezasahoval, ale t\u00edm sp\u00ed\u0161 se nesm\u00ed dostat dom\u016f.&#8220; Potvrdil j\u00ed a mimod\u011bk se ohl\u00e9dl sm\u011brem k oknu do lo\u017enice.<\/div>\n<div style=\"text-align:justify\">&#8222;Hlavn\u011b si d\u00e1vej pozor. Kdyby na to p\u0159i\u0161el\u2026 nebo Tom\u2026 bylo by po v\u0161em.&#8220;<\/div>\n<div style=\"text-align:justify\">&#8222;Ti dva jsou a\u017e moc zahled\u011bn\u00ed do sporu, co maj mezi sebou. Ani jeden nen\u00ed schopn\u00fd odpoutat se od sv\u00e9ho ega. Oni probl\u00e9m nejsou.&#8220;<\/div>\n<div style=\"text-align:justify\">&#8222;V tom p\u0159\u00edpad\u011b u\u017e se mus\u00ed\u0161 b\u00e1t jen Billa. Oba jsme vid\u011bli, jak p\u0159i pohledu na n\u011bj zav\u00e1hal, a te\u010f se \u017eene za Tomem pro odpov\u011bdi. A\u017e si vzpomene\u2026&#8220;<\/div>\n<div style=\"text-align:justify\">&#8222;Tak bude \u0161t\u011bst\u00edm bez sebe, \u017ee m\u00e1 syna a Toma zase u sebe, a ud\u011bl\u00e1 v\u0161e, aby je udr\u017eel v bezpe\u010d\u00ed. V klukov\u011b p\u0159\u00edtomnosti mu to nikdy nemyslelo jasn\u011b. Nen\u00ed pro\u010d si d\u011blat obavy.&#8220;<\/div>\n<div style=\"text-align:justify\">&#8222;V to doufej. Jestli p\u0159ijde na to, jak si s jeho synem hrajeme, a co ho \u010dek\u00e1, zabije t\u011b.&#8220;<\/div>\n<div style=\"text-align:justify\">&#8222;O to si ned\u011blej starosti. Postarej se, a\u0165 pal\u00e1c padne, ale a\u0165 si Valren nev\u0161imne, jak lehk\u00e9 to bylo.&#8220; Varoval j\u00ed a bez dal\u0161\u00edho pohledu na st\u00edn se vr\u00e1til do lo\u017enice. Na sv\u011bt\u00fdlk\u00e1ch zkontroloval, \u017ee st\u00edn zmizel, a zad\u00edval se na sp\u00edc\u00edho chlapce.<\/div>\n<div style=\"text-align:justify\">\n<p>Bylo zvl\u00e1\u0161tn\u00ed jak m\u00e1lo a z\u00e1rove\u0148 moc se Billovi a Tomovi podobal. V jednu chv\u00edli vid\u011bl Billovu bojovnost a rozhodnost, ale Tomova impulzivnost jako by v\u017edycky zabila v\u0161e, co by za to st\u00e1lo, a ten chud\u00e1k se v tom pl\u00e1cal a\u017e po u\u0161i.<\/p><\/div>\n<div style=\"text-align:justify\">&#8222;M\u011bla by si sp\u00ed\u0161 d\u011blat starosti, abysme se nepozab\u00edjeli my dva\u2026&#8220; Zahu\u010del a narovnal chlapci p\u0159ikr\u00fdvku.<\/div>\n<div style=\"text-align:justify\"><em><\/p>\n<p>&#8222;Chci ps\u00e1t o n\u011bjak\u00fdm padouchovi.&#8220;<\/em><\/div>\n<div style=\"text-align:justify\"><em>&#8222;A pro\u010d nep\u00ed\u0161e\u0161?&#8220;<\/em><\/div>\n<div style=\"text-align:justify\"><em>&#8222;Proto\u017ee to m\u00e1 bejt poh\u00e1dka. Dobro poraz\u00ed zlo.&#8220;<\/em><\/div>\n<div style=\"text-align:justify\"><em>&#8222;No a co hrdina, co je na za\u010d\u00e1tku padouch, proto\u017ee nev\u00ed, \u017ee je hrdina? Ztr\u00e1ta pam\u011bti t\u0159eba?&#8220;<\/em><\/div>\n<div style=\"text-align:justify\"><a name=\"_GoBack\"><\/a><\/p>\n<p>Tobias se prudce posadil na posteli a div se nep\u0159erazil o p\u0159ikr\u00fdvku, ve kter\u00e9 byl zamotan\u00fd.<\/p><\/div>\n<div style=\"text-align:justify\">&#8222;Sakra\u2026 doprdele\u2026 Trine!&#8220; K\u0159ikl, nasadil si boty a vyb\u011bhl p\u0159ed domek. S v\u00edlen\u00edkem se srazil ve dve\u0159\u00edch.<\/div>\n<div style=\"text-align:justify\">&#8222;Co se d\u011bje? St\u00edny?&#8220;<\/div>\n<div style=\"text-align:justify\">&#8222;Ne, m\u011bl jsi pravdu. J\u00e1 to napsal. Trine, napsal jsem to. Proto si Bill nevzpom\u00edn\u00e1. To ta poh\u00e1dka.&#8220; Vychrlil na n\u011bj, a\u017e m\u011bl Trin co d\u011blat, aby jednotliv\u00e1 slova rozli\u0161il.<\/div>\n<div style=\"text-align:justify\">&#8222;Mus\u00edm dom\u016f, jen to p\u0159ep\u00ed\u0161u a bude to. Trine\u2026  M\u016f\u017eu to v\u0161echno zastavit.&#8220;<\/p>\n<p><strong>autor: Bitter<\/strong><\/div>\n<div style=\"text-align:justify\"><strong>betaread: J. :o)<\/strong><\/div>\n","protected":false},"excerpt":{"rendered":"<p>autor: Bitter Po Trinov\u011b prohl\u00e1\u0161en\u00ed se od n\u011bj Tobias zmaten\u011b odt\u00e1hl a ot\u0159el si o\u010di h\u0159betem dlan\u011b. S vd\u011bkem p\u0159ijal od v\u00edlen\u00edka kapesn\u00edk a v\u0161iml si, \u017ee Trin u\u017e te\u010f vyt\u00e1hl obo\u010d\u00ed nahoru, jako kdyby p\u0159edem v\u011bd\u011bl, \u017ee jak se vysmrk\u00e1, znovu<\/p>\n<p class=\"link-more\"><a class=\"myButt \" href=\"https:\/\/twincestblog.cz\/domains\/twincestblog.cz\/2018\/09\/12\/lykara-ii-stern-18\/\">Read More<\/a><\/p>\n","protected":false},"author":1,"featured_media":0,"comment_status":"open","ping_status":"open","sticky":false,"template":"","format":"standard","meta":{"_exactmetrics_skip_tracking":false,"_exactmetrics_sitenote_active":false,"_exactmetrics_sitenote_note":"","_exactmetrics_sitenote_category":0,"footnotes":""},"categories":[699],"tags":[],"class_list":["post-428","post","type-post","status-publish","format-standard","hentry","category-lykara-ii-stern"],"_links":{"self":[{"href":"https:\/\/twincestblog.cz\/domains\/twincestblog.cz\/wp-json\/wp\/v2\/posts\/428","targetHints":{"allow":["GET"]}}],"collection":[{"href":"https:\/\/twincestblog.cz\/domains\/twincestblog.cz\/wp-json\/wp\/v2\/posts"}],"about":[{"href":"https:\/\/twincestblog.cz\/domains\/twincestblog.cz\/wp-json\/wp\/v2\/types\/post"}],"author":[{"embeddable":true,"href":"https:\/\/twincestblog.cz\/domains\/twincestblog.cz\/wp-json\/wp\/v2\/users\/1"}],"replies":[{"embeddable":true,"href":"https:\/\/twincestblog.cz\/domains\/twincestblog.cz\/wp-json\/wp\/v2\/comments?post=428"}],"version-history":[{"count":0,"href":"https:\/\/twincestblog.cz\/domains\/twincestblog.cz\/wp-json\/wp\/v2\/posts\/428\/revisions"}],"wp:attachment":[{"href":"https:\/\/twincestblog.cz\/domains\/twincestblog.cz\/wp-json\/wp\/v2\/media?parent=428"}],"wp:term":[{"taxonomy":"category","embeddable":true,"href":"https:\/\/twincestblog.cz\/domains\/twincestblog.cz\/wp-json\/wp\/v2\/categories?post=428"},{"taxonomy":"post_tag","embeddable":true,"href":"https:\/\/twincestblog.cz\/domains\/twincestblog.cz\/wp-json\/wp\/v2\/tags?post=428"}],"curies":[{"name":"wp","href":"https:\/\/api.w.org\/{rel}","templated":true}]}}