{"id":4922,"date":"2013-06-22T16:00:00","date_gmt":"2013-06-22T15:00:00","guid":{"rendered":"http:\/\/twincestblog.cz\/?p=4907"},"modified":"2013-06-22T16:00:00","modified_gmt":"2013-06-22T15:00:00","slug":"insecure-ii-novy-domov-novy-zacatek-14","status":"publish","type":"post","link":"https:\/\/twincestblog.cz\/domains\/twincestblog.cz\/2013\/06\/22\/insecure-ii-novy-domov-novy-zacatek-14\/","title":{"rendered":"Insecure II \u2013 Nov\u00fd domov, nov\u00fd za\u010d\u00e1tek 14."},"content":{"rendered":"<div><\/div>\n<div style=\"text-align:center\"><a href=\"http:\/\/bit.ly\/14FMGU7\"><strong>\u010d\u00edst cel\u00e9<\/strong><\/a><\/div>\n<div style=\"text-align:center\"><strong><br \/><\/strong><\/div>\n<div style=\"text-align:center\"><strong><a href=\"http:\/\/bit.ly\/14FMGU7+\" target=\"_blank\" rel=\"noopener noreferrer\">statistika<\/a><br \/><\/strong><\/div>\n<div style=\"text-align:justify\"><strong>autor: Wind<\/p>\n<p><\/strong> <em>Mo\u017en\u00e1 u\u017e je \u010das na mal\u00e9 popostr\u010den\u00ed, nemysl\u00edte? Ho\u0161i doraz\u00ed na m\u00edsto\u2026 a m\u016fj pl\u00e1n na ukon\u010den\u00ed se za\u010d\u00edn\u00e1 rozj\u00ed\u017ed\u011bt. Tak p\u0159eju p\u0159\u00edjemn\u00e9 po\u010dten\u00ed a pros\u00edm, zanechte mi tu n\u011bjak\u00fd ten koment\u00e1\u0159. L\u00edp se mi pak p\u00ed\u0161e, kdy\u017e si je \u010dtu. \u010c\u00edm v\u00edc, t\u00edm l\u00edp \ud83d\ude09<\/em><\/div>\n<div style=\"text-align:justify\"><em>Va\u0161e, Wind<\/p>\n<p><\/em> <strong>Bill<\/strong><\/p>\n<p>Cesta autem byla\u2026 hrozn\u00e1. A nenar\u00e1\u017e\u00edm jen na p\u0159esezen\u00fd zadek. Sed\u011bl jsem vedle Toma. V\u016fbec jsem nem\u011bl pon\u011bt\u00ed, jak se m\u00e1m chovat, co d\u011blat, co \u0159\u00edkat\u2026 jestli v\u016fbec n\u011bco. Up\u0159\u00edmn\u011b\u2026 v jeho t\u011bsn\u00e9 bl\u00edzkosti se mi st\u00e1le vracely vzpom\u00ednky na to, co jsem s n\u00edm za\u017eil. K jeho sm\u016fle, v\u011bt\u0161inou to byly na\u0161e posledn\u00ed chv\u00edle str\u00e1ven\u00e9 spolu. Nutilo m\u011b to sebou cuknout p\u0159i ka\u017ed\u00e9m jeho pohybu. Rad\u0161i jsem zav\u0159el o\u010di a pokusil se usnout. Na\u0161t\u011bst\u00ed se to poda\u0159ilo.<\/p>\n<p>&#8222;Wille, vst\u00e1vej a obl\u00edkni se. Vj\u00ed\u017ed\u00edme do horsk\u00fdho p\u00e1sma.&#8220; Kdy\u017e jsem otev\u0159el o\u010di, vid\u011bl jsem Boba. Pravou rukou se mnou t\u0159\u00e1sl, zat\u00edmco v lev\u00e9 dr\u017eel m\u016fj batoh s v\u011bcmi. Rozespale jsem vylezl z auta a za\u010dal hledat v batohu teplej\u0161\u00ed oble\u010den\u00ed. Zrak mi bezd\u011b\u010dn\u011b utkv\u011bl na Tomovi. V\u0161ichni jsme se p\u0159ipravili na opravdovou zimu, ale on m\u011bl jen bundu, kterou bych si vzal v N\u011bmecku na podzim. Ostatn\u00ed si toho taky v\u0161imli.<\/p>\n<p>&#8222;Tome\u2026 nebude ti zima? Tam kam jedeme, je opravdu kosa. Jestli ti Georg nedal teplou-&#8222;<\/div>\n<div style=\"text-align:justify\">&#8222;Ne, to je dobr\u00fd, Drew. Tohle mi bude sta\u010dit, od narozen\u00ed m\u00e1m vy\u0161\u0161\u00ed t\u011blesnou teplotu. Ale kdyby n\u011bco, \u0159eknu ti.&#8220; Cht\u011bl jsem utrousit n\u011bjakou u\u0161t\u011bpa\u010dnou pozn\u00e1mku, ale nakonec jsem si to odpustil. M\u00e1m s n\u00edm splnit \u00fakol. Nechci se handrkovat hned prvn\u00ed den. Ale sarkastick\u00fd \u00fa\u0161klebek mi unikl.<\/div>\n<hr \/>\n<div style=\"text-align:justify\">\n<p><strong>Tom<\/p>\n<p><\/strong> Nemohl jsem si nev\u0161imnout Billova v\u00fdrazu po tom, co se m\u011b Drew zeptal na bundu. Bylo mi jasn\u00e9, \u017ee chce n\u011bco \u0159\u00edct, ale neud\u011blal to. Na jednu stranu jsem byl r\u00e1d, ale na druhou\u2026 nest\u00e1l jsem mu ani za posm\u011bch. Up\u0159\u00edmn\u011b? Bol\u00ed to. Mo\u017en\u00e1 byla blbost sem jezdit. Mo\u017en\u00e1 jsem m\u011bl odm\u00edtnout\u2026 mo\u017en\u00e1 jsem si na za\u010d\u00e1tku myslel, \u017ee by se tady mohlo n\u011bco spravit, ale te\u010f\u2026 siln\u011b o tom pochybuji. Jasn\u011b na n\u011bm m\u016f\u017eu vid\u011bt, jak se d\u011bs\u00ed ka\u017ed\u00e9ho prud\u0161\u00edho pohybu. J\u00e1 jsem tady zv\u00ed\u0159e. J\u00e1 bych m\u011bl v\u016f\u010di lidem poci\u0165ovat strach a kontrolovat ka\u017ed\u00fd pohyb. Ale\u2026 asi se mu v\u00e1\u017en\u011b nediv\u00edm. Zp\u016fsobil jsem mu tolik bolesti a on ji nen\u00ed schopen zvl\u00e1dnout.<\/p>\n<p>Po n\u011bkolika dal\u0161\u00edch hodin\u00e1ch jsme kone\u010dn\u011b dojeli na m\u00edsto. Museli jsme cestou nasazovat \u0159et\u011bzy a jednou dokonce vyhrab\u00e1vat zapadl\u00e9 auto. Kde se tady sakra bere tolik sn\u011bhu?! C\u00edlem byl srub v hor\u00e1ch. Pravda, byla tu zima jak v Rusku, ale\u2026 j\u00e1 jsem schopn\u00fd si svoje teplo udr\u017eet i tady.<\/p>\n<p>&#8222;Tome, Wille, jd\u011bte ven pro d\u0159evo, mus\u00edme si tu zatopit, jinak z n\u00e1s budou rampouchy.&#8220; Zavelel Bob. Z toho chlapa jde v\u00e1\u017en\u011b respekt. Bill se na n\u011bj rychle oto\u010dil a nadechl, asi \u017ee n\u011bco nam\u00edtne, ale neud\u011blal to.<\/div>\n<div style=\"text-align:justify\">&#8222;Jasn\u011b\u2026 jdeme\u2026 Tome.&#8220; Asi v\u00e1hal, jestli m\u011b oslov\u00ed nebo ne, ale\u2026 ani nev\u00edte, jak jsem byl \u0161\u0165astn\u00fd, \u017ee z jeho \u00fast sly\u0161\u00edm svoje jm\u00e9no. Od na\u0161eho prvn\u00edho setk\u00e1n\u00ed mi pomalu nev\u011bnoval ani letm\u00fd pohled, nato\u017e osloven\u00ed. Zah\u0159\u00e1lo m\u011b u srdce, ale musel jsem z\u016fstat nohama na zemi. Tohle je\u0161t\u011b neznamen\u00e1, \u017ee bude vst\u0159\u00edcn\u011bj\u0161\u00ed.<\/p>\n<p>Vy\u0161li jsme ven. Zase za\u010d\u00ednalo sn\u011b\u017eit.<\/div>\n<div style=\"text-align:justify\">&#8222;Kde je d\u0159evo?&#8220; zeptal jsem se.<\/div>\n<div style=\"text-align:justify\">&#8222;Mus\u00edme doj\u00edt pro sou\u0161ku,&#8220; \u0159ekl Bill. V mal\u00e9 k\u016flni\u010dce pod d\u0159ev\u011bn\u00fdmi schody jsme si vzali sekyru a pilu a \u0161li do lesa hned vedle srubu. \u0160li jsme asi deset minut, b\u011bhem kter\u00fdch nepadlo jedin\u00e9 slovo. To ticho bylo opravdu nep\u0159\u00edjemn\u011b t\u00ed\u017eiv\u00e9. Sn\u00edh n\u00e1m k\u0159upal pod nohama a od \u00fast \u0161ly obl\u00e1\u010dky p\u00e1ry.<\/p>\n<p>Pod\u00edval jsem se na Billovu tv\u00e1\u0159. V \u010depici jsem ho nikdy nevid\u011bl. Byl roztomil\u00fd. Tv\u00e1\u0159e a \u0161pi\u010dku nosu m\u011bl \u010derven\u00e9 od chladu a rty se mu jemn\u011b t\u0159\u00e1sly. C\u00edtil jsem nutk\u00e1n\u00ed ty dva m\u011bkk\u00e9 pol\u0161t\u00e1\u0159ky zah\u0159\u00e1t. Jak jinak ne\u017e vrouc\u00edm polibkem. Ale to by se asi Billovi nel\u00edbilo. U\u017e takhle mu muselo vadit, \u017ee jdu s n\u00edm.<\/div>\n<div style=\"text-align:justify\">&#8222;Bille\u2026&#8220; vylekan\u011b sebou \u0161kubnul. Jak by ne. Celou cestu byl napnut\u00fd jak struna.<\/div>\n<div style=\"text-align:justify\">&#8222;Bille\u2026 j\u00e1 u\u017e nejsem stejn\u00fd jako tehdy. Zm\u011bnil jsem se. Nemus\u00ed\u0161 se m\u011b b\u00e1t.&#8220;<\/div>\n<div style=\"text-align:justify\">Bill se trpce usm\u00e1l.<\/div>\n<div style=\"text-align:justify\">&#8222;Jo\u2026 to jsi \u0159\u00edkal i tehdy. Taky jsi sl\u00edbil, \u017ee mi nikdy neubl\u00ed\u017e\u00ed\u0161.&#8220; Zastavil se u sou\u0161ky.<\/div>\n<div style=\"text-align:justify\">&#8222;Bille\u2026 j\u00e1-&#8222;<\/div>\n<div style=\"text-align:justify\">&#8222;Nic ne\u0159\u00edkej. M\u00e1me tu pr\u00e1ci. Chci se co nejd\u0159\u00edv vr\u00e1tit.&#8220;<\/p>\n<p>\u00dasta mi opustil smutn\u00fd povzdech, kter\u00fd se na vzduchu ihned zm\u011bnil v obl\u00e1\u010dek p\u00e1ry. Dal jsem se tedy do pr\u00e1ce. Spolu s Billem jsme porazili celkem p\u011bknou sou\u0161ku. Nemluvil jsem. Nemohl jsem p\u0159ehl\u00e9dnout drobn\u00e9 slzi\u010dky v jeho o\u010d\u00edch. Z mrazu? Nev\u011bd\u011bl jsem, jestli je\u0161t\u011b m\u016f\u017eu n\u011bco \u0159\u00edct, ale\u2026 t\u0159eba alespo\u0148 trochu takhle Billovi dok\u00e1\u017eu, \u017ee jsem se zm\u011bnil. \u017de u\u017e ze m\u011b nemus\u00ed m\u00edt strach. Ned\u011blal jsem \u017e\u00e1dn\u00fd prudk\u00fd ne\u010dekan\u00fd pohyb, abych no ned\u011bsil je\u0161t\u011b v\u00edc, ne\u017e u\u017e byl. Je mo\u017en\u00e9, \u017ee ho Bob poslal se mnou proto, \u017ee si v\u0161iml t\u00e9 t\u00ed\u017eiv\u00e9 atmosf\u00e9ry kolem n\u00e1s? To asi ne. Ale\u2026 p\u0159\u00edle\u017eitost to byla dobr\u00e1.<\/p>\n<p><strong>Bill<\/p>\n<p><\/strong> M\u011bl jsem strach. Kdy\u017e Bob \u0159ekl, \u017ee m\u00e1m j\u00edt s Tomem na d\u0159evo j\u00e1, na chv\u00edli se mi zastavila krev. Nem\u016f\u017eu si pomoct. Po\u0159\u00e1d Tomovi nev\u011b\u0159\u00edm a m\u00e1m strach. Ale\u2026 zd\u00e1 se klidn\u011bj\u0161\u00ed. Za tu dobu, co p\u0159ijel do na\u0161eho t\u00e1bora, se nic nestalo. Chci v\u011b\u0159it, \u017ee u\u017e je jin\u00fd, ale\u2026 kdykoli ho vid\u00edm, vzpomenu si na Sally a na to, co se p\u0159ed t\u0159emi lety stalo. Nen\u00ed lehk\u00e9 sn\u00e1\u0161et jeho p\u0159\u00edtomnost v klidu. I kdy\u017e\u2026 mus\u00edm uznat, \u017ee se sna\u017e\u00ed m\u011b o jeho zm\u011bn\u011b p\u0159esv\u011bd\u010dit. Mo\u017en\u00e1\u2026 by bylo v\u0161echno o moc jednodu\u0161\u0161\u00ed, kdybych\u2026 kdybych ho prost\u011b dok\u00e1zal jenom nen\u00e1vid\u011bt. Jen\u017ee to nejde. Tom <em>byl<\/em> a nejsp\u00ed\u0161 je\u0161t\u011b st\u00e1le <em>je<\/em> moje prvn\u00ed a nejv\u011bt\u0161\u00ed l\u00e1ska. Zn\u00e1te to p\u0159\u00edslov\u00ed, \u017ee prvn\u00ed l\u00e1ska je los, kter\u00fd nikdy nevyhr\u00e1v\u00e1, ale nikdy na ni nezapomenete? Asi je to pravda. Poka\u017ed\u00e9, kdy\u017e ho vid\u00edm, bol\u00ed m\u011b srdce, ale dvoj\u00edm zp\u016fsobem. Jednou strachem, podruh\u00e9\u2026 \u010d\u00edm? L\u00edtost\u00ed? Smutkem? Nebo\u2026 l\u00e1skou?<\/p>\n<p><strong>autor: Wind<\/strong><\/div>\n<div style=\"text-align:justify\"><strong>betaread: J. :o)<\/strong><\/div>\n","protected":false},"excerpt":{"rendered":"<p>\u010d\u00edst cel\u00e9 statistika autor: Wind Mo\u017en\u00e1 u\u017e je \u010das na mal\u00e9 popostr\u010den\u00ed, nemysl\u00edte? Ho\u0161i doraz\u00ed na m\u00edsto\u2026 a m\u016fj pl\u00e1n na ukon\u010den\u00ed se za\u010d\u00edn\u00e1 rozj\u00ed\u017ed\u011bt. Tak p\u0159eju p\u0159\u00edjemn\u00e9 po\u010dten\u00ed a pros\u00edm, zanechte mi tu n\u011bjak\u00fd ten koment\u00e1\u0159. L\u00edp se mi pak p\u00ed\u0161e,<\/p>\n<p class=\"link-more\"><a class=\"myButt \" href=\"https:\/\/twincestblog.cz\/domains\/twincestblog.cz\/2013\/06\/22\/insecure-ii-novy-domov-novy-zacatek-14\/\">Read More<\/a><\/p>\n","protected":false},"author":1,"featured_media":0,"comment_status":"open","ping_status":"open","sticky":false,"template":"","format":"standard","meta":{"_exactmetrics_skip_tracking":false,"_exactmetrics_sitenote_active":false,"_exactmetrics_sitenote_note":"","_exactmetrics_sitenote_category":0,"footnotes":""},"categories":[553],"tags":[],"class_list":["post-4922","post","type-post","status-publish","format-standard","hentry","category-insecure-ii-novy-domov-novy-zacatek"],"_links":{"self":[{"href":"https:\/\/twincestblog.cz\/domains\/twincestblog.cz\/wp-json\/wp\/v2\/posts\/4922","targetHints":{"allow":["GET"]}}],"collection":[{"href":"https:\/\/twincestblog.cz\/domains\/twincestblog.cz\/wp-json\/wp\/v2\/posts"}],"about":[{"href":"https:\/\/twincestblog.cz\/domains\/twincestblog.cz\/wp-json\/wp\/v2\/types\/post"}],"author":[{"embeddable":true,"href":"https:\/\/twincestblog.cz\/domains\/twincestblog.cz\/wp-json\/wp\/v2\/users\/1"}],"replies":[{"embeddable":true,"href":"https:\/\/twincestblog.cz\/domains\/twincestblog.cz\/wp-json\/wp\/v2\/comments?post=4922"}],"version-history":[{"count":0,"href":"https:\/\/twincestblog.cz\/domains\/twincestblog.cz\/wp-json\/wp\/v2\/posts\/4922\/revisions"}],"wp:attachment":[{"href":"https:\/\/twincestblog.cz\/domains\/twincestblog.cz\/wp-json\/wp\/v2\/media?parent=4922"}],"wp:term":[{"taxonomy":"category","embeddable":true,"href":"https:\/\/twincestblog.cz\/domains\/twincestblog.cz\/wp-json\/wp\/v2\/categories?post=4922"},{"taxonomy":"post_tag","embeddable":true,"href":"https:\/\/twincestblog.cz\/domains\/twincestblog.cz\/wp-json\/wp\/v2\/tags?post=4922"}],"curies":[{"name":"wp","href":"https:\/\/api.w.org\/{rel}","templated":true}]}}