{"id":4942,"date":"2013-06-14T17:00:00","date_gmt":"2013-06-14T16:00:00","guid":{"rendered":"http:\/\/twincestblog.cz\/?p=4927"},"modified":"2013-06-14T17:00:00","modified_gmt":"2013-06-14T16:00:00","slug":"insecure-ii-novy-domov-novy-zacatek-11","status":"publish","type":"post","link":"https:\/\/twincestblog.cz\/domains\/twincestblog.cz\/2013\/06\/14\/insecure-ii-novy-domov-novy-zacatek-11\/","title":{"rendered":"Insecure II \u2013 Nov\u00fd domov, nov\u00fd za\u010d\u00e1tek 11."},"content":{"rendered":"<div><\/div>\n<div style=\"text-align:center\"><strong>\u010d\u00edst cel\u00e9: <\/strong> <a href=\"http:\/\/bit.ly\/11mjxYw\">http:\/\/bit.ly\/11mjxYw<\/a><\/div>\n<div style=\"text-align:center\"><strong><br \/><\/strong><\/div>\n<div style=\"text-align:center\"><strong>statistika: <\/strong> <a href=\"http:\/\/bit.ly\/11mjxYw+\" target=\"_blank\" rel=\"noopener noreferrer\">http:\/\/bit.ly\/11mjxYw+<\/a><strong><br \/><\/strong><\/div>\n<div style=\"text-align:justify\"><strong><br \/><\/strong><\/div>\n<div style=\"text-align:justify\"><strong>autor: Wind<\/p>\n<p><\/strong> Anett si sedla do k\u0159esla kousek od jej\u00ed postele.<\/div>\n<div style=\"text-align:justify\">&#8222;N\u011bco m\u011b v posledn\u00ed dob\u011b tr\u00e1p\u00ed.&#8220; Za\u010dala. Tr\u00e1p\u00ed? Copak ji tr\u00e1p\u00ed?<\/div>\n<div style=\"text-align:justify\">&#8222;Stalo se n\u011bco? Pov\u00eddej.&#8220;<\/div>\n<div style=\"text-align:justify\">&#8222;Pamatuje\u0161 si, jak jsme si pov\u00eddali o tom tv\u00e9m p\u0159\u00edteli? Je to N\u011bmec, \u017ee? T\u0159i roky jsi ho nevid\u011bl, s rodinou si v\u016fbec nerozum\u00ed, m\u00e1 bratra, sestru a protivnou matku. Kdy\u017e mu zem\u0159el otec, zd\u011bdil po n\u011bm n\u011bjak\u00e9 pen\u00edze, tak\u017ee m\u011bl i na cestov\u00e1n\u00ed\u2026&#8220;<\/p>\n<p>Moment\u2026 o Billov\u011b t\u00e1tovi jsem j\u00ed nikdy nic ne\u0159\u00edkal, ani o tom, \u017ee kdy n\u011bco zd\u011bdil.<\/div>\n<div style=\"text-align:justify\">&#8222;\u2026 jo a taky m\u011bl psa. Fenu irsk\u00e9ho setra, Sally se mysl\u00edm jmenovala.&#8220;<\/div>\n<div style=\"text-align:justify\">Polil m\u011b studen\u00fd pot. Co to znamen\u00e1?<\/div>\n<div style=\"text-align:justify\">&#8222;Tome\u2026 ten tv\u016fj Bill\u2026 je to Will, \u017ee jo.&#8220;<\/p>\n<p>Co te\u010f? Lh\u00e1t? \u0158\u00edct \u017ee to rozhodn\u011b nen\u00ed on? Nebo \u0159\u00edct pravdu? Co by se stalo pak? Co m\u00e1m d\u011blat?<\/div>\n<div style=\"text-align:justify\">&#8222;Nemus\u00ed\u0161 lh\u00e1t, mn\u011b je to stejn\u011b skoro na sto procent jasn\u00e9. Chov\u00e1\u0161 se divn\u011b od doby, co jsme sem p\u0159ijeli. Vlastn\u011b\u2026 oba se chov\u00e1te divn\u011b. Vyh\u00fdb\u00e1te se kontaktu s t\u00edm druh\u00fdm, jak jen nejl\u00e9pe to jde. Nav\u00edc\u2026 va\u0161e p\u0159\u00edb\u011bhy do sebe perfektn\u011b pasuj\u00ed. Jestli se pletu, \u0159ekni mi to. Dal\u0161\u00ed v\u011bc\u2026 Will reagoval opravdu vylekan\u011b, kdy\u017e jsem mu \u0159ekla jako by omylem Bille. Tome\u2026 ch\u00e1pu, \u017ee se ti o tom mo\u017en\u00e1 \u0161patn\u011b mluv\u00ed, ale\u2026 mn\u011b p\u0159ece m\u016f\u017ee\u0161 \u0159\u00edct pravdu, ne?&#8220;<\/p>\n<p>Co m\u00e1m d\u011blat. Anett um\u00ed b\u00fdt hodn\u011b tvrdohlav\u00e1 a j\u00e1 zrovna nejsem v n\u00e1lad\u011b se s n\u00ed h\u00e1dat. A odej\u00edt by mi te\u010f stejn\u011b nedovolila. V zoufalosti jsem slo\u017eil hlavu do dlan\u00ed. C\u00edtil jsem, jak se vedle m\u011b prohnula matrace a Anettina ruka se jemn\u011b dotkla m\u00e9ho ramene.<\/div>\n<div style=\"text-align:justify\">&#8222;Tome\u2026 m\u00e1m pravdu, \u017ee je to tak.&#8220;<\/div>\n<div style=\"text-align:justify\">K\u00fdvl jsem. Nem\u011blo cenu zap\u00edrat. Ona si t\u00edm je opravdu jist\u00e1 a p\u0159esv\u011bd\u010dovat ji, \u017ee se m\u00fdl\u00ed, by byla jen ztr\u00e1ta \u010dasu. Ov\u0161em \u010deho se te\u010f boj\u00edm v\u00edc, je\u2026<\/div>\n<div style=\"text-align:justify\">&#8222;Co se vlastn\u011b mezi v\u00e1mi nakonec stalo, Tome?&#8220;<\/div>\n<div style=\"text-align:justify\">\u2026tohle.<\/div>\n<hr \/>\n<div style=\"text-align:justify\">\n<p>Nem\u016f\u017eu j\u00ed \u0159\u00edct, co se stalo. \u017de to j\u00e1 zabil jeho Sally, \u017ee j\u00e1 jsem p\u0159\u00ed\u010dina jeho odcestov\u00e1n\u00ed. \u017de to j\u00e1 ho m\u00e1lem zabil, neb\u00fdt Davida a ostatn\u00edch. Nem\u016f\u017eu j\u00ed \u0159\u00edct pravdu o sob\u011b. Byla by dal\u0161\u00ed d\u016fle\u017eit\u00fd \u010dlov\u011bk, kter\u00e9ho bych kv\u016fli tomu tajemstv\u00ed ztratil. To nechci. V tuhle chv\u00edli jsem opravdu zoufal\u00fd.<\/p>\n<p>&#8222;Tak\u2026 alespo\u0148 p\u0159ikyvuj\u2026 roze\u0161li jste se ve zl\u00e9m?&#8220; K\u00fdvl jsem. Nem\u011blo cenu zap\u00edrat zrovna tenhle jasn\u011b z\u0159eteln\u00fd fakt.<\/div>\n<div style=\"text-align:justify\">&#8222;Um\u2026 podvedl t\u011b?&#8220;<\/div>\n<div style=\"text-align:justify\">&#8222;Ne! To by on nikdy neud\u011blal. Takov\u00fd on nikdy nebyl.&#8220;<\/div>\n<div style=\"text-align:justify\">&#8222;Tak co se teda stalo?&#8220;<\/div>\n<div style=\"text-align:justify\">&#8222;Kdy\u017e j\u00e1 to nem\u016f\u017eu \u0159\u00edct!&#8220; zoufalstv\u00ed u\u017e bylo znateln\u00e9 i v m\u00e9m hlasu.<\/p>\n<p>Vstal jsem z postele a za\u010dal pochodovat po m\u00edstnosti.<\/div>\n<div style=\"text-align:justify\">&#8222;Tome\u2026 pro\u010d to nechce\u0161 \u0159\u00edct?&#8220; Zastavil jsem se.<\/div>\n<div style=\"text-align:justify\">&#8222;Proto\u017ee nechci ztratit i tebe.&#8220; Anett vypadala trochu zmaten\u011b, ale i polekan\u011b. Kdy\u017e se boj\u00ed u\u017e te\u010f, co by ud\u011blala, kdybych j\u00ed \u0159ekl pravdu?<\/p>\n<p>&#8222;M\u011b neztrat\u00ed\u0161, a\u0165 u\u017e je to cokoli.&#8220; Anett se na m\u011b jemn\u011b usm\u00e1la. Co kdy\u017e \u0159\u00edk\u00e1 pravdu? T\u0159eba\u2026 mo\u017en\u00e1 by bylo dobr\u00e9, aby o m\u00e9m tajemstv\u00ed je\u0161t\u011b n\u011bkdo v\u011bd\u011bl. A v\u011b\u0159\u00edm, \u017ee zrovna Anett by to nikomu neprozradila. Co kdy\u017e j\u00ed \u0159eknu pravdu? Jsem p\u0159ece jin\u00fd, ne? Dok\u00e1\u017eu se pln\u011b ovl\u00e1dat i ve sv\u00e9 vl\u010d\u00ed form\u011b. Nemus\u00edm se b\u00e1t, \u017ee bych j\u00ed ubl\u00ed\u017eil. Ale co kdy\u017e\u2026 co kdy\u017e se m\u011b ona pak bude b\u00e1t u\u017e jen proto, \u017ee jsem vlkodlak? Co kdy\u017e si nenech\u00e1 vysv\u011btlit, \u017ee j\u00ed opravdu neubl\u00ed\u017e\u00edm? Co pak? Ztrat\u00edm posledn\u00edho \u010dlov\u011bka na zemi, kter\u00fd je pro m\u011b opravdu d\u016fle\u017eit\u00fd? M\u016f\u017eu \u0159\u00edct, \u017ee jako vlk pot\u0159ebuju n\u011bjak\u00e9 pouto mezi p\u0159\u00e1teli. Kdy\u017e u\u017e nem\u016f\u017eu m\u00edt l\u00e1sku, tak alespo\u0148 p\u0159\u00e1telstv\u00ed. Ale co kdy\u017e odhalen\u00edm sv\u00e9ho skute\u010dn\u00e9ho j\u00e1 p\u0159ijdu i o n\u011b?<\/p>\n<p>Anettin pohled m\u011b provrt\u00e1val skrz na skrz a up\u0159\u00edmn\u011b mi situaci v\u016fbec neuleh\u010doval. Koutkem oka jsem se na ni pod\u00edval. V jej\u00ed tv\u00e1\u0159i se objevil nov\u00fd v\u00fdraz. Zv\u011bdavost.<\/div>\n<div style=\"text-align:justify\">Co kdy\u017e\u2026 co kdy\u017e to opravdu p\u0159ijme? Co kdy\u017e ano?<\/div>\n<div style=\"text-align:justify\">Zhluboka jsem se nadechl a je\u0161t\u011b jednou se pod\u00edval na jej\u00ed v\u00fdraz.<\/div>\n<div style=\"text-align:justify\">&#8222;Dob\u0159e\u2026 ale\u2026 nesm\u00ed\u0161 se b\u00e1t.&#8220;<\/div>\n<div style=\"text-align:justify\">&#8222;Nebudu.&#8220; To \u0159\u00edk\u00e1, proto\u017ee je\u0161t\u011b nev\u00ed, co j\u00ed chci \u0159\u00edct. \u010cerv\u00ed\u010dek strachu. Jsem si jist\u00fd, \u017ee se bude b\u00e1t. Ka\u017edop\u00e1dn\u011b te\u010f u\u017e nen\u00ed cesty zp\u011bt. Co jsem nakousnul, mus\u00edm dopov\u011bd\u011bt. Ona by mi stejn\u011b nedala jinou mo\u017enost.<\/p>\n<p>&#8222;J\u00e1\u2026 jsem vlkodlak.&#8220; A je to venku. S b\u00e1zn\u00ed v o\u010d\u00edch jsem se pov\u00eddal na Anett. Ta chv\u00edli jen vyjeven\u011b koukala, pak se ale dala do sm\u00edchu.<\/div>\n<div style=\"text-align:justify\">&#8222;Dob\u0159e\u2026 tohle se ti povedlo. J\u00e1 \u010dekala, kdo v\u00ed, co ne\u0159ekne\u0161, ale tohle\u2026 hahaha\u2026&#8220; po chv\u00edli p\u0159estala. &#8222;Ne\u2026 a te\u010f v\u00e1\u017en\u011b.&#8220;<\/div>\n<div style=\"text-align:justify\">Ml\u010dky jsem se na ni d\u00edval. Ona na m\u011b. J\u00e1 na ni. Anett se lehce zamra\u010dila\u2026 V\u00edc se zamra\u010dila a nadechla se.<\/div>\n<div style=\"text-align:justify\">&#8222;Ne\u2026 ne, ne, ne\u2026 nep\u0159esv\u011bd\u010d\u00ed\u0161 m\u011b. To\u2026 nem\u016f\u017ee\u0161 myslet v\u00e1\u017en\u011b, Tome. To p\u0159ece nejde, vlkodlaci neexistuj\u00ed, nejsme v poh\u00e1dce. To prost\u011b nejde!&#8220;<\/p>\n<p>&#8222;Uklidni se, Anett\u2026 kdy\u017e t\u011b dok\u00e1\u017eu p\u0159esv\u011bd\u010dit, \u017ee to mysl\u00edm v\u00e1\u017en\u011b\u2026 nesm\u00ed\u0161 se b\u00e1t, ano? J\u00e1 ti neubl\u00ed\u017e\u00edm.&#8220;<\/div>\n<div style=\"text-align:justify\">&#8222;To ne, Tome\u2026 to prost\u011b-&#8222;<\/div>\n<div style=\"text-align:justify\">Prom\u011bnil jsem se. Anett ztichla, nadechla se\u2026 a z\u00edrala na m\u011b. Sklopil jsem hlavu a up\u0159el na ni \u0161t\u011bn\u011b\u010d\u00ed pohled. Snad jsem ji moc nevyd\u011bsil. Bl\u00e1zn\u00edm? Jasn\u011b, \u017ee jsem ji vyd\u011bsil, tohle nen\u00ed n\u011bco, co se v\u00edd\u00e1 ka\u017ed\u00fd den. Ti\u0161e jsem zak\u0148u\u010del a lehl si na zem, takhle nebude m\u00edt strach, \u017ee na ni vystartuju. Anett kone\u010dn\u011b vydechla, ale st\u00e1le na m\u011b jen z\u00edrala a nemluvila. Co si o tom m\u00e1m myslet? Zvedla se. Ute\u010de snad?<\/p>\n<p><strong>autor: Wind<\/strong><\/div>\n<div style=\"text-align:justify\"><strong>betaread: J. :o)<\/strong><\/div>\n<div style=\"text-align:justify\"><\/div>\n","protected":false},"excerpt":{"rendered":"<p>\u010d\u00edst cel\u00e9: http:\/\/bit.ly\/11mjxYw statistika: http:\/\/bit.ly\/11mjxYw+ autor: Wind Anett si sedla do k\u0159esla kousek od jej\u00ed postele. &#8222;N\u011bco m\u011b v posledn\u00ed dob\u011b tr\u00e1p\u00ed.&#8220; Za\u010dala. Tr\u00e1p\u00ed? Copak ji tr\u00e1p\u00ed? &#8222;Stalo se n\u011bco? Pov\u00eddej.&#8220; &#8222;Pamatuje\u0161 si, jak jsme si pov\u00eddali o tom tv\u00e9m p\u0159\u00edteli? Je<\/p>\n<p class=\"link-more\"><a class=\"myButt \" href=\"https:\/\/twincestblog.cz\/domains\/twincestblog.cz\/2013\/06\/14\/insecure-ii-novy-domov-novy-zacatek-11\/\">Read More<\/a><\/p>\n","protected":false},"author":1,"featured_media":0,"comment_status":"open","ping_status":"open","sticky":false,"template":"","format":"standard","meta":{"_exactmetrics_skip_tracking":false,"_exactmetrics_sitenote_active":false,"_exactmetrics_sitenote_note":"","_exactmetrics_sitenote_category":0,"footnotes":""},"categories":[553],"tags":[],"class_list":["post-4942","post","type-post","status-publish","format-standard","hentry","category-insecure-ii-novy-domov-novy-zacatek"],"_links":{"self":[{"href":"https:\/\/twincestblog.cz\/domains\/twincestblog.cz\/wp-json\/wp\/v2\/posts\/4942","targetHints":{"allow":["GET"]}}],"collection":[{"href":"https:\/\/twincestblog.cz\/domains\/twincestblog.cz\/wp-json\/wp\/v2\/posts"}],"about":[{"href":"https:\/\/twincestblog.cz\/domains\/twincestblog.cz\/wp-json\/wp\/v2\/types\/post"}],"author":[{"embeddable":true,"href":"https:\/\/twincestblog.cz\/domains\/twincestblog.cz\/wp-json\/wp\/v2\/users\/1"}],"replies":[{"embeddable":true,"href":"https:\/\/twincestblog.cz\/domains\/twincestblog.cz\/wp-json\/wp\/v2\/comments?post=4942"}],"version-history":[{"count":0,"href":"https:\/\/twincestblog.cz\/domains\/twincestblog.cz\/wp-json\/wp\/v2\/posts\/4942\/revisions"}],"wp:attachment":[{"href":"https:\/\/twincestblog.cz\/domains\/twincestblog.cz\/wp-json\/wp\/v2\/media?parent=4942"}],"wp:term":[{"taxonomy":"category","embeddable":true,"href":"https:\/\/twincestblog.cz\/domains\/twincestblog.cz\/wp-json\/wp\/v2\/categories?post=4942"},{"taxonomy":"post_tag","embeddable":true,"href":"https:\/\/twincestblog.cz\/domains\/twincestblog.cz\/wp-json\/wp\/v2\/tags?post=4942"}],"curies":[{"name":"wp","href":"https:\/\/api.w.org\/{rel}","templated":true}]}}