{"id":4957,"date":"2013-06-07T17:00:00","date_gmt":"2013-06-07T16:00:00","guid":{"rendered":"http:\/\/twincestblog.cz\/?p=4942"},"modified":"2013-06-07T17:00:00","modified_gmt":"2013-06-07T16:00:00","slug":"insecure-ii-novy-domov-novy-zacatek-9","status":"publish","type":"post","link":"https:\/\/twincestblog.cz\/domains\/twincestblog.cz\/2013\/06\/07\/insecure-ii-novy-domov-novy-zacatek-9\/","title":{"rendered":"Insecure II \u2013 Nov\u00fd domov, nov\u00fd za\u010d\u00e1tek 9."},"content":{"rendered":"<div><\/div>\n<div style=\"text-align:center\"><strong>\u010d\u00edst cel\u00e9: <\/strong> <a href=\"http:\/\/bit.ly\/17NLa61\">http:\/\/bit.ly\/17NLa61<\/a><\/div>\n<div style=\"text-align:center\"><strong><br \/><\/strong><\/div>\n<div style=\"text-align:center\"><strong>statistika: <\/strong> <a href=\"http:\/\/bit.ly\/17NLa61+\" target=\"_blank\" rel=\"noopener noreferrer\">http:\/\/bit.ly\/17NLa61+<\/a><strong><br \/><\/strong><\/div>\n<div style=\"text-align:justify\"><strong><br \/><\/strong><\/div>\n<div style=\"text-align:justify\"><strong>autor: Wind<\/p>\n<p><\/strong> <em>Zdrav\u00edm v\u0161echny \u010dten\u00e1\u0159e\u2026 Jen bych cht\u011bla poznamenat, \u017ee jsem se na konci tohoto d\u00edlu nep\u0159epsala, jak by n\u011bkoho mohlo napadnout. T\u011b\u0161\u00edm se na va\u0161e koment\u00e1\u0159e k tomuto d\u00edlu. Opravdu jsem zv\u011bdav\u00e1, jak budete reagovat. Tak\u017ee mi tu pros\u00edm n\u011bjakou tu reakci zanechte \ud83d\ude09<\/em><\/div>\n<div style=\"text-align:justify\"><em>Va\u0161e Wind<\/p>\n<p><\/em> <strong>Tom<\/p>\n<p><\/strong> <em>&#8222;Tome?&#8220;<\/em><\/div>\n<div style=\"text-align:justify\"><em>Proud my\u0161lenek mi p\u0159etrhl zn\u00e1m\u00fd hlas.<\/p>\n<p><\/em> Oto\u010dil jsem se.<\/div>\n<div style=\"text-align:justify\">&#8222;Geo\u2026 co ty tady?&#8220; Brunet se zasm\u00e1l.<\/div>\n<div style=\"text-align:justify\">&#8222;To bych se m\u011bl pt\u00e1t sp\u00ed\u0161 j\u00e1, ne? J\u00e1 tu chod\u00edm ka\u017ed\u00fd ve\u010der na obhl\u00eddku p\u0159ed t\u00edm, ne\u017e jdu sp\u00e1t. Copak, Tome? Tr\u00e1p\u00ed t\u011b n\u011bco?&#8220;<\/div>\n<div style=\"text-align:justify\">&#8222;Ani ne\u2026 jen jsem cht\u011bl na chv\u00edli vypnout.&#8220;<\/div>\n<div style=\"text-align:justify\">&#8222;Ah\u2026 jo, to je ob\u010das docela dobr\u00fd. Vypnout. Taky to ob\u010das pot\u0159ebuju.&#8220;<\/p>\n<p>Na chv\u00edli se mezi n\u00e1mi rozprost\u0159elo ticho. Kdy\u017e jsem se na Georga oto\u010dil, d\u00edval se na m\u011bs\u00edc a zd\u00e1lo se, \u017ee taky na n\u011bco vzpom\u00edn\u00e1. Ani\u017e bych n\u011bco \u0159ekl, za\u010dal mluvit.<\/div>\n<div style=\"text-align:justify\">&#8222;P\u0159ed chv\u00edli jsem vid\u011bl Willa, jak n\u011bkam jde. Asi zase nem\u016f\u017ee usnout.&#8220; Oto\u010dil jsem se na n\u011bj, ale nic jsem ne\u0159ekl. Ostatn\u011b\u2026 co bych vlastn\u011b m\u011bl \u0159\u00edct? &#8222;Je to fajn kluk, jen je trochu\u2026 jak bych to \u0159ek\u2026 moc o sob\u011b nemluv\u00ed. V\u0161echno, co o n\u011bm v\u00edm, jsem se do\u010detl v \u017eivotopise, kdy\u017e se k n\u00e1m p\u0159ihla\u0161oval.&#8220;<\/p>\n<p>Up\u0159\u00edmn\u011b\u2026 te\u010f nebyla zrovna chv\u00edle, kdy bych si cht\u011bl pov\u00eddat o Billovi. Chv\u00edli bylo ticho, ale pak Geo op\u011bt promluvil.<\/div>\n<div style=\"text-align:justify\">&#8222;Z\u00edtra n\u00e1s \u010dek\u00e1 pern\u00fd den, p\u0159ijedou lidi, co n\u00e1s z\u00e1sobuj\u00ed l\u00e9ky a usp\u00e1va\u010dkami, bude se v\u00e1m to hodit, a\u017e pojedete. M\u011bl bys j\u00edt sp\u00e1t.&#8220; Nem\u011blo cenu nic nam\u00edtat.<\/div>\n<div style=\"text-align:justify\">&#8222;Dob\u0159e\u2026 Dobrou, Geo.&#8220;<\/div>\n<div style=\"text-align:justify\">&#8222;Dobrou, Tome.&#8220;<\/div>\n<hr \/>\n<div style=\"text-align:justify\">\n<p>Kdy\u017e jsem se vracel do chatky, zachytil jsem pohyb nedaleko st\u00e1j\u00ed. Cht\u011bl jsem se rozeb\u011bhnout tam, kdyby to n\u00e1hodou byl zlod\u011bj, ale kdy\u017e jsem se dostal trochu bl\u00ed\u017e, poznal jsem v \u010dern\u00e9 postav\u011b Billyho. Zastavil jsem se. Nechci s n\u00edm te\u010f mluvit. Rad\u011bji jsem se vr\u00e1til zp\u011bt do chatky. Asi p\u016fjdu opravdu rad\u0161i sp\u00e1t, jak mi \u0159ekl Geo.<\/p>\n<p>V noci jsem toho moc nenaspal. Poka\u017ed\u00e9, kdy\u017e jsem zav\u0159el o\u010di, vid\u011bl jsem tu prokletou noc. Tohle si nejsp\u00ed\u0161 nikdy neodpust\u00edm, a v\u016fbec bych se nedivil, kdyby mi to neodpustil ani Bill. Vlastn\u011b\u2026 copak to s\u00e1m ne\u0159\u00edkal? \u017de mi prost\u011b nem\u016f\u017ee odpustit?<\/p>\n<p><strong>Anett<\/p>\n<p><\/strong> N\u011bjak jsem nemohla po\u0159\u00e1dn\u011b usnout. Po\u0159\u00e1d mi vrtal hlavou Tom s Willem. Po\u0159\u00e1d m\u00e1m dojem, \u017ee je tu n\u011bco v nepo\u0159\u00e1dku. V\u00edm, \u017ee mi do toho nic nen\u00ed, ale j\u00e1 chci prost\u011b v\u011bd\u011bt, jestli je mezi nimi n\u011bjak\u00e1 spojitost. Taky m\u011b napadlo\u2026 mo\u017en\u00e1\u2026 chci n\u011bco zkusit. Dal\u0161\u00ed z\u00e1v\u011bry ud\u011bl\u00e1m podle toho, jak m\u016fj pokus dopadne.<\/p>\n<p>R\u00e1no p\u0159i\u0161lo rychleji, ne\u017e jsem \u010dekala. Nakonec jsem p\u0159eci jen na p\u00e1r hodin usnula, ale kupodivu jsem nebyla ani nijak extra unaven\u00e1. V\u010dera jsem sl\u00edbila Clair, m\u00edstn\u00ed veterin\u00e1\u0159ce, \u017ee j\u00ed pom\u016f\u017eu srovnat laborato\u0159 a s\u00e1l, stejn\u011b bych tu nem\u011bla nic jin\u00e9ho na pr\u00e1ci. A Will m\u00e1 te\u010f taky n\u011bjak\u00e9 za\u0159izov\u00e1n\u00ed ohledn\u011b v\u00fdbavy na ten jejich v\u00fdjezd. Docela m\u011b p\u0159ekvapilo, \u017ee s nimi jede i Tom. Ale pro\u010d ne, \u017ee? Je dobr\u00fd stopa\u0159.<\/p>\n<p>Clair na m\u011b \u010dekala p\u0159ed laborato\u0159\u00ed. Byla to u\u017e trochu star\u0161\u00ed \u017eena, ale ne zase moc. Mohlo by j\u00ed b\u00fdt tak \u010dty\u0159icet, to je\u0161t\u011b nen\u00ed st\u00e1\u0159\u00ed. Ka\u017edop\u00e1dn\u011b u\u017e se j\u00ed mezi sv\u011btl\u00fdmi vlasy sem tam mihla n\u011bjak\u00e1 ta \u0161edina, ale nebylo to moc vid\u011bt. Ka\u017edop\u00e1dn\u011b, kdo se s n\u00ed potkal, musel si ji obl\u00edbit. M\u011bla takov\u00fd dobr\u00e1ck\u00fd v\u00fdraz a p\u0159\u00edmo z n\u00ed z\u00e1\u0159ila pozitivn\u00ed energie. Jako by v jej\u00ed p\u0159\u00edtomnosti mohl \u010dlov\u011bk zapomenout na v\u0161echny starosti a jen se sm\u00e1t. Na prvn\u00ed pohled jsem si ji obl\u00edbila.<\/p>\n<p>Teda\u2026 \u00faklid laborato\u0159e i s\u00e1lu n\u00e1m zabral v\u00edc \u010dasu, ne\u017e jsem \u010dekala. Ne \u017ee by tam byl nepo\u0159\u00e1dek, ale Clair pot\u0159ebovala p\u0159ekontrolovat a p\u0159et\u0159\u00eddit v\u0161echny z\u00e1znamy, proto to trvalo dlouho. Pro\u010d\u00edst se tou horou a rozt\u0159\u00eddit v\u0161echno na spr\u00e1vn\u00e1 m\u00edsta\u2026 jsem r\u00e1da, \u017ee u\u017e to m\u00e1me za sebou.<\/p>\n<p>Andy na ve\u010der napl\u00e1noval t\u00e1bor\u00e1k, kdy\u017e kluci z\u00edtra odj\u00ed\u017ed\u00ed. Vlastn\u011b je\u0161t\u011b ani nezapadlo slunce, kdy\u017e ve velk\u00e9m ohni\u0161ti uprost\u0159ed t\u00e1bora vzpl\u00e1l ohe\u0148. Byla to z\u00e1bava, ale nejsp\u00ed\u0161 ne pro ka\u017ed\u00e9ho. Zn\u00e1m Toma a pozn\u00e1m, kdy\u017e se neusm\u00edv\u00e1 up\u0159\u00edmn\u011b. A Will\u2026 nezd\u00e1lo se, \u017ee by se bavil. Co kdybych te\u010f\u2026 zkus\u00edm to, co m\u011b napadlo?<\/p>\n<p>Zvedla jsem se a \u0161la k Willovi.<\/div>\n<div style=\"text-align:justify\">&#8222;Nep\u016fjdeme se na chvilku proj\u00edt?&#8220;<\/div>\n<div style=\"text-align:justify\">&#8222;Jist\u011b.&#8220; Usm\u00e1l se na m\u011b, hodil pap\u00edrov\u00fd t\u00e1cek do ohn\u011b a zvedl se. Koutkem oka jsem zahl\u00e9dla Toma. Co to bylo za v\u00fdraz? Pro\u010d vypadal tak\u2026 ubl\u00ed\u017een\u011b? Ano, ubl\u00ed\u017een\u011b. Tady v\u00e1\u017en\u011b n\u011bco nesed\u00ed a j\u00e1 prost\u011b p\u0159ijdu na to, co!<\/p>\n<p>Pomal\u00fdm krokem jsme \u0161li sm\u011brem k ohrad\u011b. Kdy\u017e nad t\u00edm tak p\u0159em\u00fd\u0161l\u00edm, v\u017edycky chod\u00edme nejd\u0159\u00edv sem. Je to snad Willovo obl\u00edben\u00e9 m\u00edsto? Asi ano. Cestou jsme si pov\u00eddali, ale up\u0159\u00edmn\u011b jsem to pou\u0161t\u011bla jedn\u00edm uchem tam a druh\u00fdm ven. Ne \u017ee by m\u011b nezaj\u00edmalo, o \u010dem Will mluv\u00ed, jen\u2026 cht\u011bla jsem to zkusit.<\/p>\n<p>Do\u0161li jsme k ohrad\u011b. Slunce zrovna zapadalo, my se d\u00edvali na jeho rudou z\u00e1\u0159i miz\u00edc\u00ed za obzorem. Te\u010f nebo nikdy.<\/div>\n<div style=\"text-align:justify\">&#8222;Bille\u2026?&#8220;<\/p>\n<p><strong>autor: Wind<\/strong><\/div>\n<div style=\"text-align:justify\"><strong>betaread: J. :o)<\/strong><\/div>\n","protected":false},"excerpt":{"rendered":"<p>\u010d\u00edst cel\u00e9: http:\/\/bit.ly\/17NLa61 statistika: http:\/\/bit.ly\/17NLa61+ autor: Wind Zdrav\u00edm v\u0161echny \u010dten\u00e1\u0159e\u2026 Jen bych cht\u011bla poznamenat, \u017ee jsem se na konci tohoto d\u00edlu nep\u0159epsala, jak by n\u011bkoho mohlo napadnout. T\u011b\u0161\u00edm se na va\u0161e koment\u00e1\u0159e k tomuto d\u00edlu. Opravdu jsem zv\u011bdav\u00e1, jak budete reagovat. Tak\u017ee<\/p>\n<p class=\"link-more\"><a class=\"myButt \" href=\"https:\/\/twincestblog.cz\/domains\/twincestblog.cz\/2013\/06\/07\/insecure-ii-novy-domov-novy-zacatek-9\/\">Read More<\/a><\/p>\n","protected":false},"author":1,"featured_media":0,"comment_status":"open","ping_status":"open","sticky":false,"template":"","format":"standard","meta":{"_exactmetrics_skip_tracking":false,"_exactmetrics_sitenote_active":false,"_exactmetrics_sitenote_note":"","_exactmetrics_sitenote_category":0,"footnotes":""},"categories":[553],"tags":[],"class_list":["post-4957","post","type-post","status-publish","format-standard","hentry","category-insecure-ii-novy-domov-novy-zacatek"],"_links":{"self":[{"href":"https:\/\/twincestblog.cz\/domains\/twincestblog.cz\/wp-json\/wp\/v2\/posts\/4957","targetHints":{"allow":["GET"]}}],"collection":[{"href":"https:\/\/twincestblog.cz\/domains\/twincestblog.cz\/wp-json\/wp\/v2\/posts"}],"about":[{"href":"https:\/\/twincestblog.cz\/domains\/twincestblog.cz\/wp-json\/wp\/v2\/types\/post"}],"author":[{"embeddable":true,"href":"https:\/\/twincestblog.cz\/domains\/twincestblog.cz\/wp-json\/wp\/v2\/users\/1"}],"replies":[{"embeddable":true,"href":"https:\/\/twincestblog.cz\/domains\/twincestblog.cz\/wp-json\/wp\/v2\/comments?post=4957"}],"version-history":[{"count":0,"href":"https:\/\/twincestblog.cz\/domains\/twincestblog.cz\/wp-json\/wp\/v2\/posts\/4957\/revisions"}],"wp:attachment":[{"href":"https:\/\/twincestblog.cz\/domains\/twincestblog.cz\/wp-json\/wp\/v2\/media?parent=4957"}],"wp:term":[{"taxonomy":"category","embeddable":true,"href":"https:\/\/twincestblog.cz\/domains\/twincestblog.cz\/wp-json\/wp\/v2\/categories?post=4957"},{"taxonomy":"post_tag","embeddable":true,"href":"https:\/\/twincestblog.cz\/domains\/twincestblog.cz\/wp-json\/wp\/v2\/tags?post=4957"}],"curies":[{"name":"wp","href":"https:\/\/api.w.org\/{rel}","templated":true}]}}