{"id":4965,"date":"2013-06-04T17:00:00","date_gmt":"2013-06-04T16:00:00","guid":{"rendered":"http:\/\/twincestblog.cz\/?p=4950"},"modified":"2013-06-04T17:00:00","modified_gmt":"2013-06-04T16:00:00","slug":"insecure-ii-novy-domov-novy-zacatek-8","status":"publish","type":"post","link":"https:\/\/twincestblog.cz\/domains\/twincestblog.cz\/2013\/06\/04\/insecure-ii-novy-domov-novy-zacatek-8\/","title":{"rendered":"Insecure II \u2013 Nov\u00fd domov, nov\u00fd za\u010d\u00e1tek 8."},"content":{"rendered":"<div><\/div>\n<div style=\"text-align:center\"><strong>\u010d\u00edst cel\u00e9: <\/strong> <a href=\"http:\/\/bit.ly\/12oBflP\">http:\/\/bit.ly\/12oBflP<\/a><\/div>\n<div style=\"text-align:center\"><strong><br \/><\/strong><\/div>\n<div style=\"text-align:center\"><strong>statistika: <\/strong> <a href=\"http:\/\/bit.ly\/12oBflP+\" target=\"_blank\" rel=\"noopener noreferrer\">http:\/\/bit.ly\/12oBflP+<\/a><strong><br \/><\/strong><\/div>\n<div style=\"text-align:justify\"><strong><br \/><\/strong><\/div>\n<div style=\"text-align:justify\"><strong>autor: Wind<\/p>\n<p><\/strong> <em>Tenhle d\u00edl jsem za\u010dala ps\u00e1t den na to, co na TWC blogu vy\u0161el posledn\u00ed d\u00edl Timeless love. Koment\u00e1\u0159e, kter\u00e9 jste mi k tomu n\u011bkte\u0159\u00ed napsali, mi vlily novou s\u00edlu a pomohly mi p\u0159ekonat nehor\u00e1zn\u011b dlouh\u00e9 obdob\u00ed tv\u016fr\u010d\u00edho bloku. V\u016fbec jsem nev\u011bd\u011bla, jak pokra\u010dovat s d\u011bjem tady a jsem si jist\u00e1, \u017ee je to na p\u0159ede\u0161l\u00fdch d\u00edlech zn\u00e1t :D. Tak\u017ee moc d\u011bkuji v\u0161em, kdo m\u011b skrz koment\u00e1\u0159e podporujete.<\/em><\/div>\n<div style=\"text-align:justify\"><em>Va\u0161e Wind<\/p>\n<p><\/em> <strong>Tom<\/p>\n<p><\/strong> Kr\u00e1tce po tom, co jsem ode\u0161el z chatky po rozhovoru s Anett, jsem dorazil k ohrad\u011b. Na co jsem myslel? Co v\u0161echno jsem \u0159ekl, ani\u017e bych cht\u011bl? V podstat\u011b v\u0161echno. Ale\u2026 bylo to \u0161patn\u00e9? Mo\u017en\u00e1 ne.<\/div>\n<div style=\"text-align:justify\">M\u016fj pohled upoutal m\u011bs\u00edc nad krajinou. Jak je to dlouho, co jsem naposledy takhle koukal na m\u011bs\u00edc? Kolikr\u00e1t zmizel a zase vyrostl od doby, co jsem se na n\u011bj p\u0159estal d\u00edvat? A kdy to vlastn\u011b bylo? U\u017e v\u00edm\u2026 v dob\u011b, kdy mi pohled na m\u011bs\u00edc za\u010dal p\u0159ipom\u00ednat, kdo jsem, ale hlavn\u011b\u2026 co jsem ud\u011blal. Bylo to jen kv\u016fli tomu? S tv\u00e1\u0159\u00ed st\u00e1le obr\u00e1cenou k bled\u00e9mu srpku jsem zav\u0159el o\u010di.<\/p>\n<p><em>&#8222;Nad \u010d\u00edm dum\u00e1\u0161?&#8220;<\/em><\/div>\n<div style=\"text-align:justify\"><em>&#8222;Nad v\u0161\u00edm.&#8220; Odpov\u011bd\u011bl jsem se zav\u0159en\u00fdma o\u010dima, proto\u017ee m\u011b Billova p\u00e9\u010de t\u00e9m\u011b\u0159 usp\u00e1vala. \u0160krabkal m\u011b na p\u011b\u0161ink\u00e1ch mezi cop\u00e1nky sv\u00fdmi talentovan\u00fdmi prst\u00edky. Bill se ti\u0161e zasm\u00e1l.<\/em><\/div>\n<div style=\"text-align:justify\"><em>&#8222;Nad \u010d\u00edm v\u0161\u00edm, pokud to m\u016f\u017eu v\u011bd\u011bt?&#8220;<\/em><\/div>\n<div style=\"text-align:justify\"><em>&#8222;Nad t\u00edm, jestli se mnou bude\u0161 i d\u00e1l. Jestli m\u011b neopust\u00ed\u0161, a\u017e m\u011b dob\u0159e pozn\u00e1\u0161. Jestli se m\u011b nebude\u0161 t\u0159eba b\u00e1t.&#8220;<\/em><\/div>\n<div style=\"text-align:justify\"><em>&#8222;Bl\u00e1z\u00ednku\u2026 pro\u010d bych t\u011b m\u011bl opou\u0161t\u011bt? Pokud nejsi n\u011bjak\u00fd masov\u00fd vrah a nehodl\u00e1\u0161 m\u011b n\u011bkde zabodnout, tak nevid\u00edm d\u016fvod. V\u00ed\u0161\u2026 j\u00e1 t\u011b m\u00e1m r\u00e1d, Tomi.&#8220; D\u00edval se na m\u011b p\u0159i tom tak up\u0159\u00edmn\u00fdma o\u010dima a mn\u011b se z jeho slov p\u0159\u00edjemn\u011b to\u010dila hlava.<\/em><\/div>\n<div style=\"text-align:justify\"><em>&#8222;J\u00e1 t\u011b m\u00e1m taky moc r\u00e1d\u2026 a neboj se. I kdybych byl vrah, tob\u011b bych nikdy nemohl ubl\u00ed\u017eit.&#8220;<\/p>\n<p><\/em><\/div>\n<hr \/>\n<div style=\"text-align:justify\"><em><br \/><\/em> Pro\u010d jsem si vzpomn\u011bl zrovna na tenhle moment? Kdy to vlastn\u011b bylo? Ah\u2026 u\u017e v\u00edm. Kr\u00e1tce po tom incidentu s jeho matkou. Byli jsme u n\u011bj v pokoji a on se m\u011b sna\u017eil uklidnit, proto\u017ee jsem byl v\u00e1\u017en\u011b vzteky bez sebe. Tak m\u011b napad\u00e1\u2026 jak na to vlastn\u011b jeho m\u00e1ma pak reagovala? Nezp\u016fsobil jsem mu sp\u00ed\u0161 jen dal\u0161\u00ed pot\u00ed\u017ee? Kdo v\u00ed\u2026 ka\u017edop\u00e1dn\u011b to, co jsem ud\u011blal pozd\u011bji, bylo mnohem, mnohem hor\u0161\u00ed. Ale tenhle moment\u2026<\/div>\n<div style=\"text-align:justify\">Nechal jsem se un\u00e1\u0161et vzpom\u00ednkami na chv\u00edle, kdy jsem byl je\u0161t\u011b s n\u00edm a opravdu \u0161\u0165astn\u00fd.<\/p>\n<p><em>&#8222;Z\u00edtra je \u00fapln\u011bk\u2026&#8220;<\/em><\/div>\n<div style=\"text-align:justify\"><em>&#8222;J\u00e1 v\u00edm,&#8220; a moc dob\u0159e.<\/em><\/div>\n<div style=\"text-align:justify\"><em>&#8222;Necht\u011bl bys u m\u011b p\u0159espat? V\u00ed\u0161\u2026 ka\u017ed\u00fd \u00fapln\u011bk sed\u00e1v\u00e1m na parapetu, sleduju m\u011bs\u00edc a p\u0159eju si, aby tu byl n\u011bkdo se mnou. N\u011bkdo, s k\u00fdm bych se c\u00edtil\u2026 prost\u011b skv\u011ble. Jako s tebou. P\u0159\u00e1l bych si, abys tu byl se mnou.&#8220;<\/p>\n<p><\/em> P\u0159\u00e1l bych si vr\u00e1tit \u010das. Vr\u00e1tit se a zabr\u00e1nit s\u00e1m sob\u011b ud\u011blat tu osudovou chybu. Ale\u2026 co by se vlastn\u011b stalo, kdybych nep\u0159i\u0161el? Nikdy d\u0159\u00edv jsem nad t\u00edm nep\u0159em\u00fd\u0161lel. Co by se stalo? Nejsp\u00ed\u0161 bych se u n\u011bj druh\u00fd den stavil a prosil o odpu\u0161t\u011bn\u00ed, \u017ee jsem nep\u0159i\u0161el, vymyslel si n\u011bjakou dobrou omluvu pro svou nep\u0159\u00edtomnost, on by se jemn\u011b usm\u00e1l a odpustil mi\u2026 a pak\u2026 tu osudovou chybu bych ud\u011blal pozd\u011bji.<\/p>\n<p>A\u0165 se na to d\u00edv\u00e1m, jak chci\u2026 m\u00e1m dojem, \u017ee tu chybu bych prost\u011b ud\u011blal. Pro\u010d si vlastn\u011b mysl\u00edm, \u017ee te\u010f je to jin\u00e9? \u017de te\u010f u\u017e se m\u011b b\u00e1t nemus\u00ed? Pravda, co jsem opustil sme\u010dku, dok\u00e1zal jsem ovl\u00e1dnout svoje vl\u010d\u00ed pudy, skoro se nep\u0159em\u011b\u0148uju, m\u011bs\u00edc v \u00fapl\u0148ku mi je t\u00e9m\u011b\u0159 \u00fapln\u011b voln\u00fd, ale\u2026 stejn\u011b. Co mi d\u00e1v\u00e1 to pr\u00e1vo myslet, si, \u017ee te\u010f u\u017e mu neubl\u00ed\u017e\u00edm? Co kdy\u017e se pletu? Co kdy\u017e\u2026<\/p>\n<p>&#8222;Tome?&#8220;<\/div>\n<div style=\"text-align:justify\">Proud my\u0161lenek mi p\u0159etrhl zn\u00e1m\u00fd hlas.<\/p>\n<p><strong>Bill<\/p>\n<p><\/strong> Kdy\u017e jsem se vr\u00e1til po proj\u00ed\u017e\u010fce s Anett, za\u0161el jsem k sob\u011b do chatky. Dob\u0159e se mi s n\u00ed pov\u00eddalo\u2026 vlastn\u011b\u2026 byla prvn\u00ed, s k\u00fdm jsem byl schopn\u00fd takhle otev\u0159en\u011b mluvit. Vzpomn\u011bl jsem si na Toma. Up\u0159\u00edmn\u011b, myslel jsem na n\u011bj celou dobu. Pro\u010d je tady? Ale co v\u00edc\u2026 Georg mi ozn\u00e1mil, \u017ee je pr\u00e1v\u011b Tom n\u00e1hradn\u00ed \u010dlen na\u0161\u00ed v\u00fdzkumn\u00e9 skupiny. Co m\u00e1m d\u011blat? Jak se m\u00e1m chovat? Up\u0159\u00edmn\u011b \u0159e\u010deno\u2026 boj\u00edm se. Hodn\u011b se boj\u00edm. Chci v\u011b\u0159it, \u017ee u\u017e je jin\u00fd. \u017de mi neubl\u00ed\u017e\u00ed. Ale\u2026 m\u00e1m strach. M\u00e1m doslova panickou hr\u016fzu z toho, co se m\u016f\u017ee st\u00e1t. M\u011bl bych poprosit Gea, aby m\u011b taky uvolnil? Jednozna\u010dn\u011b bych se t\u00edm vyhnul probl\u00e9mu, ale\u2026 vy\u0159e\u0161ilo by to n\u011bco? A chci v\u016fbec n\u011bco vy\u0159e\u0161it? Tom zase brzy odjede a v\u0161e bude jako d\u0159\u00edv. Nebo ne?<\/p>\n<p>S t\u00e1hl\u00fdm povzdechem jsem se nat\u00e1hl na svoji postel. Je dost velk\u00e1 na to, abych se na n\u00ed pohodln\u011b rozvalil. V\u010dera jsem tu m\u011bl Anett\u2026 pro\u010d jsem ji tu vlastn\u011b nechal? Mohl bych si vymyslet spoustu d\u016fvod\u016f, ale\u2026 kter\u00fd je ten prav\u00fd a skute\u010dn\u00fd? Necht\u011bl jsem b\u00fdt v tu chv\u00edli s\u00e1m\u2026 to bude ono. A ona\u2026 v\u00edm, \u017ee m\u011b m\u00e1 zjevn\u011b alespo\u0148 trochu r\u00e1da. Nen\u00ed to sobeck\u00e9? V\u011bd\u011bt, \u017ee m\u011b m\u00e1 n\u011bkdo r\u00e1d, a p\u0159esto\u017ee j\u00e1 s\u00e1m k n\u011bmu nechov\u00e1m stejn\u00e9 city, mu d\u00e1vat fale\u0161nou nad\u011bji? M\u00e1m ji taky r\u00e1d, ale \u00fapln\u011b jin\u00fdm zp\u016fsobem ne\u017e ona m\u011b.<\/div>\n<div style=\"text-align:justify\"><\/div>\n<div style=\"text-align:justify\">Zasnil jsem se. Vybavila se mi chv\u00edle, kdy jsem byl opravdu \u0161\u0165astn\u00fd.<\/p>\n<p><em>&#8222;Tomi\u2026&#8220; za\u0161eptal jsem z rozespalosti.<\/em><\/div>\n<div style=\"text-align:justify\"><em>&#8222;\u0160\u0161\u0161\u2026 jsem tady.&#8220; Chytil jsem ho za ruk\u00e1v. M\u011bl jsem strach. Strach, \u017ee kdy\u017e ho pust\u00edm, zmiz\u00ed a j\u00e1 zase z\u016fstanu s\u00e1m.<\/em><\/div>\n<div style=\"text-align:justify\"><em>&#8222;Nenech\u00e1vej m\u011b tu samotn\u00e9ho\u2026 pros\u00edm.&#8220; M\u016fj hlas zn\u011bl skoro pla\u010dtiv\u011b, slzy se mi pomalu vkr\u00e1daly do o\u010d\u00ed a j\u00e1 c\u00edtil, \u017ee jestli te\u010f odejde, nebudu schopen je zadr\u017eet. Ale on se na m\u011b jemn\u011b usm\u00e1l a pohladil m\u011b po tv\u00e1\u0159i.<\/em><\/div>\n<div style=\"text-align:justify\"><em>&#8222;Klid, j\u00e1 nikam nejdu.&#8220;<\/em><\/div>\n<div style=\"text-align:justify\"><em>\/AN: v Insecure I je tato sc\u00e9na z pohledu Toma\/<\/p>\n<p><\/em> Nemohl jsem ten n\u00e1val my\u0161lenek vydr\u017eet. Rad\u011bji jsem se zvedl a vy\u0161el ven p\u0159ed chatku. Zad\u00edval jsem se na m\u011bs\u00edc. Jak je to dlouho, co jsem se na n\u011bj ned\u00edval? V\u017edy\u0165 jsem pohled na jeho bledou z\u00e1\u0159i v\u017edycky miloval. Jak moc se v\u0161echno zm\u011bnilo.<\/div>\n<div style=\"text-align:justify\">Rozhodl jsem se trochu prov\u011btrat proch\u00e1zkou. Co na tom, \u017ee u\u017e je v\u0161ude tma?<\/p>\n<p><strong>autor: Wind<\/strong><\/div>\n<div style=\"text-align:justify\"><strong>betaread: J. :o)<\/strong><\/div>\n","protected":false},"excerpt":{"rendered":"<p>\u010d\u00edst cel\u00e9: http:\/\/bit.ly\/12oBflP statistika: http:\/\/bit.ly\/12oBflP+ autor: Wind Tenhle d\u00edl jsem za\u010dala ps\u00e1t den na to, co na TWC blogu vy\u0161el posledn\u00ed d\u00edl Timeless love. Koment\u00e1\u0159e, kter\u00e9 jste mi k tomu n\u011bkte\u0159\u00ed napsali, mi vlily novou s\u00edlu a pomohly mi p\u0159ekonat nehor\u00e1zn\u011b dlouh\u00e9<\/p>\n<p class=\"link-more\"><a class=\"myButt \" href=\"https:\/\/twincestblog.cz\/domains\/twincestblog.cz\/2013\/06\/04\/insecure-ii-novy-domov-novy-zacatek-8\/\">Read More<\/a><\/p>\n","protected":false},"author":1,"featured_media":0,"comment_status":"open","ping_status":"open","sticky":false,"template":"","format":"standard","meta":{"_exactmetrics_skip_tracking":false,"_exactmetrics_sitenote_active":false,"_exactmetrics_sitenote_note":"","_exactmetrics_sitenote_category":0,"footnotes":""},"categories":[553],"tags":[],"class_list":["post-4965","post","type-post","status-publish","format-standard","hentry","category-insecure-ii-novy-domov-novy-zacatek"],"_links":{"self":[{"href":"https:\/\/twincestblog.cz\/domains\/twincestblog.cz\/wp-json\/wp\/v2\/posts\/4965","targetHints":{"allow":["GET"]}}],"collection":[{"href":"https:\/\/twincestblog.cz\/domains\/twincestblog.cz\/wp-json\/wp\/v2\/posts"}],"about":[{"href":"https:\/\/twincestblog.cz\/domains\/twincestblog.cz\/wp-json\/wp\/v2\/types\/post"}],"author":[{"embeddable":true,"href":"https:\/\/twincestblog.cz\/domains\/twincestblog.cz\/wp-json\/wp\/v2\/users\/1"}],"replies":[{"embeddable":true,"href":"https:\/\/twincestblog.cz\/domains\/twincestblog.cz\/wp-json\/wp\/v2\/comments?post=4965"}],"version-history":[{"count":0,"href":"https:\/\/twincestblog.cz\/domains\/twincestblog.cz\/wp-json\/wp\/v2\/posts\/4965\/revisions"}],"wp:attachment":[{"href":"https:\/\/twincestblog.cz\/domains\/twincestblog.cz\/wp-json\/wp\/v2\/media?parent=4965"}],"wp:term":[{"taxonomy":"category","embeddable":true,"href":"https:\/\/twincestblog.cz\/domains\/twincestblog.cz\/wp-json\/wp\/v2\/categories?post=4965"},{"taxonomy":"post_tag","embeddable":true,"href":"https:\/\/twincestblog.cz\/domains\/twincestblog.cz\/wp-json\/wp\/v2\/tags?post=4965"}],"curies":[{"name":"wp","href":"https:\/\/api.w.org\/{rel}","templated":true}]}}