{"id":5355,"date":"2013-02-04T17:00:00","date_gmt":"2013-02-04T16:00:00","guid":{"rendered":"http:\/\/twincestblog.cz\/?p=5340"},"modified":"2013-02-04T17:00:00","modified_gmt":"2013-02-04T16:00:00","slug":"zprava","status":"publish","type":"post","link":"https:\/\/twincestblog.cz\/domains\/twincestblog.cz\/2013\/02\/04\/zprava\/","title":{"rendered":"Zpr\u00e1va"},"content":{"rendered":"<div><\/div>\n<div style=\"text-align:justify\"><strong>autor: Luciana<br \/><\/strong><\/p>\n<p>Byla p\u00e1te\u010dn\u00ed noc, t\u011bsn\u011b p\u0159ed p\u016flnoc\u00ed a Tom sed\u011bl u po\u010d\u00edta\u010de. \u010cekal, a\u017e se zapne, aby se mohl pod\u00edvat, co je nov\u00e9ho, tak jako to d\u011blal t\u00e9m\u011b\u0159 ka\u017edou noc, ne\u017e \u0161el sp\u00e1t. Byl r\u00e1d, \u017ee hodinov\u00fd hovor s tou ot\u0159esnou f\u016fri\u00ed Natalii, u\u017e m\u00e1 za sebou. Na facebooku m\u011bl novou zpr\u00e1vu, Bill Kaulitz psal. Nech\u00e1pal, pro\u010d mu nenapsal na mobil, v\u017edy\u0165 jeho \u010d\u00edslo m\u00e1 a psal mu. I kdy\u017e to u\u017e je n\u011bjakou dobu. Otev\u0159el zpr\u00e1vu a za\u010dal \u010d\u00edst.<\/p>\n<p><em>&#8222;Ahoj Tome, v\u00edm, \u017ee nem\u00e1\u0161 r\u00e1d, jak ty \u0159\u00edk\u00e1\u0161 &#8218;rom\u00e1ny&#8216;, ale jinak to nejde. Ve\u0159\u00edm, \u017ee si m\u011b dob\u0159e pamatuje\u0161 po tom, co se stalo. Ale vzpom\u00edn\u00e1\u0161 na za\u010d\u00e1tky? Ty proch\u00e1zky, sm\u00edch, dr\u017een\u00ed za ruce, ty polibky, u kter\u00fdch jsme nev\u011bd\u011bli, jestli ned\u011bl\u00e1me chybu. V\u011b\u0159\u00edm, \u017ee to chyba nebyla. M\u00e1m to schovan\u00e9, to v\u0161echno mezi n\u00e1mi. I ty na\u0161e p\u00e1dy, kter\u00e9 jsme p\u0159ece dok\u00e1zali zvl\u00e1dnout. T\u00e9m\u011b\u0159 v\u0161echny. A\u017e na ten posledn\u00ed, kter\u00fd m\u011b \u00fapln\u011b polo\u017eil. M\u011bl jsem chu\u0165 to kompletn\u011b vzd\u00e1t. Rad\u011bj jsem jel pry\u010d, abych t\u011b nemusel vid\u011bt, proto\u017ee tv\u00e9 chov\u00e1n\u00ed ke mn\u011b ten den bylo\u2026 nev\u00edm, dote\u010f nech\u00e1pu, co t\u011b to vzalo. \u010cas, kdy jsem byl pry\u010d, jsem se bavil a sna\u017eil se nemyslet.<\/em><\/div>\n<div style=\"text-align:justify\"><em>&#8222;ale p\u0159eju jim to!&#8220;, tohle jsem si \u0159ekl se slzami v o\u010d\u00edch, kdy\u017e jsem na tv\u00e9m profilu vid\u011bl &#8218;ve vztahu s\u2026&#8216;. P\u0159\u00e1l jsem ti, abys byl \u0161\u0165astn\u00fd alespo\u0148 s n\u00ed, kdy\u017e se mnou to nevy\u0161lo.<\/p>\n<p>A\u017e jednoho dne jsi mi napsal. Srdce mi m\u00e1lem vysko\u010dilo z hrudi, lekl jsem se, a p\u0159esto m\u011b to pot\u011b\u0161ilo. Domluvili jsme si sraz. Nevy\u0161lo to. A pak zas ne.<\/em><\/div>\n<div style=\"text-align:justify\"><em>&#8218;Nejsme si holt souzeni.&#8216;, \u0159\u00edkal jsem si. Ale psali jsme si, nev\u011bd\u011bl jsem pro\u010d, ale byl jsem r\u00e1d, \u017ee na m\u011b mysl\u00ed\u0161. Bylo a je toho tolik, na co bych se cht\u011bl zeptat, ale nemohu.<br \/><\/em><\/div>\n<hr \/>\n<div style=\"text-align:justify\"><em><\/p>\n<p>A pak jednou. Domluvili jsme se, \u017ee p\u016fjdem ven a vy\u0161lo to! Byla sobota v noci a my se po tolika m\u011bs\u00edc\u00edch zase vid\u011bli. Tvoje o\u010di a \u00fasm\u011bv, cht\u011bl jsem to zp\u00e1tky, ale bylo to jej\u00ed, bohu\u017eel. Pov\u00eddali jsme si dlouho a ani jeden z n\u00e1s necht\u011bl j\u00edt dom\u016f, ale museli jsme. Zni\u010dehonic jsi m\u011b pol\u00edbil. Kdybys v\u011bd\u011bl, jak mi v tu chv\u00edli bylo. Necht\u011bl jsem t\u011b u\u017e nikdy pustit. P\u0159es t\u00fdden jsme si psali smsky t\u00e9m\u011b\u0159 jako d\u0159\u00edv. Zase jsem se do tebe zamiloval, ne \u017ee bych t\u011b n\u011bkdy milovat p\u0159estal. Ale byl jsi s n\u00ed, cht\u011bl jsem toho tolik ud\u011blat, ale nemohl jsem. Dal\u0161\u00ed v\u00edkend jsme se setkali znovu, m\u011bl jsi mi n\u011bco \u0159\u00edct. Ud\u011blal jsi to d\u0159\u00edv, \u010deho\u017e na jednu stranu lituju. Cht\u011bl jsem to sly\u0161et p\u0159\u00edmo od tebe.<\/p>\n<p>&#8218;Je mi to v\u0161echno l\u00edto, ty jsi pro m\u011b dokonal\u00fd. A\u017e s n\u00ed nebudu, cht\u011bl bych to zkusit zase s tebou. Teda pokud chce\u0161.&#8216;, \u00fapln\u011b m\u011b to dostalo. \u0160ance b\u00fdt s tebou znova pro m\u011b \u0161\u00edlen\u011b moc znamenala. A v tu sobotu, kdy jsme se vid\u011bli znova, ty v\u00ed\u0161. V\u00ed\u0161, co to pro m\u011b znamenalo. C\u00edtil jsem se zase \u0161\u0165astn\u00fd. &#8218;Miluju t\u011b!&#8216;, \u0159ekl jsem a koukal ti do o\u010d\u00ed, kdy\u017e jsme spolu le\u017eeli, a ty? Koukl jsi na m\u011b a \u0159ekl: &#8218;J\u00e1 t\u011b taky miluju.&#8216;. Cht\u011blo se mi bre\u010det, kdy\u017e jsi to \u0159ekl\u2026<\/p>\n<p>Ale te\u010f? Nen\u00ed to zase tak d\u00e1vno, co jsme se vid\u011bli naposledy. Chov\u00e1\u0161 se, jako bych byl vzduch. J\u00e1 v\u00edm, \u0159ekl jsi, \u017ee je to s n\u00ed slo\u017eit\u00e9, \u017ee to nejde hned. Ale jak je to dlouho od doby, co jsi \u0159ekl, \u017ee j\u00ed d\u00e1\u0161 definitivn\u00ed rozchod? Nevid\u00ed\u0161, jak m\u011b to ni\u010d\u00ed. Tv\u00e9 chov\u00e1n\u00ed m\u011b donutilo se zamyslet. A j\u00e1 to vzd\u00e1v\u00e1m. Te\u010f u\u017e opravdu. Jen m\u00e1m zas zlomen\u00e9 srdce jako u\u017e tolikr\u00e1t. Za to, \u017ee jsem v\u011b\u0159il. Miluju t\u011b a ty to v\u00ed\u0161. Ud\u011bl\u00e1m, co je nejlep\u0161\u00ed. Tak\u017ee se m\u011bj.&#8220;<\/p>\n<p><\/em> Tom to v\u011bd\u011bl. V\u011bd\u011bl, co t\u00edmhle v\u0161\u00edm Bill myslel. V\u011bd\u011bl, \u017ee mu ubli\u017eoval, i kdy\u017e necht\u011bl, nem\u011bl moc na v\u00fdb\u011br. Te\u010f cht\u011bl vr\u00e1tit \u010das, aby se nic nepokazilo a tohle se v\u016fbec nemuselo st\u00e1t.<\/div>\n<div style=\"text-align:justify\">Psal mu. Ale bez odezvy. Bill to myslel v\u00e1\u017en\u011b. Cht\u011bl Billa zp\u00e1tky, tohle mu p\u0159ece nem\u016f\u017ee ud\u011blat. Bylo pozd\u011b. U\u017e p\u0159\u00edli\u0161 pozd\u011b a on toho litoval.<\/p>\n<p><strong>autor: Luciana<\/strong><\/div>\n<div style=\"text-align:justify\"><strong>betaread: J. :o)<\/strong><\/div>\n","protected":false},"excerpt":{"rendered":"<p>autor: Luciana Byla p\u00e1te\u010dn\u00ed noc, t\u011bsn\u011b p\u0159ed p\u016flnoc\u00ed a Tom sed\u011bl u po\u010d\u00edta\u010de. \u010cekal, a\u017e se zapne, aby se mohl pod\u00edvat, co je nov\u00e9ho, tak jako to d\u011blal t\u00e9m\u011b\u0159 ka\u017edou noc, ne\u017e \u0161el sp\u00e1t. Byl r\u00e1d, \u017ee hodinov\u00fd hovor s tou ot\u0159esnou<\/p>\n<p class=\"link-more\"><a class=\"myButt \" href=\"https:\/\/twincestblog.cz\/domains\/twincestblog.cz\/2013\/02\/04\/zprava\/\">Read More<\/a><\/p>\n","protected":false},"author":1,"featured_media":0,"comment_status":"open","ping_status":"open","sticky":false,"template":"","format":"standard","meta":{"_exactmetrics_skip_tracking":false,"_exactmetrics_sitenote_active":false,"_exactmetrics_sitenote_note":"","_exactmetrics_sitenote_category":0,"footnotes":""},"categories":[45],"tags":[],"class_list":["post-5355","post","type-post","status-publish","format-standard","hentry","category-ff-jednodilky"],"_links":{"self":[{"href":"https:\/\/twincestblog.cz\/domains\/twincestblog.cz\/wp-json\/wp\/v2\/posts\/5355","targetHints":{"allow":["GET"]}}],"collection":[{"href":"https:\/\/twincestblog.cz\/domains\/twincestblog.cz\/wp-json\/wp\/v2\/posts"}],"about":[{"href":"https:\/\/twincestblog.cz\/domains\/twincestblog.cz\/wp-json\/wp\/v2\/types\/post"}],"author":[{"embeddable":true,"href":"https:\/\/twincestblog.cz\/domains\/twincestblog.cz\/wp-json\/wp\/v2\/users\/1"}],"replies":[{"embeddable":true,"href":"https:\/\/twincestblog.cz\/domains\/twincestblog.cz\/wp-json\/wp\/v2\/comments?post=5355"}],"version-history":[{"count":0,"href":"https:\/\/twincestblog.cz\/domains\/twincestblog.cz\/wp-json\/wp\/v2\/posts\/5355\/revisions"}],"wp:attachment":[{"href":"https:\/\/twincestblog.cz\/domains\/twincestblog.cz\/wp-json\/wp\/v2\/media?parent=5355"}],"wp:term":[{"taxonomy":"category","embeddable":true,"href":"https:\/\/twincestblog.cz\/domains\/twincestblog.cz\/wp-json\/wp\/v2\/categories?post=5355"},{"taxonomy":"post_tag","embeddable":true,"href":"https:\/\/twincestblog.cz\/domains\/twincestblog.cz\/wp-json\/wp\/v2\/tags?post=5355"}],"curies":[{"name":"wp","href":"https:\/\/api.w.org\/{rel}","templated":true}]}}