{"id":5573,"date":"2012-11-26T16:00:00","date_gmt":"2012-11-26T15:00:00","guid":{"rendered":"http:\/\/twincestblog.cz\/?p=5557"},"modified":"2012-11-26T16:00:00","modified_gmt":"2012-11-26T15:00:00","slug":"rivalove-43","status":"publish","type":"post","link":"https:\/\/twincestblog.cz\/domains\/twincestblog.cz\/2012\/11\/26\/rivalove-43\/","title":{"rendered":"Rivalov\u00e9 43."},"content":{"rendered":"<div><strong>autor: Cincina<\/p>\n<p><\/strong> <em><br \/>M\u016f\u017eete mi poradit, v \u010dem si tvo\u0159\u00edte \u00favodn\u00ed fotky k pov\u00eddk\u00e1m? Moc by mi to pomohlo.<\/em><\/div>\n<div><em><br \/><\/em><\/div>\n<div><em> <\/em><\/div>\n<div><em> <\/em><\/div>\n<div style=\"text-align:center\"><img loading=\"lazy\" decoding=\"async\" width=\"490\" height=\"341\" src=\"http:\/\/twincestblog.cz\/wp-content\/uploads\/e005e4c742_89908808_o2.jpg\" alt=\"\" \/><\/div>\n<div><\/div>\n<div style=\"text-align:justify\">&#8222;M\u016f\u017eu d\u00e1l?&#8220; optal se Jorg.<\/div>\n<div style=\"text-align:justify\">&#8222;Mus\u00edte. Chci s v\u00e1mi mluvit.&#8220; Otev\u0159el dve\u0159e tak, aby Jorg mohl proj\u00edt.<\/div>\n<div style=\"text-align:justify\">&#8222;A o \u010dem?&#8220;<\/div>\n<div style=\"text-align:justify\">&#8222;O v\u00e1s a Tomovi.&#8220;<\/div>\n<div style=\"text-align:justify\">&#8222;Stalo se n\u011bco?&#8220;<\/div>\n<div style=\"text-align:justify\">&#8222;Tak to mi snad \u0159eknete vy, ne?! Jste n\u011bjak\u00fd \u00fachyl nebo co, \u017ee mi przn\u00edte syna?&#8220;<\/div>\n<div style=\"text-align:justify\">&#8222;No dovolte?!&#8220;<\/p>\n<p>Posledn\u00ed dv\u011b v\u011bty Tom usly\u0161el. Vb\u011bhl do chodby, kde oba st\u00e1li.<\/p>\n<p>&#8222;Tati!&#8220;<\/div>\n<div style=\"text-align:justify\">&#8222;Ty se do toho neple\u0165, Tome!&#8220;<\/div>\n<div style=\"text-align:justify\">&#8222;Jak neple\u0165? S Jorgem chod\u00edm j\u00e1, ne ty!&#8220;<\/div>\n<div style=\"text-align:justify\">&#8222;Vy spolu chod\u00edte, jo?&#8220; pod\u00edval se na Jorga a zm\u011b\u0159il si ho opovr\u017eliv\u00fdm pohledem.<\/div>\n<div style=\"text-align:justify\">&#8222;Jo chod\u00edme a j\u00e1 ho miluju!&#8220; Vyk\u0159ikl Tom nep\u0159irozen\u011b vysokou t\u00f3ninou. Uc\u00edtil na sob\u011b pohledy obou mu\u017e\u016f. Jorg se na n\u011bj d\u00edval dojat\u00fdm pohledem a Patrick zhnusen\u00fdm. Prvn\u00ed z mu\u017e\u016f k n\u011bmu p\u0159istoupil a pol\u00edbil jej.<\/p>\n<p>&#8222;Byl jsi pry\u010d chv\u00edli, ale chyb\u011bls mi\u2026&#8220; za\u0161eptal Jorg.<\/div>\n<div style=\"text-align:justify\">A Tom se pousm\u00e1l.<\/p>\n<\/div>\n<hr \/>\n<div style=\"text-align:justify\">&#8222;Tak tohle ne, Tome. Nechci, abys s n\u00edm byl. Je na tebe star\u00fd. V\u017edy\u0165 to m\u016f\u017ee b\u00fdt tv\u016fj t\u00e1ta!&#8220;<\/div>\n<div style=\"text-align:justify\">&#8222;J\u00e1 ho miluju, tati! Kter\u00e9mu z t\u011bch slov nerozum\u00ed\u0161?&#8220;<\/div>\n<div style=\"text-align:justify\">&#8222;Bo\u017ee svat\u00fd\u2026&#8220; zamumlal \u00fatrpn\u011b Patrick. &#8222;Miriam! Poj\u010f si prohl\u00e9dnout, s k\u00fdm n\u00e1\u0161 Tom chod\u00ed.&#8220;<\/p>\n<p>Miriam sly\u0161ela z chodby k\u0159ik, ale necht\u011blo se j\u00ed tam j\u00edt. Zase dal\u0161\u00ed starosti. M\u011bla toho pln\u00e9 zuby a po\u0159\u00e1d se n\u011bco na\u0161lo. Bu\u010f r\u00fdpal Tom nebo Patrick. Nebo oba najednou, a to bylo nejhor\u0161\u00ed. Nakonec se rozhodla a do chodby p\u0159i\u0161la. V\u0161imla si tul\u00edc\u00edho se p\u00e1ru a pousm\u00e1la se. P\u0159i\u0161la k Jorgovi a podala mu ruku.<\/p>\n<p>&#8222;Dobr\u00fd den.&#8220;<\/div>\n<div style=\"text-align:justify\">&#8222;Dobr\u00fd den.&#8220; Usm\u00e1l se na ni Jorg. Kone\u010dn\u011b n\u011bkdo, kdo se na n\u011bj usm\u00e1l, kdy\u017e nepo\u010d\u00edtal Toma.<\/div>\n<div style=\"text-align:justify\">&#8222;Paricku, mysl\u00edm, \u017ee tento p\u00e1n vypad\u00e1 mile.&#8220; Oto\u010dila se na Jorga. &#8222;Ned\u00e1te si kafe?&#8220;<\/div>\n<div style=\"text-align:justify\">&#8222;R\u00e1d si d\u00e1m.&#8220;<\/p>\n<p>V KUCHYNI<\/p>\n<p>Tom si sedl Jorgovi na kl\u00edn. Opravdu vypadal jako mal\u00e9 d\u00edt\u011b, kter\u00e9 sed\u00ed na kl\u00edn\u011b t\u00e1tovi.<\/div>\n<div style=\"text-align:justify\"><em>Pro\u010d to ta Miriam nevid\u00ed? To jsem jedin\u00fd, kdo s t\u00edm nesouhlas\u00ed? V\u017edycky jsem cht\u011bl pro Toma to nejlep\u0161\u00ed. Chci, aby si na\u0161el p\u0159\u00edtelkyni a zalo\u017eil s n\u00ed rodinu, sakra! Kde ten m\u016fj syn vzal to, \u017ee je gay, bo\u017ee? Nepozoroval jsem ani nic, co by tomu nasv\u011bd\u010dovalo. Choval se jako norm\u00e1ln\u00ed kluk. R\u00e1d hr\u00e1l fotbal, hokej, r\u00e1d jezdil na kole. Prost\u011b jako norm\u00e1ln\u00ed kluk. Najednou se n\u011bco zlomilo a je gay?&#8230; NE!<\/p>\n<p><\/em> &#8222;A jak jste se sezn\u00e1mili?&#8220; zeptala se zv\u011bdav\u011b Miriam a postavila p\u0159ed Jorga k\u00e1vu.<\/div>\n<div style=\"text-align:justify\">&#8222;No.&#8220; Usrkl z hrne\u010dku &#8222;P\u0159es Billa.&#8220;<\/div>\n<div style=\"text-align:justify\">&#8222;To byl tv\u016fj b\u00fdval\u00fd, \u017ee?&#8220; obr\u00e1tila se s ot\u00e1zkou na Toma.<\/div>\n<div style=\"text-align:justify\">&#8222;Ano.&#8220; P\u00edpl Tom st\u00e1le sed\u00edc\u00ed Jorgovi na kl\u00edn\u011b.<\/div>\n<div style=\"text-align:justify\">&#8222;No a jak vy\u2026 dva\u2026 no v\u00edte co?&#8220;<\/div>\n<div style=\"text-align:justify\">&#8222;Pokud v\u00e1m to Tom chce \u0159\u00edct, tak se nebr\u00e1n\u00edm.&#8220; Rozesm\u00e1l se Jorg.<\/div>\n<div style=\"text-align:justify\">&#8222;Ono\u2026 nejd\u0159\u00edv jsem ho nesn\u00e1\u0161el, mami. No a pak najednou <em>bum<\/em> a bylo tu tohle.&#8220; Pol\u00edbil Jorga.<\/div>\n<div style=\"text-align:justify\">&#8222;Slu\u0161\u00ed v\u00e1m to spolu\u2026&#8220; Miriam byla z Jorga une\u0161en\u00e1. P\u016fsobil sympatick\u00fdm dojmem a Tom vypadal o\u010dividn\u011b spokojen\u011b. A p\u0159esn\u011b tohle pro Toma v\u017edycky cht\u011bla. I kdy\u017e je spokojen\u00fd s mu\u017eem. Nevad\u00ed j\u00ed to.<\/p>\n<p>&#8222;Ehm.&#8220; V\u0161ichni se oto\u010dili na Patricka. &#8222;Zaj\u00edm\u00e1 tu n\u011bkoho i m\u016fj n\u00e1zor? Klidn\u011b m\u016f\u017eu odej\u00edt.&#8220;<\/div>\n<div style=\"text-align:justify\">&#8222;V\u017edy\u0165 jsi sv\u016fj n\u00e1zor u\u017e \u0159ekl tati.&#8220;<\/div>\n<div style=\"text-align:justify\">&#8222;Jo a taky ho klidn\u011b je\u0161t\u011b jednou zopakuju. Tady s t\u00edmhle \u00fachylem se sch\u00e1zet nebude\u0161, Tome!&#8220;<\/div>\n<div style=\"text-align:justify\">&#8222;Patricku!&#8220; obo\u0159ila se na n\u011bj Miriam. &#8222;Chovej se slu\u0161n\u011b k hostovi!&#8220;<\/div>\n<div style=\"text-align:justify\">&#8222;Jorgu, mysl\u00edm, \u017ee byste m\u011bl odej\u00edt.&#8220;<\/div>\n<div style=\"text-align:justify\">&#8222;Tak\u00e9 si to mysl\u00edm.&#8220;<\/div>\n<div style=\"text-align:justify\">&#8222;C-co? Nikam nejde\u0161 Jorgu!&#8220;<\/div>\n<div style=\"text-align:justify\">&#8222;Ale ano, Tome.&#8220; Sundal ho ze sv\u00e9ho kl\u00edna. &#8222;Pan\u00ed jste velmi mil\u00e1 \u017eena a jsem r\u00e1d, \u017ee aspo\u0148 v\u00e1m se l\u00edb\u00edm. Ale u\u017e p\u016fjdu.&#8220; A ode\u0161el pry\u010d.<\/p>\n<p>&#8222;PRO\u010c SI TO ZKAZIL?!&#8220; Za\u0159val na otce.<\/div>\n<div style=\"text-align:justify\">&#8222;J\u00e1 nic nezkazil.&#8220;<\/div>\n<div style=\"text-align:justify\">&#8222;NE? NEP\u0158EJE\u0160 MI \u0160T\u011aST\u00cd! POCHOP U\u017d KONE\u010cN\u011a, \u017dE JSEM GAY! MILUJU, KDY\u017d M\u011a \u0160UK\u00c1 CHLAP A NE, KDY\u017d \u0160UK\u00c1M HOLKU!&#8220;<\/div>\n<div style=\"text-align:justify\">Patrick se neudr\u017eel. Rychl\u00fdm krokem p\u0159i\u0161el k Tomovi a zbil ho. Dal mu nespo\u010det facek a jednou ho i kopl do b\u0159icha.<\/div>\n<div style=\"text-align:justify\">Tom se sesunul na zem.<\/div>\n<div style=\"text-align:justify\">&#8222;Co to d\u011bl\u00e1\u0161 Patricku!&#8220; Miriam na n\u011bj sko\u010dila a odtrhla ho od Toma. &#8222;B\u011b\u017e pry\u010d!&#8220;<\/div>\n<div style=\"text-align:justify\">A Patrick ode\u0161el do lo\u017enice.<\/p>\n<p><strong>autor: Cincina<\/strong><\/div>\n<div><strong>betaread: J. :o)<\/strong><\/div>\n","protected":false},"excerpt":{"rendered":"<p>autor: Cincina M\u016f\u017eete mi poradit, v \u010dem si tvo\u0159\u00edte \u00favodn\u00ed fotky k pov\u00eddk\u00e1m? Moc by mi to pomohlo. &#8222;M\u016f\u017eu d\u00e1l?&#8220; optal se Jorg. &#8222;Mus\u00edte. Chci s v\u00e1mi mluvit.&#8220; Otev\u0159el dve\u0159e tak, aby Jorg mohl proj\u00edt. &#8222;A o \u010dem?&#8220; &#8222;O v\u00e1s a Tomovi.&#8220;<\/p>\n<p class=\"link-more\"><a class=\"myButt \" href=\"https:\/\/twincestblog.cz\/domains\/twincestblog.cz\/2012\/11\/26\/rivalove-43\/\">Read More<\/a><\/p>\n","protected":false},"author":1,"featured_media":0,"comment_status":"open","ping_status":"open","sticky":false,"template":"","format":"standard","meta":{"_exactmetrics_skip_tracking":false,"_exactmetrics_sitenote_active":false,"_exactmetrics_sitenote_note":"","_exactmetrics_sitenote_category":0,"footnotes":""},"categories":[354],"tags":[],"class_list":["post-5573","post","type-post","status-publish","format-standard","hentry","category-rivalove"],"_links":{"self":[{"href":"https:\/\/twincestblog.cz\/domains\/twincestblog.cz\/wp-json\/wp\/v2\/posts\/5573","targetHints":{"allow":["GET"]}}],"collection":[{"href":"https:\/\/twincestblog.cz\/domains\/twincestblog.cz\/wp-json\/wp\/v2\/posts"}],"about":[{"href":"https:\/\/twincestblog.cz\/domains\/twincestblog.cz\/wp-json\/wp\/v2\/types\/post"}],"author":[{"embeddable":true,"href":"https:\/\/twincestblog.cz\/domains\/twincestblog.cz\/wp-json\/wp\/v2\/users\/1"}],"replies":[{"embeddable":true,"href":"https:\/\/twincestblog.cz\/domains\/twincestblog.cz\/wp-json\/wp\/v2\/comments?post=5573"}],"version-history":[{"count":0,"href":"https:\/\/twincestblog.cz\/domains\/twincestblog.cz\/wp-json\/wp\/v2\/posts\/5573\/revisions"}],"wp:attachment":[{"href":"https:\/\/twincestblog.cz\/domains\/twincestblog.cz\/wp-json\/wp\/v2\/media?parent=5573"}],"wp:term":[{"taxonomy":"category","embeddable":true,"href":"https:\/\/twincestblog.cz\/domains\/twincestblog.cz\/wp-json\/wp\/v2\/categories?post=5573"},{"taxonomy":"post_tag","embeddable":true,"href":"https:\/\/twincestblog.cz\/domains\/twincestblog.cz\/wp-json\/wp\/v2\/tags?post=5573"}],"curies":[{"name":"wp","href":"https:\/\/api.w.org\/{rel}","templated":true}]}}