{"id":5913,"date":"2012-09-10T10:00:00","date_gmt":"2012-09-10T09:00:00","guid":{"rendered":"http:\/\/twincestblog.cz\/?p=5896"},"modified":"2012-09-10T10:00:00","modified_gmt":"2012-09-10T09:00:00","slug":"mereni-navstevnosti-mysticke-tabu","status":"publish","type":"post","link":"https:\/\/twincestblog.cz\/domains\/twincestblog.cz\/2012\/09\/10\/mereni-navstevnosti-mysticke-tabu\/","title":{"rendered":"M\u011b\u0159en\u00ed n\u00e1v\u0161t\u011bvnosti &#8211; mystick\u00e9 tabu"},"content":{"rendered":"<div>Ahoj lidi,<\/div>\n<div><\/div>\n<div style=\"text-align:justify\">p\u0159ed chv\u00edl\u00ed jsem se v\u00e1m tak vyto\u010dila, a\u017e se z toho mus\u00edm vypsat. T\u00fdk\u00e1 se to t\u00fd ne\u0161\u0165astn\u00fd <strong>n\u00e1v\u0161t\u011bvnosti<\/strong>, kterou u\u017e blog.cz m\u011bs\u00edc nen\u00ed schopen uv\u00e9zt zp\u00e1tky do provozu. O to by asi ani tak ne\u0161lo, i kdy\u017e je to fakt k na\u0161tv\u00e1n\u00ed, proto\u017ee to je jedin\u00e1 \u0161ance, jak v\u00e1s p\u0159i dne\u0161n\u00ed lenosti \u010dten\u00e1\u0159\u016f aspo\u0148 n\u011bjak informovat, kolik lid\u00ed \u010detlo prvn\u00ed t\u0159i \u010dl\u00e1nky, ale jde tu o n\u011bco jin\u00fdho, a to je p\u0159\u00edstup blogu.cz<\/div>\n<div style=\"text-align:justify\"><\/div>\n<div style=\"text-align:justify\">U\u017e jsem si asi desetkr\u00e1t za tu dobu \u0159\u00edkala, \u017ee nap\u00ed\u0161u Standovi, co se s t\u00edm d\u011bje, a\u0165 u\u017e to proboha sprav\u011bj, ale v\u017edycky jsem si nakonec \u0159ekla &#8211; lenost je n\u011bkdy fakt d\u011bsn\u00e1 v\u011bc &#8211; \u017ee u\u017e mu tam ur\u010dit\u011b psalo stovky na\u0161tvanejch majitel\u016f blog\u016f, a \u017ee bych se akor\u00e1t zbyte\u010dn\u011b unavovala. Ale to jsem netu\u0161ila, \u017ee tohle t\u00e9ma je pro mil\u00e9ho admina (nebo n\u011bkoho nad n\u00edm, to fakt netu\u0161\u00edm) n\u011bco jako <em>&#8222;vy v\u00edte kdo&#8220;<\/em>. Z oby\u010dejn\u00e9 kraviny jm\u00e9nem <em>m\u011b\u0159en\u00ed n\u00e1v\u0161t\u011bvnosti<\/em> se z\u0159ejm\u011b stalo TABU.<\/div>\n<div style=\"text-align:justify\"><\/div>\n<div style=\"text-align:justify\"><\/div>\n<div style=\"text-align:center\"><img loading=\"lazy\" decoding=\"async\" width=\"225\" height=\"225\" src=\"http:\/\/twincestblog.cz\/wp-content\/uploads\/30f894f5e5_88503731_o2.jpg\" alt=\"\" \/><\/div>\n<div style=\"text-align:center\"><\/div>\n<div style=\"text-align:justify\"><\/div>\n<div style=\"text-align:justify\">Chod\u00edm dost \u010dasto na &#8222;srdce blogu&#8220;, kde se v\u011bt\u0161inou informuje o novink\u00e1ch, a u\u017e jsem si kolikr\u00e1t za ten m\u011bs\u00edc \u0159\u00edkala, \u017ee je dost divn\u00fd, \u017ee se tam na to nikdo v koment\u00e1\u0159\u00edch nept\u00e1. A\u017e te\u010f o v\u00edkendu jsem pochopila, jak se v\u011bci maj\u00ed. \ud83d\ude00 Samoz\u0159ejm\u011b, \u017ee se tam na to lidi ptaj\u00ed, ale co se ned\u011bje? Nev\u011b\u0159ili byste&#8230; v\u0161echny koment\u00e1\u0159e tohoto typu jsou maz\u00e1ny. Odpov\u011b\u010f \u017e\u00e1dn\u00e1, prost\u011b tabu jak vy\u0161it\u00fd.<\/div>\n<div style=\"text-align:justify\"><\/div>\n<div style=\"text-align:justify\">Abych pravdu \u0159ekla, dost dob\u0159e to nech\u00e1pu. <a href=\"http:\/\/blog.blog.cz\/1209\/ohlednuti-za-letni-navstevnosti#komentare\" target=\"_blank\" rel=\"noopener noreferrer\">Posledn\u00ed \u010dl\u00e1nek<\/a> na srdci blogu se t\u00fdk\u00e1 pr\u00e1v\u011b n\u00e1v\u0161t\u011bvnosti &#8211; je to cel\u00e9 o m\u011b\u0159en\u00ed p\u0159es Google analytics, a jak to bylo s n\u00e1v\u0161t\u011bvnost\u00ed &#8222;srdce blogu&#8220; p\u0159es l\u00e9to d\u00edky tomuhle m\u011b\u0159en\u00ed. O vlastn\u00edm nefunk\u010dn\u00edm po\u010d\u00edtadle ani slovo. Jako by se n\u00e1m sna\u017eili t\u00edmto ml\u010den\u00edm lehce nazna\u010dit, \u017ee to do budoucna bude jedin\u00e1 mo\u017enost, jak si zm\u011b\u0159it n\u00e1v\u0161t\u011bvnost blogu, a \u017ee to jejich slavn\u00fd po\u010d\u00edt\u00e1n\u00ed u\u017e nikdy fungovat nebude.<\/div>\n<div style=\"text-align:justify\"><\/div>\n<div style=\"text-align:justify\">No a samoz\u0159ejm\u011b, \u017ee se b\u011bhem v\u00edkendu za\u010daly zrovna pod t\u00edmhle \u010dl\u00e1nkem &#8211; zcela logicky &#8211; mno\u017eit st\u00ed\u017enosti a dotazy na to, kdy u\u017e kone\u010dn\u011b bude po\u010d\u00edtat i blog. \u010cetla jsem si tam i o tom, jak v pond\u011bl\u00ed zase p\u0159ijde admin do pr\u00e1ce a v\u0161echny ty koment\u00e1\u0159e sma\u017ee a uzav\u0159e je, a \u017ee na mejlu a FB taky d\u011blaj\u00ed mrtv\u00fdho brouka. Fakt se mi tomu necht\u011blo v\u011b\u0159it, Standa byl v\u017edycky f\u00e9rovej chlap, n\u011bkolikr\u00e1t n\u00e1m pomohl s blogem, a tohle bych do n\u011bj v\u00e1\u017en\u011b ne\u0159ekla. Leda by to nebyla jeho iniciativa, m\u011bl to prost\u011b p\u0159\u00edkazem, ale to se nejsp\u00ed\u0161 taky nikdy nedozv\u00edm. \u010cekala jsem, co se stane po v\u00edkendu, a pr\u00e1v\u011b p\u0159ed chv\u00edl\u00ed jsem zjistila, \u017ee ty koment\u00e1\u0159e opravdu zmizely, z\u016fstal tam jen jeden ubohej, kterej se zrovna o tomhle t\u00e9matu nezm\u00ednil, a komenty byly uzav\u0159eny.<\/div>\n<div style=\"text-align:justify\"><\/div>\n<div style=\"text-align:justify\">Je to neuv\u011b\u0159iteln\u011b TRAPN\u00c9.<\/div>\n<div style=\"text-align:justify\"><\/div>\n<div style=\"text-align:justify\">Takhle se chovaj dosp\u011bl\u00fd lidi? Nebo firma nebo co to vlastn\u011b je? \u017de by rumunskej vlastn\u00edk Novy zav\u00e1d\u011bl n\u011bjak\u00fd nov\u00fd pravidla, jak se slu\u0161n\u011b chovat k lidem? A a\u0165 na m\u011b nikdo nechod\u00ed s tou v\u011b\u010dnou odrhova\u010dkou, \u017ee je to tady &#8222;zdarma&#8220; a \u017ee m\u00e1me dr\u017eet hubu a krok. Ta neskute\u010dn\u011b otravn\u00e1 u\u0159van\u00e1 reklama, co se j\u00ed neust\u00e1le mus\u00edm vyh\u00fdbat, aby m\u011b v tich\u00fdm ob\u00fdv\u00e1ku neklepla pepka, kdy\u017e na ni n\u00e1hodou najedu my\u0161\u00ed, opravdu zadarmo nen\u00ed, o dal\u0161\u00edch nemluv\u011b.<\/div>\n<div style=\"text-align:justify\"><\/div>\n<div style=\"text-align:justify\">Kdy\u017e jsem se \u0161la te\u010f (10:20) znovu pod\u00edvat na \u010dl\u00e1nek &#8211; v\u00edcem\u00e9n\u011b, abych zjistila, jestli mi funguje odkaz, tak jsem zjistila, \u017ee koment\u00e1\u0159e byly znovu uvoln\u011bny, tak\u017ee jsem zv\u011bdav\u00e1, co se tam te\u010f bude d\u00edt. \ud83d\ude42<\/div>\n<div style=\"text-align:justify\"><\/div>\n<div style=\"text-align:justify\">No&#8230; nebudu se d\u00e1l roz\u010dilovat, nebudu si kv\u016fli nim ni\u010dit zdrav\u00ed, jen jsem v\u00e1s cht\u011bla informovat, jak to vypad\u00e1, a m\u00e1m z toho te\u010f po zku\u0161enosti s arogantn\u00edm chov\u00e1n\u00edm administr\u00e1tor\u016f opravdu dojem, \u017ee to ml\u010den\u00ed ze strany blogu n\u00e1m m\u00e1 nazna\u010dit, \u017ee u\u017e se z\u0159ejm\u011b po\u010d\u00edt\u00e1n\u00ed n\u00e1v\u0161t\u011bvnosti, pota\u017emo t\u0159\u00ed nej\u010dten\u011bj\u0161\u00edch \u010dl\u00e1nk\u016f nedo\u010dk\u00e1me. No&#8230; uvid\u00edme.<\/div>\n<div style=\"text-align:justify\"><\/div>\n<div style=\"text-align:justify\">A je\u0161t\u011b jedna mali\u010dkost, takov\u00e1 netradi\u010dn\u00ed, m\u00e1lokdy se tu o n\u00ed mluv\u00ed \ud83d\ude00<\/div>\n<div><\/div>\n<div style=\"text-align:center\"><strong>KOMENTUJTE<\/strong><\/div>\n<div><\/div>\n<div style=\"text-align:justify\">Moment\u00e1ln\u011b je to opravdu jedin\u00e1 mo\u017enost, jak se autor m\u016f\u017ee dozv\u011bd\u011bt, \u017ee n\u011bkdo jeho pov\u00eddku \u010detl. Pokud to d\u011blat nebudete, m\u016f\u017ee se v\u00e1m st\u00e1t, \u017ee se v\u00e1m to jednou vr\u00e1t\u00ed. Pamatujte:<\/div>\n<div><\/div>\n<div style=\"text-align:center\">&#8222;Chovej se k ostatn\u00edm tak, jak chce\u0161, aby se oni chovali k tob\u011b.&#8220;<\/div>\n<div style=\"text-align:center\"><\/div>\n<div style=\"text-align:center\">Hezk\u00fd pond\u011bl\u00ed, J. :o)<\/div>\n","protected":false},"excerpt":{"rendered":"<p>Ahoj lidi, p\u0159ed chv\u00edl\u00ed jsem se v\u00e1m tak vyto\u010dila, a\u017e se z toho mus\u00edm vypsat. T\u00fdk\u00e1 se to t\u00fd ne\u0161\u0165astn\u00fd n\u00e1v\u0161t\u011bvnosti, kterou u\u017e blog.cz m\u011bs\u00edc nen\u00ed schopen uv\u00e9zt zp\u00e1tky do provozu. O to by asi ani tak ne\u0161lo, i kdy\u017e je to<\/p>\n<p class=\"link-more\"><a class=\"myButt \" href=\"https:\/\/twincestblog.cz\/domains\/twincestblog.cz\/2012\/09\/10\/mereni-navstevnosti-mysticke-tabu\/\">Read More<\/a><\/p>\n","protected":false},"author":1,"featured_media":0,"comment_status":"open","ping_status":"open","sticky":false,"template":"","format":"standard","meta":{"_exactmetrics_skip_tracking":false,"_exactmetrics_sitenote_active":false,"_exactmetrics_sitenote_note":"","_exactmetrics_sitenote_category":0,"footnotes":""},"categories":[7],"tags":[],"class_list":["post-5913","post","type-post","status-publish","format-standard","hentry","category-about"],"_links":{"self":[{"href":"https:\/\/twincestblog.cz\/domains\/twincestblog.cz\/wp-json\/wp\/v2\/posts\/5913","targetHints":{"allow":["GET"]}}],"collection":[{"href":"https:\/\/twincestblog.cz\/domains\/twincestblog.cz\/wp-json\/wp\/v2\/posts"}],"about":[{"href":"https:\/\/twincestblog.cz\/domains\/twincestblog.cz\/wp-json\/wp\/v2\/types\/post"}],"author":[{"embeddable":true,"href":"https:\/\/twincestblog.cz\/domains\/twincestblog.cz\/wp-json\/wp\/v2\/users\/1"}],"replies":[{"embeddable":true,"href":"https:\/\/twincestblog.cz\/domains\/twincestblog.cz\/wp-json\/wp\/v2\/comments?post=5913"}],"version-history":[{"count":0,"href":"https:\/\/twincestblog.cz\/domains\/twincestblog.cz\/wp-json\/wp\/v2\/posts\/5913\/revisions"}],"wp:attachment":[{"href":"https:\/\/twincestblog.cz\/domains\/twincestblog.cz\/wp-json\/wp\/v2\/media?parent=5913"}],"wp:term":[{"taxonomy":"category","embeddable":true,"href":"https:\/\/twincestblog.cz\/domains\/twincestblog.cz\/wp-json\/wp\/v2\/categories?post=5913"},{"taxonomy":"post_tag","embeddable":true,"href":"https:\/\/twincestblog.cz\/domains\/twincestblog.cz\/wp-json\/wp\/v2\/tags?post=5913"}],"curies":[{"name":"wp","href":"https:\/\/api.w.org\/{rel}","templated":true}]}}