{"id":6466,"date":"2012-05-25T17:00:00","date_gmt":"2012-05-25T16:00:00","guid":{"rendered":"http:\/\/twincestblog.cz\/?p=6448"},"modified":"2012-05-25T17:00:00","modified_gmt":"2012-05-25T16:00:00","slug":"zeiten-andern-dich-73","status":"publish","type":"post","link":"https:\/\/twincestblog.cz\/domains\/twincestblog.cz\/2012\/05\/25\/zeiten-andern-dich-73\/","title":{"rendered":"Zeiten \u00e4ndern dich 73."},"content":{"rendered":"<div><\/div>\n<div><strong>autor: Mintam<\/strong><\/div>\n<div><strong> <\/strong><\/div>\n<div><strong><br \/><\/strong><\/div>\n<div><strong> <\/strong><\/div>\n<div style=\"text-align:center\"><strong><img loading=\"lazy\" decoding=\"async\" width=\"584\" height=\"334\" src=\"http:\/\/twincestblog.cz\/wp-content\/uploads\/e0d63d5505_80767042_o2.jpg\" alt=\"\" \/><\/p>\n<p><\/strong><\/div>\n<div style=\"text-align:justify\">&#8222;Sly\u0161el jsi m\u011b, kdy\u017e jsem \u0159\u00edkal, \u017ee mi bude\u0161 muset v\u011b\u0159it?&#8220; zept\u00e1 se Tom, kdy\u017e si ho vyd\u011b\u0161en\u011b prohl\u00e9dnu. Vzal mne ke st\u00e1j\u00edm a rozhodl se, \u017ee mi jednodu\u0161e uk\u00e1\u017ee, \u017ee m\u016f\u017eu jet na koni. Jsem z toho dost nesv\u016fj, ale zase nemohu \u0159\u00edci, \u017ee bych Tomovi nev\u011b\u0159il.<br \/>&#8222;Jasn\u011b, ale&#8230;&#8220;<br \/>&#8222;Tak mi v\u011b\u0159.&#8220;<br \/>&#8222;Jsi si jist\u00fd, \u017ee to chce\u0161 zkusit?&#8220; prohl\u00e9dnu si z bezpe\u010dn\u00e9 vzd\u00e1lenosti \u010dern\u00e9ho h\u0159ebce jm\u00e9nem Thady.<br \/>&#8222;Kdy\u017e bych si nebyl jist\u00fd, tak bych t\u011b sem nep\u0159ivedl. Krom toho, poslouchal ses n\u011bkdy, kdy\u017e mluv\u00ed\u0161 o kon\u00edch? V\u017edy\u0165 to je \u00fapln\u011b l\u00e1skypln\u00fd proslov. Ne\u0159\u00edkej mi, \u017ee kv\u016fli jedin\u00fd \u0161patn\u00fd zku\u0161enosti na toho tvora zanev\u0159e\u0161.&#8220;<br \/>&#8222;Tome, j\u00e1 nev\u00edm, nejsem si jist\u00fd, v\u011bt\u0161inou ned\u011bl\u00e1m v\u011bci, kter\u00fdmi&#8230;&#8220; nedokon\u010d\u00edm to a jen vydechnu.<br \/>&#8222;Zlato,&#8220; usm\u011bje se, &#8222;budu na tom koni s tebou. A kdybych v\u011bd\u011bl, \u017ee nedok\u00e1\u017ee\u0161 p\u0159ekonat mnoh\u00e9, tak bych t\u011b sem v\u00e1\u017en\u011b v\u016fbec nevedl.&#8220;<br \/>&#8222;V\u011b\u0159\u00edm ti.&#8220;<br \/>&#8222;Tak?&#8220;<br \/>&#8222;No a sl\u00edb\u00ed\u0161 mi, \u017ee kdy\u017e mi pom\u016f\u017ee\u0161 nahoru, \u017ee se ten k\u016f\u0148 nerozeb\u011bhne s\u00e1m, ne\u017e ty nasedne\u0161 taky?&#8220;<br \/>&#8222;Slibuju. Nevytahuju se, kdy\u017e ti \u0159\u00edk\u00e1m, \u017ee m\u00e1m Thadyho pod kontrolou.&#8220;<\/p>\n<\/div>\n<hr \/>\n<div style=\"text-align:justify\">Kdy\u017e p\u0159ekon\u00e1m po\u010d\u00e1te\u010dn\u00ed strach, a nech\u00e1m se tedy za podpory a pomoci Toma vysadit na kon\u011b, poc\u00edt\u00edm p\u0159eci jen plnou d\u016fv\u011bru v n\u011bj, a\u017e kdy\u017e za sv\u00fdmi z\u00e1dy c\u00edt\u00edm pevn\u011b i Toma.<br \/>&#8222;M\u016f\u017eeme?&#8220; Jemn\u011b p\u0159ik\u00fdvnu a teprve pak se uvoln\u00edm, kdy\u017e m\u011b Tomovy dlan\u011b obejmou, aby uchytly uzdu od kon\u011b. &#8222;Tak co, boj\u00ed\u0161 se?&#8220;<br \/>&#8222;J\u00e1 nev\u00edm,&#8220; koktnu, &#8222;p\u0159eci jen sed\u00edm tady prvn\u00ed, kdyby se n\u011bco&#8230;&#8220; Chci pokra\u010dovat, ale Tom mne p\u0159eru\u0161\u00ed t\u00edm, \u017ee kon\u011b pob\u00eddne do kroku. &#8222;Zlato,&#8220; chci za\u010d\u00edt novou v\u011btu, ale v tu chv\u00edli se mi na tv\u00e1\u0159i vytvo\u0159\u00ed \u00fasm\u011bv.<br \/>&#8222;Co?&#8220;<br \/>&#8222;Asi m\u00e1\u0161 pravdu, pohled z ko\u0148sk\u00fdho h\u0159betu je skv\u011bl\u00fd.&#8220;<br \/>&#8222;Tak vid\u00ed\u0161.&#8220;<br \/>&#8222;Ale jenom s tebou.&#8220;<br \/>&#8222;Alespo\u0148 \u017ee tak.&#8220;<\/p>\n<p>&#8222;M\u011bl jsi pravdu, \u0159ekl bych ti ne, kdybych v\u011bd\u011bl, co jdeme d\u011blat,&#8220; \u0159eknu s \u00fasm\u011bvem, kdy\u017e se o hodinu pozd\u011bji v\u00e1l\u00edme jen tak, daleko od m\u011bsta, v us\u00ednaj\u00edc\u00ed tr\u00e1v\u011b. Zvednu pohled k nebi a pak ho vr\u00e1t\u00edm na pasouc\u00edho se Thadyho. Je n\u00e1dhern\u00fd.<br \/>&#8222;Ani te\u010f bys nezm\u011bnil n\u00e1zor?&#8220;<br \/>&#8222;Mo\u017en\u00e1,&#8220; pokr\u010d\u00edm rameny, ale pak se se zasm\u00e1n\u00edm p\u0159eto\u010d\u00edm na b\u0159icho, abych vid\u011bl le\u017e\u00edc\u00edmu Tomovi do tv\u00e1\u0159e. &#8222;Ale j\u00e1 prost\u011b nev\u00edm, jak to d\u011bl\u00e1\u0161, \u017ee s tebou m\u016f\u017eu cokoliv.&#8220;<br \/>&#8222;J\u00e1 si mysl\u00edm, \u017ee to nen\u00ed mnou, ale tebou.&#8220;<br \/>Nadechnu se, ale nakonec nic ne\u0159eknu a jen si ho s \u00fasm\u011bvem z\u016fstanu prohl\u00ed\u017eet. Vypad\u00e1 prost\u011b tak \u00fachvatn\u011b! Cht\u011bl bych ho okam\u017eit\u011b uma\u010dkat l\u00e1skou.<br \/>&#8222;Bille?&#8220;<br \/>&#8222;Hm?&#8220;<br \/>&#8222;Jen zkou\u0161\u00edm, jestli jsi t\u0159eba neusnul.&#8220;<br \/>&#8222;A j\u00e1 \u010dek\u00e1m, kdy se z tohohle probud\u00edm.&#8220;<br \/>&#8222;Z tohohle?&#8220;<br \/>&#8222;Prost\u011b nev\u011b\u0159\u00edm tomu, \u017ee bude\u0161 te\u010f ka\u017ed\u00fd den se mnou.&#8220;<br \/>&#8222;My jsme byli i dote\u010f ka\u017ed\u00fd den spolu,&#8220; podotkne s \u00fasm\u011bvem.<br \/>&#8222;J\u00e1 v\u00edm, ale ty v\u00ed\u0161, jak to mysl\u00edm. Nev\u011b\u0159\u00edm tomu, \u017ee jsi schopn\u00fd pro m\u011b ob\u011btovat tu \u0161kolu, kde u\u017e jsi roky, kde t\u011b v\u0161ichni znaj\u00ed, kde\u2026,&#8220; ud\u011bl\u00e1m si pauzu, abych se p\u0159ed vysloven\u00edm toho jm\u00e9na po\u0159\u00e1dn\u011b nadechnul, &#8222;m\u00e1\u0161 Andrease.&#8220;<br \/>&#8222;Kde m\u00e1\u0161 Andrease,&#8220; zopakuje po m\u011b t\u00f3nem, jako by nev\u011bd\u011bl, co ta v\u011bta znamen\u00e1.<br \/>&#8222;Prost\u011b\u2026 i p\u0159esto v\u0161echno je mi jasn\u00fd, \u017ee ho nep\u0159estane\u0161 m\u00edt r\u00e1d, jenom proto\u017ee ho j\u00e1 m\u00e1m d\u016fvod nesn\u00e1\u0161et,&#8220; chci pokra\u010dovat, ale Tom se mi do toho vlo\u017e\u00ed.<br \/>&#8222;Nem\u016f\u017ee\u0161 ho nesn\u00e1\u0161et v\u00edc ne\u017e m\u011b.&#8220;<br \/>&#8222;To je p\u0159ece hloupost.&#8220;<br \/>&#8222;Jak to? Byli jsme naprosto na stejn\u00fd\u2026 nev\u00edm jak to \u0159\u00edct\u2026 \u00farovni u tebe.&#8220;<br \/>&#8222;Ale\u2026&#8220;<br \/>&#8222;To je pravda, to se nesna\u017e podep\u0159\u00edt \u017e\u00e1dn\u00fdm ale.&#8220;<br \/>&#8222;Jen\u017ee po\u0159\u00e1d jsi byl v\u00edc\u2026&#8220;<br \/>&#8222;Bille, tak se zamysli. Ubli\u017eoval sem ti stejn\u011b jako on.&#8220;<\/p>\n<p>Bodne mne kdesi v t\u011ble, kdy\u017e tohle vyslov\u00ed, a pak jen s v\u00fddechem lehce sklon\u00edm pohled. &#8222;Nesn\u00e1\u0161el jsem t\u011b v\u00edc ne\u017e v\u0161echny lidi dohromady na t\u00e9 \u0161kole.&#8220;<br \/>&#8222;To jsem cht\u011bl sly\u0161et.&#8220;<br \/>&#8222;Ale Tome,, to u\u017e p\u0159ece d\u00e1vno nen\u00ed\u2026&#8220;<br \/>&#8222;To je v pohod\u011b, nemus\u00ed\u0161 to obhajovat. Jen jsem cht\u011bl, aby sis to uv\u011bdomil.&#8220;<br \/>&#8222;Pro\u010d chce\u0161 sly\u0161et n\u011bco tak&#8230;,&#8220; nedo\u0159eknu a s v\u00fddechem se stul\u00edm do jeho nab\u00edzen\u00e9 n\u00e1ru\u010de.<br \/>&#8222;Nechci. Nechci se vracet k ni\u010demu. Jen jsem si to cht\u011bl ujasnit,&#8220; l\u00edbne mne kr\u00e1tce do vlas\u016f. Zajedu dlan\u011bmi pod jeho triko, kde ho z\u016fstanu jemn\u011b hladit, a s v\u00fddechem zav\u0159u o\u010di.<br \/>&#8222;Tomi?&#8220;<br \/>&#8222;Hm?&#8220;<br \/>&#8222;D\u011bkuju.&#8220;<br \/>&#8222;Za co?&#8220;<br \/>&#8222;Neptej se tak hloup\u011b. Za v\u0161echno.&#8220;<br \/>&#8222;Nev\u00edm, co p\u0159esn\u011b je to v\u0161echno, ale ani to v\u0161echno neznamen\u00e1 oproti tob\u011b nic.&#8220;<br \/>&#8222;Andreas?&#8220;<br \/>&#8222;Prost\u011b u\u017e jen nevyslovuj jeho jm\u00e9no.&#8220;<br \/>&#8222;Prost\u011b u\u017e jen nebudu vyslovovat jeho jm\u00e9no.&#8220; <br \/>&#8222;D\u011bkuju.&#8220;<br \/>&#8222;Jsem n\u011bkdy otravnej, co?&#8220;<br \/>&#8222;Hm.&#8220; Zvednu pohled na sm\u011bj\u00edc\u00edho se Toma a kr\u00e1tce na n\u011bj vypl\u00e1znu jazyk. &#8222;Tak se p\u0159\u00ed\u0161t\u011b tak neptej,&#8220; pokr\u010d\u00ed rameny st\u00e1le se sm\u00edchem, a pak si uko\u0159ist\u00ed moje rty.<\/p>\n<p>&#8222;A Tome?&#8220; za\u010dnu po chvilce, ale kdy\u017e si prohl\u00e9dnu jeho v\u00fdraz, rozesm\u011bju se.<br \/>&#8222;Co?&#8220;<br \/>&#8222;Co byly za\u010d ty pap\u00edry, co ti p\u0159inesla ta holka p\u0159ed kino? Ty, kter\u00e9 m\u011bly b\u00fdt tajemstv\u00edm? To p\u0159ece nemohly b\u00fdt pap\u00edry kv\u016fli tomu p\u0159echodu.&#8220;<br \/>&#8222;Mysl\u00ed\u0161 Vivi?&#8220;<\/div>\n<div style=\"text-align:justify\">M\u00e1m mu chu\u0165 \u0159\u00edct, \u017ee mi je jedno, jak se ta holka jmenovala, ale pak mi to v\u016f\u010di n\u011bmu p\u0159ijde hnusn\u00e9, a proto to jen polknu a p\u0159ik\u00fdvnu. &#8222;To nebyly pap\u00edry kv\u016fli p\u0159echodu,&#8220; p\u0159ehod\u00ed mi prstem pram\u00ednek vlas\u016f a po chvilce odmlky pokra\u010duje, &#8222;to byl rozvrh. Byl jsem jen moc zv\u011bdav\u00fd.&#8220;<br \/>&#8222;Kdy\u017e ty se m\u00e1\u0161, ty zn\u00e1\u0161 hned v\u0161echny v\u0161ude, kamkoliv jde\u0161,&#8220; kn\u00edknu nespokojen\u011b.<br \/>&#8222;To nen\u00ed pravda.&#8220;<br \/>&#8222;Jak to, \u017ee ne? Je to pravda.&#8220;<br \/>&#8222;Dob\u0159e, tak i kdyby to byla pravda, tak?&#8220;<br \/>&#8222;Se m\u00e1\u0161,&#8220; pokr\u010d\u00edm rameny a pak se rozesm\u011bju. &#8222;J\u00e1 v\u00edm, j\u00e1 v\u00edm, p\u0159estanu se chovat tak d\u011btinsky.&#8220;<br \/>&#8222;Nemus\u00ed\u0161,&#8220; se sm\u00edchem si p\u0159it\u00e1hne m\u00e9 rty k t\u011bm sv\u00fdm, &#8222;jen se to sna\u017e n\u011bkdy potla\u010dit.&#8220;<\/p>\n<p><strong>autor: Mintam<\/strong><\/div>\n<div><strong>betaread: J. :o)<\/strong><\/div>\n","protected":false},"excerpt":{"rendered":"<p>autor: Mintam &#8222;Sly\u0161el jsi m\u011b, kdy\u017e jsem \u0159\u00edkal, \u017ee mi bude\u0161 muset v\u011b\u0159it?&#8220; zept\u00e1 se Tom, kdy\u017e si ho vyd\u011b\u0161en\u011b prohl\u00e9dnu. Vzal mne ke st\u00e1j\u00edm a rozhodl se, \u017ee mi jednodu\u0161e uk\u00e1\u017ee, \u017ee m\u016f\u017eu jet na koni. Jsem z toho dost nesv\u016fj,<\/p>\n<p class=\"link-more\"><a class=\"myButt \" href=\"https:\/\/twincestblog.cz\/domains\/twincestblog.cz\/2012\/05\/25\/zeiten-andern-dich-73\/\">Read More<\/a><\/p>\n","protected":false},"author":1,"featured_media":0,"comment_status":"open","ping_status":"open","sticky":false,"template":"","format":"standard","meta":{"_exactmetrics_skip_tracking":false,"_exactmetrics_sitenote_active":false,"_exactmetrics_sitenote_note":"","_exactmetrics_sitenote_category":0,"footnotes":""},"categories":[462],"tags":[],"class_list":["post-6466","post","type-post","status-publish","format-standard","hentry","category-zeiten-andern-dich"],"_links":{"self":[{"href":"https:\/\/twincestblog.cz\/domains\/twincestblog.cz\/wp-json\/wp\/v2\/posts\/6466","targetHints":{"allow":["GET"]}}],"collection":[{"href":"https:\/\/twincestblog.cz\/domains\/twincestblog.cz\/wp-json\/wp\/v2\/posts"}],"about":[{"href":"https:\/\/twincestblog.cz\/domains\/twincestblog.cz\/wp-json\/wp\/v2\/types\/post"}],"author":[{"embeddable":true,"href":"https:\/\/twincestblog.cz\/domains\/twincestblog.cz\/wp-json\/wp\/v2\/users\/1"}],"replies":[{"embeddable":true,"href":"https:\/\/twincestblog.cz\/domains\/twincestblog.cz\/wp-json\/wp\/v2\/comments?post=6466"}],"version-history":[{"count":0,"href":"https:\/\/twincestblog.cz\/domains\/twincestblog.cz\/wp-json\/wp\/v2\/posts\/6466\/revisions"}],"wp:attachment":[{"href":"https:\/\/twincestblog.cz\/domains\/twincestblog.cz\/wp-json\/wp\/v2\/media?parent=6466"}],"wp:term":[{"taxonomy":"category","embeddable":true,"href":"https:\/\/twincestblog.cz\/domains\/twincestblog.cz\/wp-json\/wp\/v2\/categories?post=6466"},{"taxonomy":"post_tag","embeddable":true,"href":"https:\/\/twincestblog.cz\/domains\/twincestblog.cz\/wp-json\/wp\/v2\/tags?post=6466"}],"curies":[{"name":"wp","href":"https:\/\/api.w.org\/{rel}","templated":true}]}}