{"id":6567,"date":"2012-05-02T16:00:00","date_gmt":"2012-05-02T15:00:00","guid":{"rendered":"http:\/\/twincestblog.cz\/?p=6549"},"modified":"2012-05-02T16:00:00","modified_gmt":"2012-05-02T15:00:00","slug":"kdyz-se-dva-svety-spoji-25","status":"publish","type":"post","link":"https:\/\/twincestblog.cz\/domains\/twincestblog.cz\/2012\/05\/02\/kdyz-se-dva-svety-spoji-25\/","title":{"rendered":"Kdy\u017e se dva sv\u011bty spoj\u00ed 25."},"content":{"rendered":"<div style=\"text-align:justify\"><strong>autor: Rose<\/p>\n<p><\/strong> <em>Zdrav\u00edm v\u0161echny v\u011brn\u00e9 twinces\u0165a\u010dky, kter\u00e9 u moj\u00ed pov\u00eddky vydr\u017eely. Tohle je p\u0159edposledn\u00ed d\u00edl, tak si ho n\u00e1le\u017eit\u011b u\u017eijte, proto\u017ee fakt netu\u0161\u00edm, kdy tu bude posledn\u00ed, proto\u017ee p\u0159ed t\u00fddnem byl rodi\u010d\u00e1k a na\u0161i vid\u011bli moje \u00fa\u017easn\u00fd zn\u00e1mky, no a jak to dopadlo? \ud83d\ude00 Samoz\u0159ejm\u011b \u017d\u00c1DN\u00dd po\u010d\u00edta\u010d.  xP Tak\u017ee tenhle d\u00edl jsem poslala od kamar\u00e1dky (mimochodem, je to ta, co d\u011blala poster k t\u00fdhle pov\u00eddce :D) a nev\u00edm, jak po\u0161lu posledn\u00ed.  :\/ I p\u0159esto douf\u00e1m, \u017ee v\u00e1s jako \u010dten\u00e1\u0159ky neztrat\u00edm. \ud83d\ude42<\/em><\/div>\n<div style=\"text-align:justify\"><em>Jo a je\u0161t\u011b jsem se cht\u011bla omluvit v\u0161em spisovatelk\u00e1m, \u017ee te\u010f tak dva nebo t\u0159i t\u00fddny nebudu moct \u010d\u00edst, ale p\u0159\u00edsah\u00e1m, \u017ee pak v\u0161e dohon\u00edm. Tak konec vykec\u00e1v\u00e1n\u00ed a pus\u0165te se do \u010dten\u00ed. \ud83d\ude42 Va\u0161e Rose<\/em><\/div>\n<div style=\"text-align:justify\"><em><br \/><\/em><\/div>\n<div style=\"text-align:center\"><img loading=\"lazy\" decoding=\"async\" width=\"600\" height=\"450\" src=\"http:\/\/twincestblog.cz\/wp-content\/uploads\/67dc6be19e_83450489_o2.jpg\" alt=\"\" \/><\/div>\n<div style=\"text-align:justify\"><strong> <\/strong><\/div>\n<div style=\"text-align:justify\"><strong> <\/strong><\/div>\n<div style=\"text-align:justify\"><strong><br \/><\/strong><\/div>\n<div style=\"text-align:justify\">Tom<\/p>\n<p>&#8222;No tak, br\u00e1cho, vypni u\u017e a u\u017e\u00edvej si. On se ur\u010dit\u011b brzy uk\u00e1\u017ee,&#8220; objal m\u011b Ralph kolem ramen. U\u017e bylo po dev\u00e1t\u00e9, venku se u\u017e zna\u010dn\u011b setm\u011blo a Bill st\u00e1le nikde.<\/div>\n<div style=\"text-align:justify\">A j\u00e1 jsem u\u017e hodinu state\u010dn\u011b odm\u00edtal ve\u0161ker\u00fd nab\u00edzen\u00fd alkohol. P\u0159eci s Billem nepovedu tak v\u00e1\u017enou konverzaci, kdy\u017e nebudu nap\u016fl p\u0159i smyslech, nebo, nedejbo\u017ee, \u00fapln\u011b namol.<\/p>\n<p>Rozezn\u011bly se t\u00f3ny u\u017e asi p\u00e1t\u00e9ho plou\u017e\u00e1ku a j\u00e1 jsem odm\u00edtal dal\u0161\u00ed d\u00edvku, kter\u00e1 m\u011b cht\u011bla vyt\u00e1hnout na tane\u010dn\u00ed parket. J\u00e1 jsem tak d\u011bsn\u00fd idiot\u2026 Kdybych pou\u017e\u00edval mozek, no, sp\u00ed\u0161 srdce, mohl jsem tu te\u010f b\u00fdt s Billem a ne\u0159e\u0161it, jestli m\u011b po\u0161le do h\u00e1je, nebo jestli se nade mnou slituje a vezme m\u011b zp\u00e1tky.<\/p>\n<p>&#8222;Tome,&#8220; dob\u011bhl ke mn\u011b Jesse, &#8222;Bill u\u017e je tady!&#8220;<\/div>\n<div style=\"text-align:justify\">&#8222;Fakt?&#8220; Prudce jsem se zvedl. &#8222;Kde?&#8220;<\/div>\n<div style=\"text-align:justify\">&#8222;No, p\u0159ed chvilkou p\u0159i\u0161el, tak\u017ee asi n\u011bkde u vchodu.&#8220;<\/div>\n<div style=\"text-align:justify\">D\u00e1l u\u017e jsem neposlouchal, proto\u017ee jsem se za\u010dal prod\u00edrat davy lid\u00ed, kte\u0159\u00ed tan\u010dili na parket\u011b. Hledal jsem ty okouzluj\u00edc\u00ed \u010dern\u00e9 vlasy, hlubok\u00e9 hn\u011bd\u00e9 o\u010di jako \u010dokol\u00e1da, a ty nejsmysln\u011bj\u0161\u00ed nar\u016f\u017eov\u011bl\u00e9 rty, jak\u00e9 jsem kdy vid\u011bl.<\/div>\n<div style=\"text-align:justify\">Ale nikde jsem ho nemohl naj\u00edt. Jedin\u00e9, co osv\u011btlovalo m\u00edstnost, byly ostr\u00e9 b\u00edl\u00e9 a barevn\u00e9 reflektory, tak\u017ee se mi hledalo dost \u0161patn\u011b.<\/p>\n<\/div>\n<hr \/>\n<div style=\"text-align:justify\">A v tu chv\u00edli jsem zahl\u00e9dl celkem vysokou hn\u011bdovl\u00e1sku. Monica.<\/div>\n<div style=\"text-align:justify\">&#8222;Ahoj Moni,&#8220; polo\u017eil jsem j\u00ed ruku na rameno.<\/div>\n<div style=\"text-align:justify\">&#8222;Ahoj,&#8220; usm\u00e1la se na m\u011b a d\u0159\u00edv, ne\u017e jsem sta\u010dil vy\u0159knout ot\u00e1zku, pouk\u00e1zala asi 20 metr\u016f od sebe. &#8222;T\u00e1mhle je,&#8220; dodala. V\u011bd\u011bla, koho hled\u00e1m.<\/div>\n<div style=\"text-align:justify\">&#8222;D\u00edky,&#8220; k\u00fdvl jsem a vydal se jeho sm\u011brem.<\/div>\n<div style=\"text-align:justify\">Byly s n\u00edm Ta\u0161a a Michelle, ale jen, co m\u011b zahl\u00e9dly, se \u0161ibalsk\u00fdmi \u00fasm\u011bvy vyklidily pole.<\/p>\n<p>A pak se na m\u011b oto\u010dil.<\/div>\n<div style=\"text-align:justify\">ON.<\/div>\n<div style=\"text-align:justify\">Bill.<\/div>\n<div style=\"text-align:justify\">Jeho pohled m\u011b div \u017ee nesrazil na kolena. C\u00edtil jsem v n\u011bm odhodl\u00e1n\u00ed, vztek, plamen v\u00e1\u0161n\u011b, ale i takov\u00fd zvl\u00e1\u0161tn\u00ed cit.<\/p>\n<p>&#8222;Ahoj,&#8220; usm\u00e1l jsem se na n\u011bj nejist\u011b, kdy\u017e jsem se k n\u011bmu p\u0159es v\u0161echny dostal.<\/div>\n<div style=\"text-align:justify\">&#8222;\u010cau,&#8220; broukl a cht\u011bl se oto\u010dit k odchodu, ale nemohl, proto\u017ee jsem ho chytil za ruku, abych ho zastavil.<\/div>\n<div style=\"text-align:justify\">&#8222;M\u016f\u017ee\u0161 m\u011b laskav\u011b pustit?&#8220; zamra\u010dil se.<\/div>\n<div style=\"text-align:justify\">&#8222;Promi\u0148,&#8220; nechal jsem svou ruku pomalu spadnout z jeho ramene.<\/div>\n<div style=\"text-align:justify\">&#8222;Tak co chce\u0161?&#8220; pob\u00eddl m\u011b.<\/div>\n<div style=\"text-align:justify\">&#8222;Nesedneme si?&#8220; navrhl jsem. Necht\u011blo se mi moc st\u00e1t. Nebyl jsem si jist\u00fd, jestli m\u011b nohy samou nervozitou udr\u017e\u00ed.<\/div>\n<div style=\"text-align:justify\">&#8222;Fajn,&#8220; p\u0159ijal mou nab\u00eddku a \u0161li jsme se posadit na bl\u00edzk\u00fd gau\u010d.<\/div>\n<div style=\"text-align:justify\">To nap\u011bt\u00ed ve vzduchu bylo p\u0159\u00edmo svazuj\u00edc\u00ed.<\/div>\n<div style=\"text-align:justify\">Nev\u011bd\u011bl jsem, jak za\u010d\u00edt. Znerv\u00f3z\u0148oval m\u011b jeho v\u00fdraz. Rozhodn\u011b nevypadal moc p\u0159\u00e1telsky. Tv\u00e1\u0159il se v jednu chv\u00edli na\u0161tvan\u011b, v druhou lhostejn\u011b, ale rozhodn\u011b ne n\u011bjak povzbudiv\u011b.<\/div>\n<div style=\"text-align:justify\">Nakonec jsem se ale odhodlal.<\/p>\n<p>Bill<\/p>\n<p>&#8222;Bille,&#8220; chytil m\u011b Tom za ruku, kdy\u017e jsme se posadili na ten gau\u010d, &#8222;v\u00edm, \u017ee jsem ud\u011blal chybu. Jsem absolutn\u00ed idiot. J\u00e1 v\u00edm\u2026&#8220;<\/div>\n<div style=\"text-align:justify\">&#8222;A?&#8220; nadzvedl jsem obo\u010d\u00ed.<\/div>\n<div style=\"text-align:justify\">&#8222;Pros\u00edm, odpus\u0165 mi.&#8220; Pak se mi dlouze pod\u00edval so o\u010d\u00ed a m\u00e9 bari\u00e9ry se za\u010daly hroutit.<\/div>\n<div style=\"text-align:justify\">&#8222;Pro\u010d bych m\u011bl?&#8220; M\u016fj hlas u\u017e rozhodn\u011b nebyl tak sebejist\u00fd jako p\u0159edt\u00edm.<\/div>\n<div style=\"text-align:justify\">&#8222;J\u00e1 nev\u00edm&#8220; povzdechl si. &#8222;Z\u00e1le\u017e\u00ed mi na tob\u011b a tak n\u011bjak jsem doufal, \u017ee i tob\u011b z\u00e1le\u017e\u00ed na mn\u011b.<\/div>\n<div style=\"text-align:justify\">&#8222;J\u00e1\u2026,&#8220; sklopil jsem pohled. Chvilku jsem byl zticha. A pak se mi n\u00e1hle v z\u00e1blesku zobrazily v\u0161echny ty d\u011bsiv\u00e9 vzpom\u00ednky ze dne, kdy se se mnou Tom roze\u0161el.<\/div>\n<div style=\"text-align:justify\">&#8222;V\u00ed\u0161, jak mi bylo, kdy\u017e ses se mnou roze\u0161el?&#8220; \u0161pitl jsem. &#8222;Byl jsem na dn\u011b. Zoufal\u00fd. Bezmocn\u00fd. Cht\u011bl jsem um\u0159\u00edt. Cht\u011bl jsem se zab\u00edt. Byl jsem pro tebe jen hra\u010dka, nic v\u00edc.&#8220;<\/div>\n<div style=\"text-align:justify\">&#8222;To nen\u00ed pravda,&#8220; zavrt\u011bl Tom r\u00e1zn\u011b hlavou.<\/div>\n<div style=\"text-align:justify\">&#8222;Pro\u010d bych ti m\u011bl v\u011b\u0159it?&#8220;<\/div>\n<div style=\"text-align:justify\">Pro\u010d? Pro\u010d bych mu m\u011bl znovu nalet\u011bt?<\/div>\n<div style=\"text-align:justify\">&#8222;No\u2026,&#8220; zamumlal.<\/div>\n<div style=\"text-align:justify\">&#8222;Jsi jenom oby\u010dejn\u00fd lh\u00e1\u0159, Kaulitzi,&#8220; zavr\u010del jsem. &#8222;Doch\u00e1z\u00ed ti v\u016fbec, jak moc jsi mi ubl\u00ed\u017eil?&#8220;<\/div>\n<div style=\"text-align:justify\">&#8222;Promi\u0148 mi to. Necht\u011bl jsem. Byla to ohromn\u00e1 chyba. Donutili m\u011b k tomu k\u00e1mo\u0161i.&#8220;<\/div>\n<div style=\"text-align:justify\">Rozhl\u00e9dl jsem se kolem sebe.<\/div>\n<div style=\"text-align:justify\">&#8222;T\u00e1mhleti \u010dty\u0159i, jak &#8222;nen\u00e1padn\u011b&#8220; vykukuj\u00ed zpoza baru? To jsou tvoji kamar\u00e1di?&#8220; pouk\u00e1zal jsem na \u010dty\u0159i hlavy, jak vykukuj\u00ed za barov\u00fdm stolkem a d\u00edvaj\u00ed se na n\u011bj.<\/div>\n<div style=\"text-align:justify\">&#8222;Ehm, jo,&#8220; podrbal se nevinn\u011b po dredech a ud\u011blal na n\u011b v\u00fdhru\u017en\u00e9 gesto, aby okam\u017eit\u011b zalezli. Vypadalo to docela komicky. A\u017e mi zacukaly koutky.<\/div>\n<div style=\"text-align:justify\">&#8222;Sm\u011bje\u0161 se,&#8220; usm\u00e1l se na m\u011b, a\u017e se cel\u00fd jeho v\u00fdraz \u00fapln\u011b rozz\u00e1\u0159il.<\/div>\n<div style=\"text-align:justify\">&#8222;Mo\u017en\u00e1,&#8220; zamru\u010del jsem, ale m\u00e9 rozpaky se nedaly skr\u00fdt. <em>Ne\u2026 Necht\u011bl jsem se p\u0159ed n\u00edm tak rychle uvolnit a otev\u0159\u00edt.<\/p>\n<p><\/em> &#8222;Tak,&#8220; zvedl jsem se, &#8222;jestli u\u017e mi nem\u00e1\u0161 co \u0159\u00edct, asi bych m\u011bl j\u00edt za k\u00e1mo\u0161kama.&#8220;<\/div>\n<div style=\"text-align:justify\">&#8222;Ne, po\u010dkej,&#8220; zarazil m\u011b. <em>Pro\u010d m\u00e1m takov\u00fd pocit, \u017ee ani nev\u00ed, co mi vlastn\u011b chce \u0159\u00edct?<\/em><\/div>\n<div style=\"text-align:justify\">&#8222;Co je\u0161t\u011b?&#8220;<\/div>\n<div style=\"text-align:justify\">&#8222;J\u00e1 ti chci n\u011bco\u2026&#8220;<\/div>\n<div style=\"text-align:justify\">&#8222;Ano?&#8220; nadzvedl jsem obo\u010d\u00ed. <em>Kam t\u00edm m\u00ed\u0159\u00ed?<\/em><\/div>\n<div style=\"text-align:justify\">&#8222;J\u00e1\u2026&#8220;<\/div>\n<div style=\"text-align:justify\">Na tohle fakt nem\u00e1m nervy.<\/div>\n<div style=\"text-align:justify\">&#8222;\u010cau,&#8220; odstr\u010dil jsem jeho ruku a vydal jsem se pry\u010d.<\/div>\n<div style=\"text-align:justify\">&#8222;BILLE!&#8220; usly\u0161el jsem najednou, jak vol\u00e1 moje jm\u00e9no. Doslova \u0159ve. S ot\u00e1zkou vepsanou v o\u010d\u00edch jsem se na n\u011bj oto\u010dil.<\/div>\n<div style=\"text-align:justify\">&#8222;J\u00e1 t\u011b\u2026 miluju, Bille.&#8220;<\/p>\n<p><strong>autor: Rose<\/strong><\/div>\n<div><strong>betaread: J. :o)<\/strong><\/div>\n","protected":false},"excerpt":{"rendered":"<p>autor: Rose Zdrav\u00edm v\u0161echny v\u011brn\u00e9 twinces\u0165a\u010dky, kter\u00e9 u moj\u00ed pov\u00eddky vydr\u017eely. Tohle je p\u0159edposledn\u00ed d\u00edl, tak si ho n\u00e1le\u017eit\u011b u\u017eijte, proto\u017ee fakt netu\u0161\u00edm, kdy tu bude posledn\u00ed, proto\u017ee p\u0159ed t\u00fddnem byl rodi\u010d\u00e1k a na\u0161i vid\u011bli moje \u00fa\u017easn\u00fd zn\u00e1mky, no a jak to<\/p>\n<p class=\"link-more\"><a class=\"myButt \" href=\"https:\/\/twincestblog.cz\/domains\/twincestblog.cz\/2012\/05\/02\/kdyz-se-dva-svety-spoji-25\/\">Read More<\/a><\/p>\n","protected":false},"author":1,"featured_media":0,"comment_status":"open","ping_status":"open","sticky":false,"template":"","format":"standard","meta":{"_exactmetrics_skip_tracking":false,"_exactmetrics_sitenote_active":false,"_exactmetrics_sitenote_note":"","_exactmetrics_sitenote_category":0,"footnotes":""},"categories":[484],"tags":[],"class_list":["post-6567","post","type-post","status-publish","format-standard","hentry","category-kdyz-se-dva-svety-spoji"],"_links":{"self":[{"href":"https:\/\/twincestblog.cz\/domains\/twincestblog.cz\/wp-json\/wp\/v2\/posts\/6567","targetHints":{"allow":["GET"]}}],"collection":[{"href":"https:\/\/twincestblog.cz\/domains\/twincestblog.cz\/wp-json\/wp\/v2\/posts"}],"about":[{"href":"https:\/\/twincestblog.cz\/domains\/twincestblog.cz\/wp-json\/wp\/v2\/types\/post"}],"author":[{"embeddable":true,"href":"https:\/\/twincestblog.cz\/domains\/twincestblog.cz\/wp-json\/wp\/v2\/users\/1"}],"replies":[{"embeddable":true,"href":"https:\/\/twincestblog.cz\/domains\/twincestblog.cz\/wp-json\/wp\/v2\/comments?post=6567"}],"version-history":[{"count":0,"href":"https:\/\/twincestblog.cz\/domains\/twincestblog.cz\/wp-json\/wp\/v2\/posts\/6567\/revisions"}],"wp:attachment":[{"href":"https:\/\/twincestblog.cz\/domains\/twincestblog.cz\/wp-json\/wp\/v2\/media?parent=6567"}],"wp:term":[{"taxonomy":"category","embeddable":true,"href":"https:\/\/twincestblog.cz\/domains\/twincestblog.cz\/wp-json\/wp\/v2\/categories?post=6567"},{"taxonomy":"post_tag","embeddable":true,"href":"https:\/\/twincestblog.cz\/domains\/twincestblog.cz\/wp-json\/wp\/v2\/tags?post=6567"}],"curies":[{"name":"wp","href":"https:\/\/api.w.org\/{rel}","templated":true}]}}