{"id":6642,"date":"2012-04-17T15:00:00","date_gmt":"2012-04-17T14:00:00","guid":{"rendered":"http:\/\/twincestblog.cz\/?p=6624"},"modified":"2012-04-17T15:00:00","modified_gmt":"2012-04-17T14:00:00","slug":"in-the-underground-5","status":"publish","type":"post","link":"https:\/\/twincestblog.cz\/domains\/twincestblog.cz\/2012\/04\/17\/in-the-underground-5\/","title":{"rendered":"In the Underground 5."},"content":{"rendered":"<div style=\"text-align:justify\"><strong>autor: Darkbeth &amp; Hina<br \/><\/strong> <em><\/p>\n<p>Zdrav\u00edm! Tak prve bych cht\u011bla pod\u011bkovat Hin\u011b za obr\u00e1zek, kter\u00fd k pov\u00eddce ud\u011blala, proto\u017ee jsem na to minule zapomn\u011bla a moc se za to styd\u00edm. Mysl\u00edm, \u017ee je \u00fa\u017easn\u00fd, skv\u011ble vyjad\u0159uje Tom\u016fv charakter v pov\u00eddce. \ud83d\ude42 Jinak ostatn\u00edm d\u011bkuju za koment\u00e1\u0159e u p\u0159ede\u0161l\u00e9ho d\u00edlu a u\u017e ml\u010dim a u\u017eijte si nov\u00fd d\u00edl. \ud83d\ude42 Va\u0161e oddan\u00e1 Darkbeth \ud83d\ude00<\/em><\/div>\n<div style=\"text-align:justify\"><\/div>\n<div style=\"text-align:center\"><em><img decoding=\"async\" src=\"http:\/\/twincestblog.cz\/wp-content\/uploads\/e55be970a3_83601099_o2.jpg\" alt=\"\" \/><\/em><\/div>\n<div style=\"text-align:center\"><\/div>\n<div style=\"text-align:justify\"><\/div>\n<div style=\"text-align:justify\">&#8222;Tak nakonec to nen\u00ed tak \u0161patn\u00e9, \u017ee?&#8220; usm\u00e1l se Andy a zastr\u010dil Billovi vlasy za ucho.<\/div>\n<div style=\"text-align:justify\">&#8222;Ne\u2026 je to\u2026 umf,&#8220; vydechl jen, kdy\u017e Andreas op\u011bt uv\u011bznil Billovy rty mezi ty sv\u00e9. Pomalu ho tla\u010dil ke kuchy\u0148sk\u00e9 lince, na kterou ho n\u011b\u017en\u011b vysadil.<\/div>\n<div style=\"text-align:justify\">&#8222;Splnil se mi sen,&#8220; pod\u00edval se mu do o\u010d\u00ed Andy.<\/div>\n<div style=\"text-align:justify\">&#8222;Jak\u00fd sen?&#8220; vyzv\u00eddal Bill. D\u00edval se do jeho modr\u00fdch o\u010d\u00ed a m\u011bl pocit, \u017ee se v t\u011bch dvou t\u016fn\u00edch za\u010d\u00edn\u00e1 topit.<\/div>\n<div style=\"text-align:justify\">&#8222;U\u017e kdy\u017e jsi p\u0159i\u0161el k n\u00e1m na \u0161kolu\u2026 a potom\u2026 panebo\u017ee, posadil ses vedle m\u011b\u2026 v tu chv\u00edli jsem byl nej\u0161\u0165astn\u011bj\u0161\u00ed osoba na cel\u00e9m sv\u011bt\u011b. A\u010dkoliv jsem t\u011b v\u016fbec neznal a ani vlastn\u011b te\u010f t\u011b moc nezn\u00e1m, tak jsem se do tebe na prvn\u00ed pohled\u2026 zamiloval. Bille, dej mi \u0161anci poznat t\u011b,&#8220; stiskl jeho dla\u0148, na\u010de\u017e ho pohladil po tv\u00e1\u0159i.<\/div>\n<div style=\"text-align:justify\">&#8222;Mysl\u00ed\u0161 to v\u00e1\u017en\u011b, Andy?&#8220; zeptal se zasko\u010den\u011b Bill. Takov\u00fd proslov ne\u010dekal. Ud\u00e1losti pro n\u011bj m\u011bly p\u0159\u00edli\u0161 rychl\u00fd sp\u00e1d, ne\u017e aby je zvl\u00e1dal p\u0159ij\u00edmat.<\/div>\n<div style=\"text-align:justify\">&#8222;Nikdy jsem to s nik\u00fdm nemyslel tak v\u00e1\u017en\u011b jako s tebou,&#8220; pod\u00edval se mu v\u00e1\u017en\u011b do o\u010d\u00ed.<\/p>\n<p>&#8222;Opravdu?&#8220; zvednul k n\u011bmu o\u010di Bill. V\u017edy byl tro\u0161ku naivn\u00ed a pom\u011brn\u011b d\u016fv\u011b\u0159iv\u00fd.<\/div>\n<div style=\"text-align:justify\">&#8222;Opravdu,&#8220; usm\u00e1l se Andy, a p\u0159ejel palcem p\u0159es Billovy rty.<\/div>\n<div style=\"text-align:justify\">&#8222;V\u00ed\u0161, ale\u2026 byl bych rad\u0161i, kdyby ses na ve\u0159ejnosti moc\u2026 neprojevoval,&#8220; skousl ret Bill. Nikdy s nik\u00fdm nechodil, a necht\u011bl, aby vznikaly klepy. Zvl\u00e1\u0161\u0165 kdy\u017e byl na nov\u00e9 \u0161kole teprve chv\u00edli. A tak\u00e9 si p\u0159ipadal \u0161patn\u011b, \u017ee on si tu rand\u00ed, a p\u0159itom je jeho matka mrtv\u00e1.<\/div>\n<div style=\"text-align:justify\">&#8222;Pro\u010d?&#8220; podivil se Andreas. Necht\u011bl skr\u00fdvat, co k Billovi c\u00edt\u00ed, by\u0165 jak rychl\u00e9 to bylo.<\/div>\n<div style=\"text-align:justify\">&#8222;Prost\u011b to pros\u00edm ud\u011blej,&#8220; \u0161eptl Bill a doufal, \u017ee Andrease nerozhn\u011bv\u00e1. Ale nestalo se tak. Andy jen p\u0159ik\u00fdvl, i kdy\u017e m\u011bl tro\u0161ku smutku v o\u010d\u00edch, a p\u0159itulil si Billa na svou hru\u010f.<\/div>\n<div style=\"text-align:justify\">&#8222;M\u011bli bychom j\u00edt do \u0161koly,&#8220; poznamenal po chv\u00edli Bill.<\/p>\n<\/div>\n<hr \/>\n<div style=\"text-align:justify\">Ve \u0161kole Andreas splnil sv\u016fj slib a ned\u00e1val najevo v\u016f\u010di Billovi \u017e\u00e1dn\u00fd bli\u017e\u0161\u00ed kontakt ne\u017e kamar\u00e1dsk\u00fd. Kdy\u017e tedy Bill nepo\u010d\u00edtal, \u017ee ho propaloval pohledem. Byl zmaten\u00fd. Samotn\u00e9mu mu trvalo dlouho, ne\u017e do\u0161el k n\u011bjak\u00e9mu z\u00e1v\u011bru, a najednou mu srdce bu\u0161ilo v hrudi poka\u017ed\u00e9, kdy\u017e mu byl Andy nabl\u00edzku. Byla tohle snad ta v\u0161emi vyhled\u00e1van\u00e1 l\u00e1ska? Nebo snad jen rozmar, \u010di touha po pocitu d\u016fle\u017eitosti? Bill nev\u011bd\u011bl. Byl si jist\u00fd jen t\u00edm, \u017ee Andyho slova a doteky mu d\u00e1valy pocit v\u00fdjime\u010dnosti. N\u011bco mu ale p\u0159eci jen nedalo a musel se p\u0159i vyu\u010dov\u00e1n\u00ed oto\u010dit do zadn\u00ed lavice. Polil ho chlad, kdy\u017e zjistil, \u017ee je Tomovo m\u00edsto pr\u00e1zdn\u00e9. Kde ale Tom je? Pro\u010d jen nep\u0159i\u0161el? A pro\u010d ho to tak zaj\u00edm\u00e1? Bill si povzdychl nad nekone\u010dnem ot\u00e1zek, kdy\u017e jeho \u00favahy p\u0159eru\u0161ilo zvon\u011bn\u00ed. Pohledem milenc\u016f se rozlou\u010dil s Andreasem a vydal se na n\u011bm\u010dinu. Andy se u\u010dil rusky, tud\u00ed\u017e byl v jin\u00e9 polovin\u011b. Na n\u011bm\u010dinu Bill sed\u011bl s Georgem, kter\u00fd byl dnes obzvl\u00e1\u0161\u0165 neklidn\u00fd.<\/p>\n<p>&#8222;Co se d\u011bje?&#8220; zeptal se Bill, kdy\u017e do\u0161el k lavici. Georg nerv\u00f3zn\u011b podup\u00e1val nohou a rentgenoval desku lavice.<\/div>\n<div style=\"text-align:justify\">&#8222;Gustav si ze m\u011b zase d\u011bl\u00e1 srandu,&#8220; post\u011b\u017eoval si a ani se na Billa nepod\u00edval.<\/div>\n<div style=\"text-align:justify\">&#8222;Pro\u010d?&#8220; zakoulel o\u010dima \u010dernovl\u00e1sek a posadil se vedle Georga. Ten nic ne\u0159ekl a jen p\u0159ed n\u011bj hodil noviny. <em>N\u00e1ctilet\u00fd chlapec zem\u0159el po p\u00e1du z \u00fatesu. Sebevra\u017eda?<\/em> Hl\u00e1sal titulek. Ano, bylo to pochmurn\u00e9, ale pro\u010d kv\u016fli tomu Georg tak vy\u0161iluje?<\/div>\n<div style=\"text-align:justify\">&#8222;Moc to nech\u00e1pu, Geo,&#8220; \u0159ekl m\u00edrn\u011b Bill. P\u0159ece jenom necht\u011bl popuzovat u\u017e tak dost roz\u010dilen\u00e9ho vlasatce.<\/div>\n<div style=\"text-align:justify\">&#8222;Co tam nech\u00e1pe\u0161? V\u00edm, \u017ee tu jsi jen chv\u00edli, ale nep\u0159ipad\u00e1 ti, \u017ee zde um\u00edraj\u00ed lid\u00e9 n\u011bjak \u010dasto? V\u017edy\u0165 to nen\u00ed t\u00fdden, aby n\u011bkdo nezem\u0159el. A stup\u0148uje se to,&#8220; zatv\u00e1\u0159il se v\u00e1\u017en\u011b Georg. No, jestli to t\u00edmhle stylem vykl\u00e1dal i Gustavovi, tak se Bill mo\u017en\u00e1 ani nedivil, \u017ee si z n\u011bj jejich kamar\u00e1d d\u011blal srandu.<\/div>\n<div style=\"text-align:justify\">&#8222;Jak to mysl\u00ed\u0161?&#8220; p\u00eddil se Bill. Nech\u00e1pal, co t\u00edm Georg mysl\u00ed, a mo\u017en\u00e1 to ani ch\u00e1pat necht\u011bl.<\/div>\n<div style=\"text-align:justify\">&#8222;Bo\u017ee, Bille. Copak si v\u0161ichni stoj\u00edte na veden\u00ed?! V\u017edy\u0165 tohle nen\u00ed norm\u00e1ln\u00ed. To je sam\u00e1 nehoda, n\u00e1hodn\u00e9 zmizen\u00ed, sebevra\u017eda, v\u00fdjime\u010dn\u011b jednou prok\u00e1zan\u00e1 vra\u017eda, vezmu-li v potaz Ginger. Nen\u00ed ti to trochu divn\u00fd?&#8220; divil se Geo.<\/div>\n<div style=\"text-align:justify\">&#8222;Mysl\u00ed\u0161\u2026 mysl\u00ed\u0161, \u017ee za t\u00edm n\u011bkdo stoj\u00ed?&#8220; \u0161eptnul nev\u011b\u0159\u00edcn\u011b Bill. Georg pomalu k\u00fdvl.<\/div>\n<div style=\"text-align:justify\">&#8222;N\u011bco jsem zji\u0161\u0165oval a\u2026&#8220; Georg byl n\u00e1hle p\u0159eru\u0161en k\u0159ikem profesorky.<\/p>\n<p>&#8222;Listing a Kaulitz! Chcete tu snad b\u00fdt po vyu\u010dov\u00e1n\u00ed?!&#8220; zah\u0159m\u011bla a hodila po nich k\u0159\u00eddu. Bill s Georgem nahodili and\u011blsky kaj\u00edcn\u00fd v\u00fdraz a po zbytek vyu\u010dov\u00e1n\u00ed u\u017e rad\u0161i nediskutovali. A Billovi se k jeho nezodpov\u011bzen\u00fdm ot\u00e1zk\u00e1m p\u0159idala i ta Georgova. Nav\u00edc m\u011bl takov\u00fd mraziv\u00fd pocit, \u017ee odpov\u011bdi na tyto ot\u00e1zky zn\u00e1, ale nedok\u00e1zal si je p\u0159iznat.<\/p>\n<\/div>\n<div style=\"text-align:center\">***<\/div>\n<div style=\"text-align:justify\">\n<p>Tom str\u00e1vil celou noc v podzem\u00ed. Nem\u011bl n\u00e1ladu na \u0161kolu, a nav\u00edc mu nesedla krev chlapce, kterou poz\u0159el p\u0159ede\u0161lou noc. Nechutnal tak dob\u0159e, jak von\u011bl. Rad\u011bji se rozhodl prospat ve sv\u00e9 rakvi, kdy\u017e ho ve\u010der probudil k\u0159ik.<\/p><\/div>\n<div style=\"text-align:justify\">&#8222;Nech\u00e1pu, jak to m\u016f\u017eete p\u0159ehl\u00ed\u017eet, je to naprosto o\u010dividn\u00e9!&#8220; k\u0159i\u010del jeden hlas, k Tomovu p\u0159ekvapen\u00ed nezn\u00e1m\u00fd.<\/div>\n<div style=\"text-align:justify\">&#8222;A co m\u00e1me asi tak d\u011blat? S\u00e1m jsi to sly\u0161el, v\u00ed\u0161, co se m\u00e1 st\u00e1t!&#8220; nedal se druh\u00fd hlas, tentokr\u00e1t ale pat\u0159il Lestatovi.<\/div>\n<div style=\"text-align:justify\">&#8222;Zas\u00e1hnout!&#8220; br\u00e1nil se op\u011bt ten prvn\u00ed.<\/div>\n<div style=\"text-align:justify\">&#8222;Nen\u00ed jak!&#8220; semkl rty Lestat, na\u010de\u017e dal jasn\u011b najevo, \u017ee na toto t\u00e9ma u\u017e diskutovat nehodl\u00e1.<\/p>\n<p><strong>autor: Darkbeth &amp; Hina<\/strong><\/div>\n<div><strong>betaread: J. :o)<\/strong><\/div>\n","protected":false},"excerpt":{"rendered":"<p>autor: Darkbeth &amp; Hina Zdrav\u00edm! Tak prve bych cht\u011bla pod\u011bkovat Hin\u011b za obr\u00e1zek, kter\u00fd k pov\u00eddce ud\u011blala, proto\u017ee jsem na to minule zapomn\u011bla a moc se za to styd\u00edm. Mysl\u00edm, \u017ee je \u00fa\u017easn\u00fd, skv\u011ble vyjad\u0159uje Tom\u016fv charakter v pov\u00eddce. \ud83d\ude42 Jinak ostatn\u00edm<\/p>\n<p class=\"link-more\"><a class=\"myButt \" href=\"https:\/\/twincestblog.cz\/domains\/twincestblog.cz\/2012\/04\/17\/in-the-underground-5\/\">Read More<\/a><\/p>\n","protected":false},"author":1,"featured_media":0,"comment_status":"open","ping_status":"open","sticky":false,"template":"","format":"standard","meta":{"_exactmetrics_skip_tracking":false,"_exactmetrics_sitenote_active":false,"_exactmetrics_sitenote_note":"","_exactmetrics_sitenote_category":0,"footnotes":""},"categories":[477],"tags":[],"class_list":["post-6642","post","type-post","status-publish","format-standard","hentry","category-in-the-underground"],"_links":{"self":[{"href":"https:\/\/twincestblog.cz\/domains\/twincestblog.cz\/wp-json\/wp\/v2\/posts\/6642","targetHints":{"allow":["GET"]}}],"collection":[{"href":"https:\/\/twincestblog.cz\/domains\/twincestblog.cz\/wp-json\/wp\/v2\/posts"}],"about":[{"href":"https:\/\/twincestblog.cz\/domains\/twincestblog.cz\/wp-json\/wp\/v2\/types\/post"}],"author":[{"embeddable":true,"href":"https:\/\/twincestblog.cz\/domains\/twincestblog.cz\/wp-json\/wp\/v2\/users\/1"}],"replies":[{"embeddable":true,"href":"https:\/\/twincestblog.cz\/domains\/twincestblog.cz\/wp-json\/wp\/v2\/comments?post=6642"}],"version-history":[{"count":0,"href":"https:\/\/twincestblog.cz\/domains\/twincestblog.cz\/wp-json\/wp\/v2\/posts\/6642\/revisions"}],"wp:attachment":[{"href":"https:\/\/twincestblog.cz\/domains\/twincestblog.cz\/wp-json\/wp\/v2\/media?parent=6642"}],"wp:term":[{"taxonomy":"category","embeddable":true,"href":"https:\/\/twincestblog.cz\/domains\/twincestblog.cz\/wp-json\/wp\/v2\/categories?post=6642"},{"taxonomy":"post_tag","embeddable":true,"href":"https:\/\/twincestblog.cz\/domains\/twincestblog.cz\/wp-json\/wp\/v2\/tags?post=6642"}],"curies":[{"name":"wp","href":"https:\/\/api.w.org\/{rel}","templated":true}]}}