{"id":6670,"date":"2012-04-12T15:00:00","date_gmt":"2012-04-12T14:00:00","guid":{"rendered":"http:\/\/twincestblog.cz\/?p=6652"},"modified":"2012-04-12T15:00:00","modified_gmt":"2012-04-12T14:00:00","slug":"kdyz-se-dva-svety-spoji-19","status":"publish","type":"post","link":"https:\/\/twincestblog.cz\/domains\/twincestblog.cz\/2012\/04\/12\/kdyz-se-dva-svety-spoji-19\/","title":{"rendered":"Kdy\u017e se dva sv\u011bty spoj\u00ed 19."},"content":{"rendered":"<div><strong>autor: Rose<\/strong><\/div>\n<div><\/div>\n<div><strong><br \/><\/strong><\/div>\n<div><\/div>\n<div style=\"text-align:center\"><strong><img loading=\"lazy\" decoding=\"async\" width=\"600\" height=\"450\" src=\"http:\/\/twincestblog.cz\/wp-content\/uploads\/67dc6be19e_83450489_o2.jpg\" alt=\"\" \/><\/strong><\/div>\n<div><\/div>\n<div><strong><br \/><\/strong><\/div>\n<div><\/div>\n<div style=\"text-align:center\"><em>Nic nem\u016f\u017ee b\u00fdt dokonal\u00e9 v\u011b\u010dn\u011b.<\/em><\/div>\n<div><\/div>\n<div><\/div>\n<div>Tom<\/div>\n<div><\/div>\n<div><\/div>\n<div>&#8222;Hej, br\u00e1cho!&#8220; zastavil m\u011b Daniel v pond\u011bl\u00ed r\u00e1no u sk\u0159\u00edn\u011bk.<\/div>\n<div><\/div>\n<div>&#8222;No?&#8220; pod\u00edval jsem se na n\u011bj.<\/div>\n<div><\/div>\n<div>&#8222;Nep\u0159i\u0161el jsi,&#8220; doplnil Jesse Danova slova.<\/div>\n<div><\/div>\n<div>&#8222;Kam?&#8220; nech\u00e1pal jsem.<\/div>\n<div><\/div>\n<div>&#8222;Vole,&#8220; rozesm\u00e1l se Ralph, &#8222;ne\u0159\u00edkej, \u017ee jsi zapomn\u011bl. No Sharon p\u0159ece po\u0159\u00e1dala v sobotu ve\u010der pa\u0159bu.&#8220;<\/div>\n<div><\/div>\n<div>&#8222;\u0158\u00edkali jsme ti to,&#8220; poklepal mi Matthew na rameno.<\/div>\n<div><\/div>\n<div style=\"text-align:justify\">&#8222;Ehm&#8230;, asi&#8230; asi jsem zapomn\u011bl,&#8220; pokr\u010dil jsem provinile rameny, ale v\u00e1\u017en\u011b jsem si nevzpom\u00ednal. Najednou v\u0161ak zazvonilo, tak jsme se pomalu vydali do t\u0159\u00eddy. \u017d\u00e1dn\u00fd sp\u011bch, i kdy\u017e u\u010ditelka u\u017e tam ur\u010dit\u011b byla.<\/div>\n<div style=\"text-align:justify\"><\/div>\n<div><\/div>\n<hr \/>\n<div>P\u0159i hodin\u011b mi p\u0159i\u0161el l\u00edste\u010dek.<\/div>\n<div><\/div>\n<div style=\"text-align:center\"><em>Mus\u00edme si promluvit, k\u00e1mo.<\/em><\/div>\n<div><\/div>\n<div style=\"text-align:justify\">Rozhl\u00e9dl jsem se po t\u0159\u00edd\u011b. D\u00edvala se na m\u011b cel\u00e1 parta. To by m\u011b teda zaj\u00edmalo, co cht\u011bj\u00ed \u0159e\u0161it. Myslel jsem, \u017ee takov\u00e1hle psan\u00ed\u010dka si p\u00ed\u0161ou jen holky.<\/div>\n<div style=\"text-align:justify\"><\/div>\n<div><\/div>\n<div style=\"text-align:justify\">Kdy\u017e zazvonilo na velkou p\u0159est\u00e1vku, pokynul mi Sebastian, abych vy\u0161el ven. V\u016fbec jsem sice nech\u00e1pal, pro\u010d to nem\u016f\u017eeme vy\u0159e\u0161it norm\u00e1ln\u011b ve t\u0159\u00edd\u011b, ale budi\u017e. Vydal jsem se za n\u00edm ven, kde u\u017e \u010dekali i ostatn\u00ed.<\/div>\n<div style=\"text-align:justify\"><\/div>\n<div style=\"text-align:justify\">&#8222;Tak jdem,&#8220; pob\u00eddl n\u00e1s Daniel a v\u0161ichni jsme si \u0161li sednout a\u017e do posledn\u00edho patra na seda\u010dky &#8211; tam skoro nikdy nikdo nebyl.<\/div>\n<div style=\"text-align:justify\"><\/div>\n<div style=\"text-align:justify\">&#8222;No?&#8220; pokr\u010dil jsem rameny, kdy\u017e se nikdo k ni\u010demu nem\u011bl. Slova se tedy ujal Jesse.<\/div>\n<div style=\"text-align:justify\"><\/div>\n<div style=\"text-align:justify\">&#8222;Tome, nejde o to, \u017ee by n\u00e1m vadilo, \u017ee jsi nep\u0159i\u0161el na jednu pitomou p\u00e1rty. Jen\u017ee ty jsi byl mimo cel\u00fd minul\u00fd t\u00fdden a o v\u00edkendu ses nikomu z n\u00e1s ani neozval.&#8220;<\/div>\n<div style=\"text-align:justify\"><\/div>\n<div style=\"text-align:justify\">Nem\u011bl jsem ani \u010das nic \u0159\u00edct, proto\u017ee se do toho vlo\u017eil Daniel: &#8222;Posly\u0161, br\u00e1cho, \u0159eknu ti to na rovinu. V sobotu ve\u010der p\u0159ed t\u00fddnem, kdy\u017e jsme byli na t\u00fd pl\u00e1\u017eov\u00fd p\u00e1rty, ses bavil s t\u00edm klukem. A choval ses&#8230;, no&#8230;, sorry, \u017ee to mus\u00edm \u0159\u00edct, ale choval ses jako buz &#8211; teda, jako gay.&#8220; Asi mu do\u0161lo, \u017ee kdyby \u0159ekl buzna, dostal by p\u011bkn\u011b p\u0159es dr\u017eku. &#8222;Pochop, \u017ee to moc neprosp\u00edv\u00e1 pov\u011bsti na\u0161\u00ed party.&#8220;<\/div>\n<div style=\"text-align:justify\"><\/div>\n<div style=\"text-align:justify\">&#8222;V\u00ed\u0161, kolujou o v\u00e1s dvou takov\u00e9 pomluvy. Jako \u017ee jste pak ode\u0161li spolu a \u017ee spolu n\u011bco m\u00e1te. A \u017ee ses kv\u016fli n\u011bmu roze\u0161el se Sharon,&#8220; vysv\u011btlil mi Ralph. Chvilku jsem si v\u0161echny informace srovn\u00e1val v hlav\u011b. No, v\u0161echno, co \u0159ekli, byla vlastn\u011b pravda, tak pro\u010d jim lh\u00e1t?<\/div>\n<div style=\"text-align:justify\"><\/div>\n<div style=\"text-align:justify\">Zhluboka jsem se nadechl a spustil. Je to p\u0159eci m\u00e1 parta.<\/div>\n<div style=\"text-align:justify\"><\/div>\n<div style=\"text-align:justify\">&#8222;No, ona je to toti\u017e pravda.&#8220;<\/div>\n<div style=\"text-align:justify\"><\/div>\n<div style=\"text-align:justify\">&#8222;Co je pravda?&#8220; nech\u00e1pal Sebastian. V\u0161ichni se na m\u011b d\u00edvali stejn\u011b zmaten\u00fdm pohledem jako on.<\/div>\n<div style=\"text-align:justify\"><\/div>\n<div style=\"text-align:justify\">&#8222;Jsem gay a chod\u00edm s Billem.&#8220; Tak, a je to venku.<\/div>\n<div style=\"text-align:justify\"><\/div>\n<div style=\"text-align:justify\">&#8222;Ty?&#8220; uk\u00e1zal na m\u011b Daniel a rozesm\u00e1l se. Absolutn\u011b pobaven\u011b a up\u0159\u00edmn\u011b. Asi si myslel, \u017ee ka\u017edou chv\u00edli se rozesm\u011bji taky a \u0159eknu, \u017ee jsem si jen d\u011blal legraci. Ale ostatn\u00edm \u010dty\u0159em asi hned do\u0161lo, \u017ee nejde o \u017e\u00e1dn\u00fd \u017eert. Dan po chvilce taky zmlkl.<\/div>\n<div style=\"text-align:justify\"><\/div>\n<div style=\"text-align:justify\">To t\u00ed\u017eiv\u00e9 ticho trvalo je\u0161t\u011b asi minutu.<\/div>\n<div style=\"text-align:justify\"><\/div>\n<div style=\"text-align:justify\">&#8222;Tak,&#8220; zvedl jsem se, &#8222;pokud nikdo z v\u00e1s nem\u00e1 co dodat, m\u011bl bych u\u017e asi j\u00edt.&#8220; Ani jednomu z nich u\u017e jsem nev\u011bnoval jedin\u00fd pohled, oto\u010dil jsem se a po schodech se vydal zp\u011bt do prvn\u00edho patra, kde je na\u0161e t\u0159\u00edda. Po cest\u011b jsem si je\u0161t\u011b koupil po\u0159\u00e1dn\u011b siln\u00e9 kafe. U\u017e te\u010f se mi po Billovi neuv\u011b\u0159iteln\u011b st\u00fdskalo.<\/div>\n<div style=\"text-align:justify\"><\/div>\n<div style=\"text-align:justify\"><\/div>\n<div style=\"text-align:justify\">***<\/div>\n<div style=\"text-align:justify\"><\/div>\n<div style=\"text-align:justify\"><\/div>\n<div style=\"text-align:justify\">&#8222;No doprdele,&#8220; vydechl Ralph.<\/div>\n<div style=\"text-align:justify\"><\/div>\n<div style=\"text-align:justify\">&#8222;Ale jak je to mo\u017en\u00fd?&#8220; Daniel si div nerval samou hr\u016fzou vlasy.<\/div>\n<div style=\"text-align:justify\"><\/div>\n<div style=\"text-align:justify\">&#8222;V\u017edy\u0165 byl v\u017edycky na holky,&#8220; p\u0159idal se Jesse.<\/div>\n<div style=\"text-align:justify\"><\/div>\n<div style=\"text-align:justify\">&#8222;Nemohlo mu jen tak rupnout v bedn\u011b,&#8220; dodal Sebastian. Matthew se na n\u011b jen tak d\u00edval. Nesd\u00edlel \u00fapln\u011b stejn\u00fd n\u00e1zor jako oni.<\/div>\n<div style=\"text-align:justify\"><\/div>\n<div style=\"text-align:justify\">&#8222;Hele, kluci, je to jeho rozhodnut\u00ed. Asi bychom to m\u011bli respektovat,&#8220; pob\u00eddl je m\u00edrn\u011b.<\/div>\n<div style=\"text-align:justify\"><\/div>\n<div style=\"text-align:justify\">&#8222;Upadl jsi?&#8220; zd\u011bsil se Daniel. &#8222;Tohle p\u0159ece jen tak nenech\u00e1me. V\u0161echno by bylo v h\u00e1ji. Mus\u00edme zachr\u00e1nit jak na\u0161\u00ed pov\u011bst, tak tu Tomovu. A\u017e se mu kone\u010dn\u011b zase otev\u0159ou o\u010di, je\u0161t\u011b n\u00e1m pod\u011bkuje.&#8220; Dan si spokojen\u011b promnul ruce a pob\u00eddl je, aby se k n\u011bmu naklonili bl\u00ed\u017ee: &#8222;M\u00e1m pl\u00e1n.&#8220;<\/div>\n<div style=\"text-align:justify\"><\/div>\n<div style=\"text-align:justify\"><\/div>\n<div style=\"text-align:justify\">Bill<\/div>\n<div style=\"text-align:justify\"><\/div>\n<div style=\"text-align:justify\"><\/div>\n<div style=\"text-align:justify\">&#8222;\u00d3, tady n\u00e1m n\u011bkdo z\u00e1\u0159\u00ed jako slun\u00ed\u010dko,&#8220; r\u00fdpla do m\u011b Michelle, kdy\u017e jsme vyrazili do \u0161koly.<\/div>\n<div style=\"text-align:justify\"><\/div>\n<div style=\"text-align:justify\">&#8222;Hmmm&#8230;&#8220; usm\u00edval jsem se d\u00e1l. Nic mi moji radost nemohlo zkazit.<\/div>\n<div style=\"text-align:justify\"><\/div>\n<div style=\"text-align:justify\">&#8222;No tak u\u017e to kone\u010dn\u011b vyklop,&#8220; pob\u00eddla m\u011b Ta\u0161a.<\/div>\n<div style=\"text-align:justify\"><\/div>\n<div style=\"text-align:justify\">&#8222;Co?&#8220; d\u011blal jsem nech\u00e1pav\u00e9ho.<\/div>\n<div style=\"text-align:justify\"><\/div>\n<div style=\"text-align:justify\">&#8222;Tr\u00fcmpere!&#8220; pra\u0161tila m\u011b Michelle jemn\u011b, ale tv\u00e1\u0159ila se dost nedo\u010dkav\u011b.<\/div>\n<div style=\"text-align:justify\"><\/div>\n<div style=\"text-align:justify\">&#8222;Fajn, fajn. No prost\u011b, byl jsem cel\u00fd v\u00edkend u Toma doma,&#8220; ozn\u00e1mil jsem jim, jako by se vlastn\u011b nic nestalo. N\u00e1sledovalo jejich zb\u011bsil\u00e9 zalap\u00e1n\u00ed po dechu a m\u011bl jsem pocit, \u017ee kdybych je gestem p\u0159itisknut\u00ed prstu na rty neuml\u010del, za\u010daly by nad\u0161en\u011b je\u010det.<\/div>\n<div style=\"text-align:justify\"><\/div>\n<div style=\"text-align:justify\">&#8222;To jako fakt?&#8220; povysko\u010dila Ta\u0161a.<\/div>\n<div style=\"text-align:justify\"><\/div>\n<div style=\"text-align:justify\">&#8222;Vypad\u00e1m, jako \u017ee bych si vym\u00fd\u0161lel?&#8220;<\/div>\n<div style=\"text-align:justify\"><\/div>\n<div style=\"text-align:justify\">&#8222;No tak pov\u00eddej! Co-se-stalo?&#8220; zastavila se Michelle, tak\u017ee jsme se zastavili i my.<\/div>\n<div style=\"text-align:justify\"><\/div>\n<div style=\"text-align:justify\">&#8222;No&#8230;, toti\u017e, nestalo se p\u0159\u00edmo TO, co mysl\u00edte, \u017ee se stalo,&#8220; p\u0159e\u0161l\u00e1pnul jsem na m\u00edst\u011b.<\/div>\n<div style=\"text-align:justify\"><\/div>\n<div style=\"text-align:justify\">&#8222;Tak co teda?&#8220;<\/div>\n<div style=\"text-align:justify\"><\/div>\n<div style=\"text-align:justify\">N\u011bjak mi to ne\u0161lo p\u0159es pusu, tak jsem to jen nazna\u010doval gesty. P\u0159esn\u011bji rukou a \u00fasty.<\/div>\n<div style=\"text-align:justify\"><\/div>\n<div style=\"text-align:justify\">&#8222;Vy jste se vykou\u0159ili?&#8220; za\u0159valy ob\u011b unisono.<\/div>\n<div style=\"text-align:justify\"><\/div>\n<div style=\"text-align:justify\">&#8222;Je\u0161t\u011b hlasit\u011bji by to ne\u0161lo?&#8220; rozhodil jsem nerv\u00f3zn\u011b rukama.<\/div>\n<div style=\"text-align:justify\"><\/div>\n<div style=\"text-align:justify\">&#8222;Promi\u0148,&#8220; \u0161eptla Michelle, ale pak pokra\u010dovala: &#8222;To je super! Jste spolu v\u00edc ne\u017e t\u00fdden a je\u0161t\u011b jste spolu nespali. Bille, tohle vypad\u00e1 na <em>v\u00e1\u017enou zn\u00e1most<\/em>.&#8220; Tato slova m\u011b m\u00e1lem rozesm\u00e1la. Poslouch\u00e1 se to sice hezky, ale jedna v\u011bc m\u011b tr\u00e1pila u\u017e od sobotn\u00edho ve\u010dera. Tom mi st\u00e1le je\u0161t\u011b ne\u0159ekl, \u017ee m\u011b miluje. P\u0159itom j\u00e1 u\u017e mu to cht\u011bl \u0159\u00edct. Ale b\u00e1l jsem se, \u017ee mi to neoplat\u00ed.<\/p>\n<\/div>\n<div style=\"text-align:justify\"><\/div>\n<div style=\"text-align:justify\">***<\/div>\n<div style=\"text-align:justify\"><\/div>\n<div style=\"text-align:justify\"><\/div>\n<div style=\"text-align:justify\">Asi tak 5 minut p\u0159ed koncem velk\u00e9 p\u0159est\u00e1vky mi zavibroval v kapse mobil. Vyndal jsem ho a na n\u011bm uvid\u011bl p\u0159ijatou zpr\u00e1vu a u n\u00ed jm\u00e9no: &#8222;Tom<\/div>\n<div><\/div>\n<div style=\"text-align:center\"><em>Ahoj Bille, tak co? Jak se m\u00e1\u0161? \ud83d\ude42<\/em><\/div>\n<div><\/div>\n<div style=\"text-align:center\"><\/div>\n<div>S \u00fasm\u011bvem jsem odpov\u011bd\u011bl.<\/div>\n<div><\/div>\n<div style=\"text-align:center\"><em>Jde to. \ud83d\ude00 Ale st\u00fdsk\u00e1 se mi po tob\u011b.<\/em><\/div>\n<div style=\"text-align:center\"><\/div>\n<div>Vz\u00e1p\u011bt\u00ed mi p\u0159i\u0161la zp\u011btn\u00e1 odpov\u011b\u010f.<\/div>\n<div><\/div>\n<div style=\"text-align:center\"><em>Mn\u011b to pov\u00eddej. \ud83d\ude00 M\u00e1m to \u00fapln\u011b stejn\u011b. A to jsme se nevid\u011bli jen&#8230; Hm&#8230;, moment, tohle je slo\u017eit\u00e1 matika. \ud83d\ude00 Jen 15 hodin.<\/em><\/div>\n<div style=\"text-align:center\"><\/div>\n<div style=\"text-align:center\"><em>Bill<\/em><\/div>\n<div style=\"text-align:center\"><em>\u0160ikula \ud83d\ude00 Seknul ses jen o dv\u011b hodiny. \ud83d\ude00 Ode\u0161el jsem v p\u011bt, ne v sedm. \ud83d\ude42<\/em><\/div>\n<div style=\"text-align:center\"><\/div>\n<div style=\"text-align:center\"><em>Tom<\/em><\/div>\n<div style=\"text-align:center\"><em>Perfekcionisto. \ud83d\ude00 No tak nejsem tak chytrej, no. \ud83d\ude00<\/em><\/div>\n<div style=\"text-align:center\"><\/div>\n<div style=\"text-align:center\"><em>Bill<\/em><\/div>\n<div style=\"text-align:center\"><em>Ale jsi. \ud83d\ude42 Hele, u\u017e zvon\u00ed, tak si pak zase nap\u00ed\u0161eme, jo? Pa.<\/em><\/div>\n<div style=\"text-align:center\"><\/div>\n<div style=\"text-align:center\"><em>Tom<\/em><\/div>\n<div style=\"text-align:center\"><em>Ty m\u011b snad donut\u00ed\u0161 p\u0159ij\u00edt na tu hodinu v\u010das. \ud83d\ude00 A to jsem si je\u0161t\u011b ani nedopil kafe. Tak pa. \ud83d\ude42<\/em><\/div>\n<div style=\"text-align:center\"><\/div>\n<div style=\"text-align:justify\"><\/div>\n<div style=\"text-align:justify\"><\/div>\n<div style=\"text-align:justify\">T\u011bchto p\u00e1r SMS mi m\u016fj skv\u011bl\u00fd den zlep\u0161ilo je\u0161t\u011b v\u00edc. Sta\u010dilo jen p\u00e1r hezk\u00fdch slov\u00ed\u010dek a m\u00e9 pochybnosti o tom, \u017ee ke mn\u011b Tom nec\u00edt\u00ed to, co j\u00e1 k n\u011bmu, vyprchaly. Napadlo m\u011b, \u017ee Tom se asi boj\u00ed toho sam\u00e9ho jako j\u00e1. Proto jsem se rozhodl, \u017ee mu, co nejd\u0159\u00edve pov\u00edm, co k n\u011bmu vlastn\u011b c\u00edt\u00edm.<\/div>\n<div><\/div>\n<div><\/div>\n<div><strong>autor: Rose<\/strong><\/div>\n<div><strong>betaread: J. :o)<\/strong><\/div>\n","protected":false},"excerpt":{"rendered":"<p>autor: Rose Nic nem\u016f\u017ee b\u00fdt dokonal\u00e9 v\u011b\u010dn\u011b. Tom &#8222;Hej, br\u00e1cho!&#8220; zastavil m\u011b Daniel v pond\u011bl\u00ed r\u00e1no u sk\u0159\u00edn\u011bk. &#8222;No?&#8220; pod\u00edval jsem se na n\u011bj. &#8222;Nep\u0159i\u0161el jsi,&#8220; doplnil Jesse Danova slova. &#8222;Kam?&#8220; nech\u00e1pal jsem. &#8222;Vole,&#8220; rozesm\u00e1l se Ralph, &#8222;ne\u0159\u00edkej, \u017ee jsi zapomn\u011bl. No<\/p>\n<p class=\"link-more\"><a class=\"myButt \" href=\"https:\/\/twincestblog.cz\/domains\/twincestblog.cz\/2012\/04\/12\/kdyz-se-dva-svety-spoji-19\/\">Read More<\/a><\/p>\n","protected":false},"author":1,"featured_media":0,"comment_status":"open","ping_status":"open","sticky":false,"template":"","format":"standard","meta":{"_exactmetrics_skip_tracking":false,"_exactmetrics_sitenote_active":false,"_exactmetrics_sitenote_note":"","_exactmetrics_sitenote_category":0,"footnotes":""},"categories":[484],"tags":[],"class_list":["post-6670","post","type-post","status-publish","format-standard","hentry","category-kdyz-se-dva-svety-spoji"],"_links":{"self":[{"href":"https:\/\/twincestblog.cz\/domains\/twincestblog.cz\/wp-json\/wp\/v2\/posts\/6670","targetHints":{"allow":["GET"]}}],"collection":[{"href":"https:\/\/twincestblog.cz\/domains\/twincestblog.cz\/wp-json\/wp\/v2\/posts"}],"about":[{"href":"https:\/\/twincestblog.cz\/domains\/twincestblog.cz\/wp-json\/wp\/v2\/types\/post"}],"author":[{"embeddable":true,"href":"https:\/\/twincestblog.cz\/domains\/twincestblog.cz\/wp-json\/wp\/v2\/users\/1"}],"replies":[{"embeddable":true,"href":"https:\/\/twincestblog.cz\/domains\/twincestblog.cz\/wp-json\/wp\/v2\/comments?post=6670"}],"version-history":[{"count":0,"href":"https:\/\/twincestblog.cz\/domains\/twincestblog.cz\/wp-json\/wp\/v2\/posts\/6670\/revisions"}],"wp:attachment":[{"href":"https:\/\/twincestblog.cz\/domains\/twincestblog.cz\/wp-json\/wp\/v2\/media?parent=6670"}],"wp:term":[{"taxonomy":"category","embeddable":true,"href":"https:\/\/twincestblog.cz\/domains\/twincestblog.cz\/wp-json\/wp\/v2\/categories?post=6670"},{"taxonomy":"post_tag","embeddable":true,"href":"https:\/\/twincestblog.cz\/domains\/twincestblog.cz\/wp-json\/wp\/v2\/tags?post=6670"}],"curies":[{"name":"wp","href":"https:\/\/api.w.org\/{rel}","templated":true}]}}