{"id":6851,"date":"2012-03-05T18:00:00","date_gmt":"2012-03-05T17:00:00","guid":{"rendered":"http:\/\/twincestblog.cz\/?p=6832"},"modified":"2012-03-05T18:00:00","modified_gmt":"2012-03-05T17:00:00","slug":"zeiten-andern-dich-46","status":"publish","type":"post","link":"https:\/\/twincestblog.cz\/domains\/twincestblog.cz\/2012\/03\/05\/zeiten-andern-dich-46\/","title":{"rendered":"Zeiten \u00e4ndern dich 46."},"content":{"rendered":"<div><strong>autor: Mintam<\/strong><\/div>\n<div><strong> <\/strong><\/div>\n<div><strong> <\/strong><\/div>\n<div><strong><br \/><\/strong><\/div>\n<div style=\"text-align:center\"><strong><img loading=\"lazy\" decoding=\"async\" width=\"584\" height=\"334\" src=\"http:\/\/twincestblog.cz\/wp-content\/uploads\/e0d63d5505_80767042_o2.jpg\" alt=\"\" \/><\/strong><\/div>\n<div style=\"text-align:center\"><\/div>\n<div style=\"text-align:center\"><\/div>\n<div style=\"text-align:justify\">Rozhl\u00e9dnu se a s v\u00fddechem zam\u017eour\u00e1m na jakousi v\u011b\u017ei\u010dku v d\u00e1li. Sed\u00edme s Markem na na\u0161\u00ed obl\u00edben\u00e9 vyhl\u00eddce na m\u011bsto, nav\u00edc se zmrzlinou v ruce. Stihl jsem mu povypr\u00e1v\u011bt u\u017e snad v\u0161echno ohledn\u011b ve\u010d\u00edrku a jako pokrok toho v\u0161eho, u\u017e to \u0159\u00edk\u00e1m s v\u011bt\u0161\u00edm nadhledem ne\u017e p\u0159ed t\u0159emi dny.<br \/>&#8222;A v\u00ed\u0161, co ti \u0159eknu? Pozitivn\u00ed v\u011bc\u00ed na tom je, \u017ee v\u016fbec nesejde na tom, jestli se zm\u011bnil on, ale hlavn\u011b \u017ee zm\u011bnil tebe. Blb\u011b by vyzn\u011blo, kdybych \u0159ekl k lep\u0161\u00edmu, ale chci \u0159\u00edct k lep\u0161\u00edmu, jako dob\u0159e pro tebe. Jse\u0161 te\u010f v\u00edc\u2026 uff\u2026&#8220;<br \/>Lehce se usm\u011bju a \u010dek\u00e1m, jestli vyslov\u00ed, co m\u00e1 v pl\u00e1nu. Kdy\u017e se tak ale nekon\u00e1, ujmu se slova s\u00e1m. &#8222;Jo, mo\u017en\u00e1 m\u00e1\u0161 pravdu. Asi jsem za\u010dal trochu jinak pohl\u00ed\u017eet na sv\u011bt a sebe. Asi.&#8220;<br \/>&#8222;Ur\u010dit\u011b. V\u00e1\u017en\u011b jsem na tob\u011b pozoroval n\u011bkolik zm\u011bn, a netu\u0161il jsem, \u017ee to jde u \u010dlov\u011bka tak rychle.&#8220;<br \/>&#8222;Ale stejn\u011b si mysl\u00edm, \u017ee dost v\u011bc\u00ed z toho bylo jen do\u010dasn\u011b ve mn\u011b us\u00eddlen\u00e9. Prost\u011b jen d\u00edky n\u011bmu, \u017ee jsem se c\u00edtil jinak, te\u010f je v\u0161echno zas takov\u00fd\u2026 stejn\u00fd. V\u016fbec bych se m\u011bl prost\u011b sm\u00ed\u0159it u\u017e s t\u00edm, \u017ee hezk\u00fd v\u011bci se mi obloukem vyh\u00fdbaj\u00ed. A kdy\u017e u\u017e jsem Toma za\u010dal skute\u010dn\u011b vid\u011bt jinak, asi jsem ho p\u0159echv\u00e1lil, a proto\u2026&#8220;<br \/>&#8222;Bille, to je hloupost! Tohle taky nem\u016f\u017ee trvat v\u011b\u010dn\u011b. Po\u010dkej je\u0161t\u011b, jak ho\u0159ce zapl\u00e1\u010de. Co je ti do n\u011bho? On z\u016fstane holt stejnej, kdy\u017e to tak chce, ale ty m\u00e1\u0161 te\u010f s nov\u00fdm rozhledem tolik mo\u017enost\u00ed. U\u017e i kdyby jen fakt, \u017ee bude\u0161 nav\u0161t\u011bvovat nov\u00fd m\u011bsto od z\u00e1\u0159\u00ed.&#8220;<\/p>\n<p>&#8222;J\u00e1 nev\u00edm, Marku. Boj\u00edm se toho. A potom, v\u00e1\u017en\u011b jsem z\u00edskal nov\u00fd postoj hlavn\u011b k hezk\u00fdm v\u011bcem. Mus\u00edm si prost\u011b \u0161t\u011bst\u00ed ukrajovat po kousk\u00e1ch a nikdy nesm\u00edm cht\u00edt hromadu,&#8220; pouk\u00e1\u017eu na svou zmrzlinu v ruce, &#8222;za\u010dnu t\u0159eba u zmrzliny, kter\u00e1 zp\u016fsobuje, \u017ee se c\u00edt\u00edm dob\u0159e.&#8220;<br \/>&#8222;No a b\u016fhv\u00edkde to m\u016f\u017ee skon\u010dit.&#8220;<br \/>&#8222;Hele Arwin!&#8220; vysko\u010d\u00edm okam\u017eit\u011b, co\u017e mus\u00ed Marka asi dost polekat, proto\u017ee si m\u011b nejd\u0159\u00edv zara\u017een\u011b prohl\u00e9dne.<br \/>&#8222;Co\u017ee?&#8220;<br \/>&#8222;Arwin. Poj\u010f nebo ho nestihnu,&#8220; nept\u00e1m se u\u017e na nic v\u00edc, a vyjdu vst\u0159\u00edc cesti\u010dce v parku, po kter\u00e9 si vykra\u010duje Arwin s jakousi rasou mal\u00e9ho pejska. Kdy\u017e u\u017e mne zaregistruje i on, ohl\u00e9dnu se jen, zda jde Mark za mnou.<br \/>&#8222;Bille? Ahoj,&#8220; roz\u0161\u00ed\u0159\u00ed sv\u016fj \u00fasm\u011bv. &#8222;Tady bych t\u011b ne\u010dekal.&#8220;<br \/>&#8222;Ahoj, r\u00e1d t\u011b zase vid\u00edm. Kouk\u00e1m, \u017ee u\u017e je to ok,&#8220; pouk\u00e1\u017eu na jeho ji\u017e skoro neviditeln\u00e9 zran\u011bn\u00ed nad rtem.<br \/>&#8222;Jo, u\u017e je to lep\u0161\u00ed.&#8220;<br \/>&#8222;M\u00e1\u0161 n\u00e1dhernou spole\u010dnost,&#8220; sklon\u00edm se k mal\u00e9mu pejskovi, abych si ho pohladil.<br \/>&#8222;Jsem na n\u011bj py\u0161nej,&#8220; usm\u011bje se a na pejska mrkne.<br \/>&#8222;Oh, tohle je Mark. Marku tohle je Arwin,&#8220; p\u0159edstav\u00edm je, kdy\u017e n\u00e1s Mark ji\u017e dojde a pokra\u010duji.<\/div>\n<hr \/>\n<div style=\"text-align:justify\">&#8222;Nerad bych t\u011b zdr\u017eoval, ale sm\u00edm se jen na n\u011bco zeptat?&#8220;<br \/>&#8222;Jasn\u011b,&#8220; p\u0159ik\u00fdvne s m\u00edrn\u00fdm \u00fasm\u011bvem.<br \/>&#8222;Kdy\u017e jsem odjel z toho ve\u010d\u00edrku, \u0161el jsi dom\u016f, nebo s tebou je\u0161t\u011b pak\u2026 Tom mluvil?&#8220;<br \/>&#8222;Tom?&#8220;<br \/>&#8222;No\u2026 ten s t\u011bma cop\u00e1nkama.&#8220;<br \/>&#8222;Jo, tenhle. No sed\u011bl jsem venku s jedn\u00edm spolu\u017e\u00e1kem, kdy\u017e p\u0159ijelo zas to auto. Nic se ned\u011blo, \u0161el dovnit\u0159, ale pak se vr\u00e1til ke mn\u011b a jo, ptal se po tob\u011b. Nev\u00edm, jak to mohl usoudit, \u017ee \u0161el bez p\u0159em\u00fd\u0161len\u00ed rovnou za mnou, ale v\u00edcem\u00e9n\u011b to usoudil asi z toho, \u017ee jsme sed\u011bli venku, a tud\u00ed\u017e jsme mohli vid\u011bt odj\u00ed\u017ed\u011bj\u00edc\u00ed auta. Proto\u017ee se jen ptal, jestli jsi odjel, nic v\u00edc.&#8220;<br \/>&#8222;Neubl\u00ed\u017eil ti u\u017e, \u017ee ne?&#8220;<br \/>&#8222;Ne\u2026 ne.&#8220;<br \/>&#8222;Dob\u0159e, d\u011bkuju moc.&#8220;<br \/>&#8222;To j\u00e1 bych m\u011bl sp\u00ed\u0161 d\u011bkovat.&#8220;<br \/>&#8222;Ka\u017edop\u00e1dn\u011b, kdybych to neud\u011blal, pro\u0161li bychom kolem sebe dnes bez pov\u0161imnut\u00ed, a p\u0159itom jsi mi te\u010f tak moc pomohl.&#8220;<br \/>&#8222;To m\u011b t\u011b\u0161\u00ed.&#8220;<br \/>&#8222;No, nebudu t\u011b zdr\u017eovat,&#8220; \u0159eknu podruh\u00e9, kdy\u017e se mu v kapse rozezvon\u00ed telefon, &#8222;r\u00e1d jsem t\u011b vid\u011bl.&#8220;<br \/>&#8222;N\u00e1podobn\u011b, m\u011bjte se,&#8220; rozlou\u010d\u00ed se jen s \u00fasm\u011bvem a my se s Markem vyd\u00e1me na cestu vedouc\u00ed hloub\u011bji do bludi\u0161t\u011b cesti\u010dek.<\/p>\n<p>&#8222;Vid\u00ed\u0161, a o tomhle mluv\u00edm.&#8220;<br \/>&#8222;O \u010dem?&#8220;<br \/>&#8222;Jse\u0161 te\u010f v\u00edc takovej otev\u0159en\u011bj\u0161\u00ed, zdrav\u00ed\u0161 si tady lidi, a tak, to prost\u011b u tebe nen\u00ed tak obvykl\u00e9.&#8220;<br \/>&#8222;Jindy lidi nezdrav\u00edm, jsem to ale nestyda.&#8220;<br \/>&#8222;Ty v\u00ed\u0161, jak to mysl\u00edm,&#8220; zasm\u011bje se.<br \/>&#8222;Jo, ale byl to jen Arwin.&#8220;<br \/>&#8222;Dob\u0159e, ale u\u017e i to je ur\u010dit\u00e1 zm\u011bna.&#8220;<br \/>&#8222;Asi jo, ale je mi to tak trochu prd platn\u00e9.&#8220;<br \/>&#8222;A popravd\u011b ani nev\u00ed\u0161, jak jsem r\u00e1d, \u017ee se sm\u011bje\u0161. B\u00e1l jsem se, \u017ee z toho bude\u0161 mimo tak, jak si zn\u011bl v tom telefonu v sobotu, a \u017ee budu m\u00edt d\u00edky tomu co nejv\u011bt\u0161\u00ed chu\u0165 si toho idiota osobn\u011b podat, ale p\u0159ekvapil jsi m\u011b.&#8220;<br \/>&#8222;No, je to t\u011b\u017e\u0161\u00ed, ne\u017e jsem si myslel, ale zaprv\u00e9 to zkou\u0161\u00edm hodit za hlavu a \u0159\u00edkat si, \u017ee u\u017e ho nikdy nemus\u00edm vid\u011bt, a za druh\u00e9 mi stra\u0161n\u011b pom\u00e1h\u00e1 Mal\u00e1 d\u00e1ma a pucl\u00edk. Je te\u010f doma veselo, a p\u0159i pohledu na n\u011b se \u010dlov\u011bk mra\u010dit ani nem\u016f\u017ee. A pak samoz\u0159ejm\u011b Gordon, on je prost\u011b nejlep\u0161\u00ed.&#8220;<br \/>&#8222;No vid\u00ed\u0161, po\u0159\u00e1d se\u0161 bohat\u0161\u00ed ne\u017e kdejakej Kaulitz i se sv\u00fdm har\u00e9mem.&#8220;<br \/>&#8222;Jo, v tomhle s tebou chci souhlasit. M\u00e1m toho mnohem v\u00edc, ne\u017e m\u00e1 on. M\u011bl jsem tu \u010dest to posoudit. Ne\u0159ekl bych, \u017ee je jeho rodina a\u017e tak \u0161patn\u00e1, ale on to tvrdil. A u\u017e jen z toho pohledu m\u00e1m v\u00edc ne\u017e on, m\u00e1m rodinu.&#8220; L\u00edznu si ze sv\u00e9 zmrzliny, a pak se vr\u00e1t\u00edm k tomu, co \u0159ekl. &#8222;A v\u016fbec, pro\u010d ty bys m\u011bl chu\u0165 si ho pod\u00e1vat a sni\u017eovat se tak na jeho \u00farove\u0148?&#8220;<br \/>&#8222;\u0158ekl jsem to jen tak v rozpolcen\u00ed,&#8220; lehce se zasm\u011bje, &#8222;ale stejn\u011b si mysl\u00edm, \u017ee by mu m\u011bl kone\u010dn\u011b n\u011bkdo uk\u00e1zat, \u017ee nem\u016f\u017ee v\u0161echno.&#8220;<br \/>&#8222;Tvrdil mi, \u017ee nebude tenhle t\u00fdden ani doma. Nic mi do toho nen\u00ed, jen \u017ee kdybys cht\u011bl b\u00fdt t\u00edm, kdo mu to uk\u00e1\u017ee, po\u010dkej si.&#8220;<br \/>Mark si m\u011b prohl\u00e9dne a za\u010dne se sm\u00e1t. &#8222;Se\u0161 super ironickej dneska. A v\u00ed\u0161, co mi do\u0161lo? \u017de neb\u00fdt jeho, tak my dva bychom se t\u0159eba nikdy neza\u010dali bavit. To sam\u00e9 m\u00e1\u0161 te\u010f s Arwinem. Taky bys ho v \u017eivot\u011b nemusel potkat. Vlastn\u011b aspo\u0148 k tomuhle byl Kaulitz dobrej.&#8220;<br \/>&#8222;A v\u00ed\u0161, \u017ee jo?&#8220; stvrd\u00edm jeho my\u0161lenku \u00fasm\u011bvem.<\/p>\n<p>Ve st\u0159edu u\u017e v p\u016fl \u010dtvrt\u00e9 odpoledne vylezu ze skladu obchodu a usm\u011bju se na pan\u00ed Schmittovou. &#8222;Uklizeno. K\u00e9\u017e by to tak cht\u011blo v\u017edycky vydr\u017eet.&#8220;<br \/>&#8222;Se\u0161 zlat\u00ed\u010dko, Bille. Dnes jsi toho ud\u011blal v\u00edc ne\u017e j\u00e1. M\u011bl bys u\u017e j\u00edt, nebo si neu\u017eije\u0161 tak kr\u00e1sn\u00e9ho slune\u010dn\u00e9ho odpoledne.&#8220;<br \/>Kdyby tak v\u011bd\u011bla, \u017ee stejn\u011b nem\u00e1m, jak si ho u\u017e\u00edt. &#8222;A nepot\u0159ebujete je\u0161t\u011b s n\u011b\u010d\u00edm pomoct?&#8220;<br \/>&#8222;Ne. Jen to srovn\u00e1m tady vep\u0159edu a p\u016fjdu taky. Ale d\u011bkuju.&#8220;<br \/>&#8222;Dob\u0159e.&#8220; Vezmu si ta\u0161ku a p\u0159ehod\u00edm si ji p\u0159es rameno.<br \/>&#8222;Tak z\u00edtra nashle.&#8220;<br \/>&#8222;Nashledanou,&#8220; s \u00fasm\u011bvem obchod opust\u00edm a nadechnu se venku \u010derstv\u00e9ho vzduchu. U\u017e se t\u011b\u0161\u00edm zas domu na ty dva prcky, kte\u0159\u00ed tam jist\u011b zanechali po sob\u011b zas spoustu nepo\u0159\u00e1dku. Zam\u017eour\u00e1m do slun\u00ed\u010dka a sna\u017e\u00edm se si vybavit telefon\u00e1t, kdy\u017e mi v pln\u00e9m vyt\u00ed\u017een\u00ed volal Gordon. Zdr\u017e\u00ed se, p\u0159ijede v p\u011bt, \u0159\u00edkal? Dob\u0159e, prost\u011b p\u0159ijede pozd\u011bji, nedok\u00e1\u017eu si te\u010f vybavit p\u0159esn\u00e1 slova. Jist\u011b m\u00e1 zas n\u011bjakou sch\u016fzku s Miriam a nechce mi to \u0159\u00edct jen tak naplno. U\u017e by mne s n\u00ed m\u011bl taky sezn\u00e1mit, takov\u00fd setk\u00e1n\u00ed by mne fakt zaj\u00edmalo. Ale samoz\u0159ejm\u011b ch\u00e1pu, \u017ee je opatrn\u011bj\u0161\u00ed ne\u017e j\u00e1 a nechce nic usp\u011bchat.<br \/>V\u016fbec bych mu p\u0159\u00e1l, kdyby mu tento vztah vydr\u017eel. A\u017e na posledn\u00ed t\u0159i dny je jinak Gordon prost\u011b \u0161\u0165astn\u011bj\u0161\u00ed ne\u017e obvykle a nev\u0161iml by si toho jedin\u011b velk\u00fd ignorant.<\/p>\n<p>&#8222;Nazdar, vy moji bobci,&#8220; p\u0159iv\u00edt\u00e1m ty dva, kte\u0159\u00ed se mi ihned nahrnou k noh\u00e1m, kdy\u017e otev\u0159u vchodov\u00e9 dve\u0159e. Vezmu si je oba do n\u00e1ru\u010de, abych je pohladil a trochu se s nima pomazlil, ne\u017e jim p\u0159ik\u00e1\u017eu, aby se \u0161li prob\u011bhnout ven, ne\u017e to po nich na chodb\u011b v\u0161echno uklid\u00edm.<br \/>B\u011bhem \u00faklidu nech\u00e1m ale stejn\u011b otev\u0159en\u00e9 dve\u0159e, tak\u017ee mi ka\u017edou chvilku jeden z nich dovnit\u0159 vb\u011bhne, a\u010d je to venku pro n\u011b v\u011bt\u0161\u00ed z\u00e1bava. Obzvl\u00e1\u0161\u0165 v tak super po\u010das\u00ed.<br \/>Po \u00faklidu se po del\u0161\u00edm p\u0159emlouv\u00e1n\u00ed rozhodnu, \u017ee uva\u0159\u00edm, ne\u017e se Gordon vr\u00e1t\u00ed. Dlouho jsem u\u017e neva\u0159il a cht\u011bl bych vyzkou\u0161et n\u011bco dobr\u00e9ho.<br \/>&#8222;Zlat\u00ed\u010dka,&#8220; oto\u010d\u00edm se s \u00fasm\u011bvem, kdy\u017e mi pod nohama prob\u011bhnou ti dva, &#8222;tohle nen\u00ed nejlep\u0161\u00ed n\u00e1pad pl\u00e9st se mi pod nohy.&#8220; Zad\u00edv\u00e1m se na n\u011b a mus\u00edm si povzdychnout. Mark m\u011bl pravdu. M\u00e1m v\u00edc ne\u017e Tom. Ano. Ale i p\u0159esto postr\u00e1d\u00e1m toho Toma, kter\u00e9ho jsem poznal a stejn\u011b tak rychle ztratil. Rad\u011bji rychle vstanu, ne\u017e mne za\u010dnou pohlcovat vlastn\u00ed my\u0161lenky, a s n\u00e1padem se vyd\u00e1m naj\u00edt jednu skv\u011blou kucha\u0159ku, ve kter\u00e9 jsem posledn\u011b na\u0161el super recept na ochucen\u00ed ryby. Je \u010das vyzkou\u0161et dal\u0161\u00ed recept, nepochybuji, \u017ee bude jist\u011b stejn\u011b tak v\u00fdborn\u00fd jako ten p\u0159edt\u00edm.<br \/>Jen kde tu kn\u00ed\u017eku hledat? S povzdechem projdu jedin\u00e9 mo\u017en\u00e9 m\u00edsto, knihovnu v ob\u00fdv\u00e1ku, a kdy\u017e se nenach\u00e1z\u00ed tam, zkus\u00edm to na m\u00edst\u011b, o kter\u00e9m u\u017e p\u0159edem siln\u011b pochybuji. Lo\u017enice Gordona. Dost nepravd\u011bpodobn\u00e9, ale co kdyby.<br \/>Vejdu dovnit\u0159 a rozhl\u00e9dnu se. Nejprve nakouknu kr\u00e1tce do jeho sk\u0159\u00edn\u011b, ale pak zkus\u00edm \u0161upl\u00edk. Nerad bych se mu hrabal ve v\u011bcech, projedu to rychle o\u010dima a to snad nikomu neubl\u00ed\u017e\u00ed. U\u017e chci \u0161upl\u00edk s nepo\u0159\u00edzenou zav\u0159\u00edt, kdy\u017e mi ale pohled spo\u010dine na ob\u00e1lce na sam\u00e9m vrchu. Bill Tr\u00fcmper? Pro\u010d m\u00e1 Gordon ob\u00e1lku s m\u00fdm jm\u00e9nem, kterou jsem nevid\u011bl? Opatrn\u011b ji\u017e otev\u0159enou ob\u00e1lku rozev\u0159u a vyt\u00e1hnu jej\u00ed obsah. Kdy\u017e si ale p\u0159ed o\u010dima rozbal\u00edm parte se jm\u00e9nem Josephine F\u00fchrlich, zastav\u00ed se mi dech.<\/p>\n<p><strong>autor: Mintam<\/strong><\/div>\n<div><strong>betaread: J. :o)<\/p>\n<p><\/strong><\/div>\n","protected":false},"excerpt":{"rendered":"<p>autor: Mintam Rozhl\u00e9dnu se a s v\u00fddechem zam\u017eour\u00e1m na jakousi v\u011b\u017ei\u010dku v d\u00e1li. Sed\u00edme s Markem na na\u0161\u00ed obl\u00edben\u00e9 vyhl\u00eddce na m\u011bsto, nav\u00edc se zmrzlinou v ruce. Stihl jsem mu povypr\u00e1v\u011bt u\u017e snad v\u0161echno ohledn\u011b ve\u010d\u00edrku a jako pokrok toho v\u0161eho, u\u017e<\/p>\n<p class=\"link-more\"><a class=\"myButt \" href=\"https:\/\/twincestblog.cz\/domains\/twincestblog.cz\/2012\/03\/05\/zeiten-andern-dich-46\/\">Read More<\/a><\/p>\n","protected":false},"author":1,"featured_media":0,"comment_status":"open","ping_status":"open","sticky":false,"template":"","format":"standard","meta":{"_exactmetrics_skip_tracking":false,"_exactmetrics_sitenote_active":false,"_exactmetrics_sitenote_note":"","_exactmetrics_sitenote_category":0,"footnotes":""},"categories":[462],"tags":[],"class_list":["post-6851","post","type-post","status-publish","format-standard","hentry","category-zeiten-andern-dich"],"_links":{"self":[{"href":"https:\/\/twincestblog.cz\/domains\/twincestblog.cz\/wp-json\/wp\/v2\/posts\/6851","targetHints":{"allow":["GET"]}}],"collection":[{"href":"https:\/\/twincestblog.cz\/domains\/twincestblog.cz\/wp-json\/wp\/v2\/posts"}],"about":[{"href":"https:\/\/twincestblog.cz\/domains\/twincestblog.cz\/wp-json\/wp\/v2\/types\/post"}],"author":[{"embeddable":true,"href":"https:\/\/twincestblog.cz\/domains\/twincestblog.cz\/wp-json\/wp\/v2\/users\/1"}],"replies":[{"embeddable":true,"href":"https:\/\/twincestblog.cz\/domains\/twincestblog.cz\/wp-json\/wp\/v2\/comments?post=6851"}],"version-history":[{"count":0,"href":"https:\/\/twincestblog.cz\/domains\/twincestblog.cz\/wp-json\/wp\/v2\/posts\/6851\/revisions"}],"wp:attachment":[{"href":"https:\/\/twincestblog.cz\/domains\/twincestblog.cz\/wp-json\/wp\/v2\/media?parent=6851"}],"wp:term":[{"taxonomy":"category","embeddable":true,"href":"https:\/\/twincestblog.cz\/domains\/twincestblog.cz\/wp-json\/wp\/v2\/categories?post=6851"},{"taxonomy":"post_tag","embeddable":true,"href":"https:\/\/twincestblog.cz\/domains\/twincestblog.cz\/wp-json\/wp\/v2\/tags?post=6851"}],"curies":[{"name":"wp","href":"https:\/\/api.w.org\/{rel}","templated":true}]}}