{"id":6995,"date":"2012-02-06T15:00:00","date_gmt":"2012-02-06T14:00:00","guid":{"rendered":"http:\/\/twincestblog.cz\/?p=6976"},"modified":"2012-02-06T15:00:00","modified_gmt":"2012-02-06T14:00:00","slug":"cejchovni-znameni-1","status":"publish","type":"post","link":"https:\/\/twincestblog.cz\/domains\/twincestblog.cz\/2012\/02\/06\/cejchovni-znameni-1\/","title":{"rendered":"Cejchovn\u00ed znamen\u00ed 1."},"content":{"rendered":"<div><strong>autor: Helie<\/p>\n<p><\/strong> <em>Zdrav\u00edm v\u0161echny spolu s novou pov\u00eddkou. U\u017e hrozn\u011b dlouho jsem ji slibovala, ale neust\u00e1le p\u0159ich\u00e1zely nov\u00e9 n\u00e1pady a j\u00e1 jsem se k n\u00ed tak n\u011bjak nedostala. \ud83d\ude00 Dala jsem si v\u0161ak slib, \u017ee ji dop\u00ed\u0161u, proto\u017ee, p\u0159izn\u00e1m se, ten n\u00e1pad m\u011b naprosto uchv\u00e1til. \ud83d\ude00 Kdo m\u011b zn\u00e1, v\u00ed, \u017ee jsou dv\u011b v\u011bci, kter\u00e9 miluji v\u00edc ne\u017e cokoliv &#8211; fantasy a Egypt \ud83d\ude00 V t\u00e9hle pov\u00eddce najdete oboj\u00ed =) O Egypt\u011b, respektive o Egypt\u011b v dob\u011b fara\u00f3n\u016f a otrok\u016f nev\u00edm dost na to, abych o n\u011bm psala, proto jsem zvolila kombinaci v\u0161ech starov\u011bk\u00fdch kultur, ze kter\u00fdch vznikla \u00fapln\u011b nov\u00e1 zem\u011b s nov\u00fdmi z\u00e1kony a novou histori\u00ed =) Zem\u011b, ve kter\u00e9 je mo\u017en\u00e9 tak\u0159ka naprosto v\u0161echno \ud83d\ude00<\/p>\n<p>Ne\u017e se v\u0161ak pust\u00edte do \u010dten\u00ed naprosto nic ne\u0159\u00edkaj\u00edc\u00edho prologu, kter\u00fd zat\u00edm nem\u00e1 \u017e\u00e1dnou roli, cht\u011bla bych v\u00e1s varovat. Pov\u00eddka nebude jen o samotn\u00e9m twincestu (krom toho, \u017ee twins nebudou twins :D). M\u016f\u017eete v n\u00ed tak do poloviny naj\u00edt taky prvky Billshida, a pokud mi to m\u00e1 mil\u00e1 pov\u00eddka dovol\u00ed, nebude to jen n\u011bjak\u00fdch p\u00e1r n\u00e1znak\u016f \ud83d\ude00 Bushido tam p\u016fvodn\u011b nem\u011bl ani b\u00fdt, ale do role toho, koho bude zastupovat, se mi nikdo jin\u00fd nehodil. Nav\u00edc spolu s n\u00e1padem Bushida jako jedn\u00e9 z hlavn\u00edch rol\u00ed p\u0159i\u0161el taky kone\u010dn\u011b n\u00e1pad na d\u011bj (abyste ch\u00e1pali, j\u00e1 d\u011bj v\u011bt\u0161inou vym\u00fd\u0161l\u00edm a\u017e v pr\u016fb\u011bhu pov\u00eddky \ud83d\ude00 v\u011bt\u0161inou za\u010d\u00edn\u00e1m pouze s n\u00e1padem na n\u00e1zev a ob\u010das s prost\u0159ed\u00edm :D).<\/em><\/div>\n<div><em>Taky bych cht\u011bla pod\u011bkovat svoj\u00ed nejlep\u0161\u00ed kamar\u00e1dce, kter\u00e1 pro m\u011b nakreslila obr\u00e1zek pyramid, kter\u00fd m\u016f\u017eete vid\u011bt na coveru =) No a mysl\u00edm, \u017ee jsem se rozkecala a\u017e p\u0159\u00edli\u0161, tak\u017ee na z\u00e1v\u011br&#8230; douf\u00e1m, \u017ee se v\u00e1m pov\u00eddka bude l\u00edbit =)<\/em><\/div>\n<div><em>Helie =)<\/em><\/div>\n<div><em><br \/><\/em><\/div>\n<div><em> <\/em><\/div>\n<div><strong><img loading=\"lazy\" decoding=\"async\" width=\"700\" height=\"470\" src=\"http:\/\/twincestblog.cz\/wp-content\/uploads\/577cab51fd_83221620_o2.jpg\" alt=\"\" \/><\/strong><\/div>\n<div><strong> <\/strong><\/div>\n<div><strong><br \/><\/strong><\/div>\n<div style=\"text-align:justify\"><strong>Prolog &#8211; Temn\u00e1 strana lva<\/p>\n<p><\/strong> Slunce vch\u00e1zelo do kraje, jeho paprsky se odr\u00e1\u017eely ve zlat\u00fdch st\u011bn\u00e1ch Slune\u010dn\u00edho pal\u00e1ce v Igdar. Sluhov\u00e9 b\u011bhali po cel\u00e9m s\u00eddle a roztahovali t\u011b\u017ek\u00e9 z\u00e1v\u011bsy p\u0159es okna. Jen do pokoje vl\u00e1dce si nikdo netroufl. Z\u00e1v\u011bsy jeho oken byly u\u017e d\u00e1vno rozta\u017een\u00e9. Rozt\u00e1hl je s\u00e1m fara\u00f3n. Na parapetu le\u017eela velk\u00e1 \u010dern\u00e1 lvice a hled\u011bla na probouzej\u00edc\u00ed se d\u011bn\u00ed na n\u00e1dvo\u0159\u00ed Slune\u010dn\u00edho pal\u00e1ce. Nic neuniklo bystr\u00e9mu pohledu ledov\u011b modr\u00fdch o\u010d\u00ed. Za sebou zaslechla zvuk. Oto\u010dila hlavu, aby vid\u011bla, jak jej\u00ed p\u00e1n a zachr\u00e1nce vst\u00e1v\u00e1. Jej\u00ed pobyt zde zat\u00edm netrval p\u0159\u00edli\u0161 dlouho a vd\u011b\u010dila za n\u011bj jedin\u011b blon\u010fat\u00e9mu fara\u00f3novi, kter\u00fd se pr\u00e1v\u011b vr\u00e1til z \u0159\u00ed\u0161e sn\u016f.<\/div>\n<hr \/>\n<div style=\"text-align:justify\">\n<p>V\u017edycky byla jin\u00e1. Nem\u011bla tu spr\u00e1vnou barvu srsti. Jej\u00ed sme\u010dka ji za to vyhnala. Jako \u010dernou ovci&#8230; Dlouho unikala lovc\u016fm, dlouho se br\u00e1nila nep\u0159\u00edzni \u017eivl\u016f. Jej\u00ed zakrvaven\u00e9 t\u011blo jednoho dne dopadlo do b\u00edl\u00e9ho p\u00edsku, rostlo pod n\u00edm tratoli\u0161t\u011b krve. Tu noc \u0161el kolem chlapec. Nikdo jej neznal, nikdo o n\u011bm nikdy nesly\u0161el. Jako \u010dern\u00e1 ovce rodiny utekl. Pro\u010d by ho m\u011bl n\u011bkdo m\u00edt r\u00e1d, kdy\u017e nespl\u0148oval otcovy p\u0159edstavy? Pro\u010d by o n\u011bj n\u011bkdo st\u00e1l? I on unikal moci \u017eivl\u016f. Na\u0161el lvici le\u017eet v p\u00edsku, myslel, \u017ee je mrtv\u00e1. Ulehl vedle n\u00ed do p\u00edsku a doufal, \u017ee jej\u00ed ko\u017eich za\u017eene nep\u0159\u00edze\u0148 noc\u00ed, kter\u00e9 jsou v Igdaru neuv\u011b\u0159iteln\u011b ledov\u00e9.<\/p>\n<p>R\u00e1no se probudil, aby pohl\u00e9dl do ledov\u011b chladn\u00fdch o\u010d\u00ed \u010dern\u00e9 lvice. Cenila na n\u011bj zuby.<\/div>\n<div style=\"text-align:justify\">&#8222;Ne, pros\u00edm, nezab\u00edjej m\u011b!&#8220; zakvi\u010del. &#8222;N\u011bco mi \u0159\u00edk\u00e1, \u017ee pokud nezabijeme jeden druh\u00e9ho, budeme si moci b\u00fdt u\u017eite\u010dn\u00ed,&#8220; \u0161pitl, jako by mu lvice mohla rozum\u011bt. Ta naklonila hlavu ke stran\u011b. Fara\u00f3n\u016fv syn se na ni z\u00e1\u0159iv\u011b usm\u00e1l. &#8222;Moje maminka byla \u0161amanka. Nau\u010dila mne mnoho ritu\u00e1l\u016fm a mo\u017en\u00e1 zn\u00e1m n\u011bkter\u00fd, kter\u00fdm t\u011b mohu uzdravit. Ale nesm\u00ed\u0161 m\u011b potom zab\u00edt!&#8220; na\u0161pulil Amendetom, pro rodinu Tom, rty na lvici. Ta pok\u00fdvala hlavou. Nez\u00e1le\u017eelo na tom, jestli to byl pouze zv\u00ed\u0159ec\u00ed instinkt, Tom j\u00ed d\u016fv\u011b\u0159oval. Noc ritu\u00e1lu je spojila nav\u017edy.<\/p>\n<p>Mlad\u00fd fara\u00f3n p\u0159e\u0161el k oknu a podrbal svoji lvici na brad\u011b. Spokojen\u011b zamru\u010dela a oto\u010dila se zp\u00e1tky k oknu. Amendetom ji nechal b\u00fdt a obl\u00e9kl se do denn\u00edch \u0161at\u016f. Kdy\u017e byl hotov, zamlaskal na lvici, aby upoutal jej\u00ed pozornost. Ob\u0159\u00ed lv\u00ed t\u011blo se zvedlo z nosn\u00e9ho mramorov\u00e9ho parapetu a sesko\u010dilo dol\u016f. Kdy\u017e lvice stanula po fara\u00f3nov\u011b boku, kone\u010dn\u011b m\u011bli oba pocit dostate\u010dn\u00e9ho napln\u011bn\u00ed.<\/div>\n<div style=\"text-align:justify\"><em>Von\u00ed to tu,<\/em> vytanulo Amendetomovi v hlav\u011b. V\u011bd\u011bl, \u017ee my\u0161lenka nepat\u0159\u00ed jemu. Tak u\u017e to mezi n\u00edm a lvic\u00ed chodilo.<\/div>\n<div style=\"text-align:justify\">&#8222;La-ilo, nebu\u010f nena\u017eran\u00e1,&#8220; zasm\u00e1l se a podrbal ji mezi u\u0161ima.<\/div>\n<div style=\"text-align:justify\"><em>Lidsk\u00fd bl\u00e1zne&#8230;<\/p>\n<p><\/em> Po sn\u00eddani se La-ila odpoutala od Amendetomovy nohy, hledala svoji cestu k modlitebn\u011b. Ulehla p\u0159ed olt\u00e1\u0159em a vz\u00fdvala lidskou \u010d\u00e1st sv\u00e9ho j\u00e1, aby vystoupila z jej\u00edho t\u011bla a ud\u011blala pot\u011bchu Boh\u016fm. La-ila nikdy nep\u0159estala d\u011bkovat Boh\u016fm za Toma, kter\u00e9ho j\u00ed vpustili do cesty. P\u0159i ritu\u00e1lu se \u010d\u00e1st jeho lidskosti p\u0159esunula do jej\u00edho srdce. Jej\u00ed zv\u00ed\u0159ec\u00ed dravost potom utr\u017een\u00fd kus nahradila v Tomov\u011b t\u011ble. Kdy\u017e se bok po boku vr\u00e1tili do Slune\u010dn\u00edho pal\u00e1ce, nikdo nedok\u00e1zal Tomovi odporovat, nikdo si nedovolil zak\u00e1zat mu p\u0159\u00edstup. La-ila mu st\u00e1la v\u017edy po boku jako jeho and\u011bl str\u00e1\u017en\u00fd, jako nejlep\u0161\u00ed p\u0159\u00edtel&#8230;<\/p>\n<p>\u0160kubla vzh\u016fru hlavou, kdy\u017e perifern\u00edm vid\u011bn\u00edm zaznamenala pohyb.<\/div>\n<div style=\"text-align:justify\">&#8222;Tady le\u017e\u00ed, sama, opu\u0161t\u011bn\u00e1. <em>Seslan\u00e1 hv\u011bzdou<\/em>. To je tv\u00e9 jm\u00e9no, ne? Ach, La-ilo, kde m\u00e1\u0161 sv\u00e9ho p\u00e1na? Pro\u010d t\u011b zde nech\u00e1v\u00e1 samotnou?&#8220; zeptal se \u0161tiplav\u00fd \u017eensk\u00fd hlas. &#8222;Omlouv\u00e1m se, zapomn\u011bla jsem, \u017ee mluv\u00ed\u0161 pouze ke sv\u00e9mu p\u00e1nu. V\u00ed\u0161 co, La-ilo? Jsou v\u011bci, na kter\u00e9 nepot\u0159ebuji sly\u0161et tv\u016fj souhlas, abych v\u011bd\u011bla, \u017ee souhlas\u00ed\u0161.&#8220; Na krku \u010dern\u00e9 lvice p\u0159ist\u00e1la d\u00fdka. &#8222;Te\u010f ti d\u00e1m n\u011bco vyp\u00edt. A\u017e to vypije\u0161, podep\u00ed\u0161e se to i na <em>Tomovi<\/em>. Nehne\u0161 se od n\u011bj ani na krok, vi\u010f?&#8220; La-ila hlasit\u011b polkla. Nehnula by se od n\u011bj&#8230; To doty\u010dn\u00e1 musela v\u011bd\u011bt.<\/p>\n<p>&#8222;Jsem r\u00e1da, \u017ee se mnou souhlas\u00ed\u0161, mali\u010dk\u00e1. Te\u010f tohle vypije\u0161,&#8220; str\u010dila j\u00ed mezi pysky lahvi\u010dku a zvr\u00e1tila lvici hlavu, aby m\u011bla jistotu, \u017ee j\u00ed tekutina ste\u010de do krku. Lvice m\u011bla mo\u017enost zahl\u00e9dnout z\u00e1blesk pomn\u011bnkov\u011b modr\u00fdch o\u010d\u00ed. &#8222;Odte\u010f z\u016fst\u00e1vej v\u017edy po boku na\u0161eho vl\u00e1dce. A upozor\u0148uji t\u011b, Seslan\u00e1 hv\u011bzdou, hni se od n\u011bj a zabiju t\u011b. Jsem st\u00e1le kolem tebe&#8230; I kdy\u017e o mn\u011b nev\u00ed\u0161,&#8220; zamumlala \u017eena a ude\u0159ila La-ilu do sp\u00e1nku. Lvice se zhroutila v mdlob\u00e1ch k zemi, kde ji o p\u016fl hodiny pozd\u011bji na\u0161el Amendetom.<\/p>\n<p><strong>autor: Helie<\/strong><\/div>\n<div><strong>betaread: Janule<\/strong><\/div>\n","protected":false},"excerpt":{"rendered":"<p>autor: Helie Zdrav\u00edm v\u0161echny spolu s novou pov\u00eddkou. U\u017e hrozn\u011b dlouho jsem ji slibovala, ale neust\u00e1le p\u0159ich\u00e1zely nov\u00e9 n\u00e1pady a j\u00e1 jsem se k n\u00ed tak n\u011bjak nedostala. \ud83d\ude00 Dala jsem si v\u0161ak slib, \u017ee ji dop\u00ed\u0161u, proto\u017ee, p\u0159izn\u00e1m se, ten n\u00e1pad<\/p>\n<p class=\"link-more\"><a class=\"myButt \" href=\"https:\/\/twincestblog.cz\/domains\/twincestblog.cz\/2012\/02\/06\/cejchovni-znameni-1\/\">Read More<\/a><\/p>\n","protected":false},"author":1,"featured_media":0,"comment_status":"open","ping_status":"open","sticky":false,"template":"","format":"standard","meta":{"_exactmetrics_skip_tracking":false,"_exactmetrics_sitenote_active":false,"_exactmetrics_sitenote_note":"","_exactmetrics_sitenote_category":0,"footnotes":""},"categories":[482],"tags":[],"class_list":["post-6995","post","type-post","status-publish","format-standard","hentry","category-cejchovni-znameni"],"_links":{"self":[{"href":"https:\/\/twincestblog.cz\/domains\/twincestblog.cz\/wp-json\/wp\/v2\/posts\/6995","targetHints":{"allow":["GET"]}}],"collection":[{"href":"https:\/\/twincestblog.cz\/domains\/twincestblog.cz\/wp-json\/wp\/v2\/posts"}],"about":[{"href":"https:\/\/twincestblog.cz\/domains\/twincestblog.cz\/wp-json\/wp\/v2\/types\/post"}],"author":[{"embeddable":true,"href":"https:\/\/twincestblog.cz\/domains\/twincestblog.cz\/wp-json\/wp\/v2\/users\/1"}],"replies":[{"embeddable":true,"href":"https:\/\/twincestblog.cz\/domains\/twincestblog.cz\/wp-json\/wp\/v2\/comments?post=6995"}],"version-history":[{"count":0,"href":"https:\/\/twincestblog.cz\/domains\/twincestblog.cz\/wp-json\/wp\/v2\/posts\/6995\/revisions"}],"wp:attachment":[{"href":"https:\/\/twincestblog.cz\/domains\/twincestblog.cz\/wp-json\/wp\/v2\/media?parent=6995"}],"wp:term":[{"taxonomy":"category","embeddable":true,"href":"https:\/\/twincestblog.cz\/domains\/twincestblog.cz\/wp-json\/wp\/v2\/categories?post=6995"},{"taxonomy":"post_tag","embeddable":true,"href":"https:\/\/twincestblog.cz\/domains\/twincestblog.cz\/wp-json\/wp\/v2\/tags?post=6995"}],"curies":[{"name":"wp","href":"https:\/\/api.w.org\/{rel}","templated":true}]}}