{"id":7277,"date":"2011-12-15T16:00:00","date_gmt":"2011-12-15T15:00:00","guid":{"rendered":"http:\/\/twincestblog.cz\/?p=7257"},"modified":"2011-12-15T16:00:00","modified_gmt":"2011-12-15T15:00:00","slug":"zeiten-andern-dich-19","status":"publish","type":"post","link":"https:\/\/twincestblog.cz\/domains\/twincestblog.cz\/2011\/12\/15\/zeiten-andern-dich-19\/","title":{"rendered":"Zeiten \u00e4ndern dich 19."},"content":{"rendered":"<div><em><strong>autor: Mintam<\/strong><\/em><\/div>\n<div><em><strong> <\/strong><\/em><\/div>\n<div><em><strong><br \/><\/strong><\/em><\/div>\n<div style=\"text-align:center\"><strong><img loading=\"lazy\" decoding=\"async\" width=\"584\" height=\"334\" src=\"http:\/\/twincestblog.cz\/wp-content\/uploads\/e0d63d5505_80767042_o2.jpg\" alt=\"\" \/><\/strong><\/div>\n<div style=\"text-align:left\"><\/div>\n<div style=\"text-align:left\">&#8222;A te\u010f budu mluvit j\u00e1. S Andreasem jsem nemluvil dnes, ani v\u010dera, ani p\u00e1r dn\u00ed zp\u011bt, tak\u017ee nev\u00edm, co ti ud\u011blal a namluvil, ale nem\u00e1 to se mnou co d\u011blat. Tah\u00e1k o matiku by sis poslal taky, kdybys vid\u011bl ten sv\u016fj zmu\u010denej v\u00fdraz. A podobn\u011b zmu\u010den\u00fd v\u00fdraz si m\u011bl p\u0159i situaci, u kter\u00e9 jsem j\u00e1 nebyl. J\u00e1 t\u011b pak jen o\u0161et\u0159il. Tak\u017ee vina asi taky nebude na m\u00e9 stran\u011b, hm? Ten, kdo m\u011bl p\u00e1r ot\u00e1zek, kv\u016fli kter\u00fdm m\u011b furt pron\u00e1sledoval a nutn\u011b cht\u011bl odpov\u011bd\u011bt, a kv\u016fli kter\u00fdm jsem t\u011b podle tebe bezd\u016fvodn\u011b odt\u00e1hl za \u0161kolu, to jsem byl zas j\u00e1?&#8220;<br \/>Zt\u011b\u017eka polknu a s\u00e1m sob\u011b mus\u00edm p\u0159iznat, \u017ee zasko\u010dil on mne. Teprve te\u010f kone\u010dn\u011b pust\u00ed mou ruku a vydechne.<br \/>&#8222;V\u0161echno?&#8220; na tv\u00e1\u0159i se mu vytvo\u0159\u00ed jak\u00fdsi v\u00fdsm\u011bvn\u00fd \u00fa\u0161klebek. Jestli si to nenamlouv\u00e1m. A ne\u017e stihnu cokoliv \u0159\u00edct, vyd\u00e1 se ke sv\u00e9mu autu.<\/p>\n<p>Je\u0161t\u011b dobr\u00fdch p\u011bt minut po tom, co odjede, tam jen tak stoj\u00edm a z\u00edr\u00e1m p\u0159ed sebe. Sakra, on m\u011bl v\u00e1\u017en\u011b pravdu. V\u017edy\u0165 v\u0161e, co jsem mu vy\u010detl, bylo jaksi mimo n\u011bj. Ale copak mi ubl\u00ed\u017eil m\u00e1lo na to, abych mu nemohl alespo\u0148 n\u011bco vy\u010d\u00edst?! Copak on a jeho gang mi ustavi\u010dn\u011b neubli\u017eovali a\u017e do dne\u0161n\u00ed doby natolik, abych te\u010f nemohl zas\u00e1hnout by\u0165 jen slovem proti nim j\u00e1? Co se sakra d\u011bje, \u017ee mus\u00edm p\u0159iznat pravdu jemu?!<\/div>\n<hr \/>\n<div style=\"text-align:left\">Ve\u010der u\u017e se nach\u00e1z\u00edm doma, u ve\u010de\u0159e s Nelly a Gordonem.<br \/>&#8222;A Bille, ty u\u017e tam z\u016fstane\u0161?&#8220; zept\u00e1 se Nelly a mali\u010dko nakr\u010d\u00ed \u010delo.<br \/>&#8222;Ne, Nelly, jsem tam jen na p\u00e1r dn\u00ed. Ute\u010de to, a pak u\u017e zas s v\u00e1mi budu doma ka\u017ed\u00fd den.&#8220;<br \/>&#8222;A vezme\u0161 m\u011b tam n\u011bkdy?&#8220;<br \/>&#8222;Tak v\u00ed\u0161 co? V p\u00e1tek pro tebe ta\u0165ka p\u0159ijede pozd\u011bji, a j\u00e1 t\u011b vezmu s sebou rovnou ze \u0161kolky, jo?&#8220;<br \/>&#8222;Jo jo jooo,&#8220; za\u010dne s \u00fasm\u011bvem p\u0159ikyvovat.<br \/>&#8222;Dob\u0159e.&#8220;<br \/>&#8222;Taky si mi sl\u00edbil, \u017ee p\u016fjdeme plavat.&#8220;<br \/>&#8222;Oh, j\u00e1 v\u00edm. Tak p\u016fjdeme, a\u017e budu m\u00edt tu brig\u00e1du za sebou, nevad\u00ed?&#8220;<br \/>&#8222;Hm, tak jo. A ty dneska ve\u010der je\u0161t\u011b pojede\u0161 zp\u00e1tky?&#8220;<br \/>&#8222;Ne, dneska u\u017e ne. Zas a\u017e z\u00edtra, a pak bych m\u011bl p\u0159ijet a\u017e v ned\u011bli, dneska jsem si je\u0161t\u011b p\u0159ijel pro dostatek v\u011bc\u00ed. Ale ur\u010dit\u011b se b\u011bhem t\u00fddne uvid\u00edme, o to se neboj. Taky byste se mohli stav\u011bt u babi\u010dky, hm?&#8220; pohl\u00e9dnu s t\u00edmto dotazem i na Gordona.<br \/>&#8222;Hm. Tati?&#8220; lehce str\u010d\u00ed prst\u00edkem do zamy\u0161len\u00e9ho a tajemn\u011b usm\u00edvaj\u00edc\u00edho se Gordona. Ten se jakoby dostane zp\u011bt do reality a koukne na n\u00e1s.<br \/>&#8222;Co?&#8220;<\/p>\n<p>Za\u010dnu se sm\u00e1t jeho v\u00fdrazu, k nezaplacen\u00ed! Usm\u00edv\u00e1 se jak m\u011bs\u00ed\u010dek na hnoji a sousto j\u00eddla, kter\u00e9 si na vidli\u010dku nabral u\u017e p\u0159ed dobrou chv\u00edl\u00ed, mu pr\u00e1v\u011b sklouzne na tal\u00ed\u0159, co\u017e podn\u00edt\u00ed m\u016fj sm\u00edch \u00fapln\u011b. Gordon mi l\u00edpne ze srandy pohlavek, a\u017e mus\u00edm odlo\u017eit p\u0159\u00edbor a s hledaj\u00edc\u00edm dechem zaklonit hlavu.<br \/>&#8222;Jestli pojedeme k babi\u010dce,&#8220; pochecht\u00e1vaj\u00edc\u00ed Nelly jen jezd\u00ed o\u010dima mezi mnou a Gordonem.<br \/>&#8222;Jo, ur\u010dit\u011b. Ur\u010dit\u011b pojedeme. A ty se nesm\u011bj, p\u0159ipomenu ti, a\u017e zas bude\u0161 mimo ty,&#8220; \u0159ekne ji\u017e taky sm\u011bj\u00edc\u00ed se Gordon a nabere si na vidli\u010dku nov\u00e9 sousto, kter\u00e9 vstr\u010d\u00ed do pusy.<br \/>&#8222;Ale kdy\u017e&#8230;,&#8220; nemohu to do\u0159\u00edct, ani\u017e bych se neza\u010dal zas sm\u00e1t. Rad\u011bji tu v\u011btu spolknu a ut\u0159u si slzy.<br \/>&#8222;A mus\u00ed\u0161 m\u011b v p\u00e1tek vyzvednout a\u017e pozd\u011b. Bill mne vezme do toho \u00fatulku.&#8220;<br \/>&#8222;Dob\u0159e,&#8220; s \u00fasm\u011bvem p\u0159ik\u00fdvne Gordon a j\u00e1 se kone\u010dn\u011b s n\u00e1dechem zase narovn\u00e1m u stolu.<br \/>&#8222;Pojedeme k t\u00e9 babi\u010dce u\u017e z\u00edtra? J\u00e1 bych cht\u011bla Billa vid\u011bt u\u017e zase brzo.&#8220;<br \/>&#8222;Uvid\u00edme, Nelly, ano? Taky jak na n\u00e1s bude m\u00edt Bill n\u00e1ladu.&#8220;<br \/>Uchechtnu se d\u00edky posledn\u00edmu tiku ze sm\u00edchu a zhluboka vydechnu. &#8222;Zavol\u00e1me si, ano?&#8220; s \u00fasm\u011bvem na Nelly k\u00fdvnu.<br \/>&#8222;Co cel\u00fd den v tom \u00fatulku d\u011bl\u00e1\u0161?&#8220; zv\u011bdav\u011b na mne up\u0159e Nelly pohled. Usm\u011bju se a za\u010dnu jim vypr\u00e1v\u011bt v\u0161echno, co to obn\u00e1\u0161\u00ed.<\/p>\n<p>&#8222;O \u010dem jsi se mnou cht\u011bl mluvit?&#8220; zept\u00e1 se Gordon ve\u010der, kdy\u017e spolu sed\u00edme u televize, a kdy\u017e u\u017e Nelly sp\u00ed.<br \/>&#8222;Jen jsem m\u011bl mal\u00fd n\u00e1vrh. Zamiloval jsem se toti\u017e do jednoho \u0161t\u011b\u0148\u00e1tka. Ona je fakt sladk\u00e1, a obl\u00edbila si m\u011b hned, co jsem tam ve\u0161el. V\u011b\u0159 mi, l\u00edbila by se ti, je hrozn\u011b rozko\u0161n\u00e1 a zd\u00e1 se mi to jako kr\u00e1sn\u00fd skutek, vz\u00edt si pejska z \u00fatulku. Proto jsem ti cht\u011bl navrhnout jestli bychom si ji nemohli vz\u00edt. Je to jezev\u010d\u00edk, je pr\u0165av\u00e1. Samoz\u0159ejm\u011b, \u017ee po\u010d\u00edt\u00e1m s t\u00edm, \u017ee k n\u00e1m p\u0159ibude v \u010dervenci dal\u0161\u00ed pes, ale stejn\u011b tak si mysl\u00edm, \u017ee by to tak nevadilo.&#8220;<br \/>Gordon vydechne a koukne se na mne.<\/div>\n<div style=\"text-align:justify\">&#8222;Nemysl\u00edm si, \u017ee je to a\u017e tak v\u00fdborn\u00fd n\u00e1pad, ale ne\u0159\u00edk\u00e1m ne. Jen bych m\u011bl prosbu j\u00e1, nemohl by sis ji domu p\u0159iv\u00e9zt, a\u017e tady budeme m\u00edt toho dal\u0161\u00edho psa? Mysl\u00edm, aby se oba aklimatizovali stejn\u011b, aby jeden si ned\u011blal v\u011bt\u0161\u00ed n\u00e1roky a tak.&#8220;<br \/>&#8222;Ale to je p\u0159ece hloupost. Jsem si jist, \u017ee se p\u0159ijmou \u00fapln\u011b stejn\u011b, beztak se uvid\u00ed oba poprv\u00e9.&#8220;<br \/>&#8222;J\u00e1 t\u011b ch\u00e1pu, ale taky jsem sv\u00fdm zp\u016fsobem cht\u011bl, aby to pro Nelly bylo p\u0159ekvapen\u00ed, a aby m\u011bla n\u011bjakou odpov\u011bdnost za to \u0161t\u011bn\u011b. Takhle p\u0159ilne k tomuhle, proto\u017ee v\u00ed\u0161 s\u00e1m, \u017ee chce psa u\u017e taky dlouho, a \u0159ekn\u011bme, \u017ee pak ten ofici\u00e1ln\u011b jej\u00ed pes bude na druh\u00fd koleji.&#8220;<br \/>Zauva\u017euji nad t\u00edm na vte\u0159inu a pak pokr\u010d\u00edm rameny. &#8222;T\u0159eba ne.&#8220;<\/p>\n<p>&#8222;Bille, nechci aby sis myslel, \u017ee ti toho psa zakazuju. Schvaluju ti, \u017ee to mysl\u00ed\u0161 dob\u0159e, ale zkus pochopit i tuhle str\u00e1nku. Najednou tu budou dva psi a Nelly nebude v\u011bd\u011bt, co d\u0159\u00edv. Tak j\u00ed v\u011bnujeme jej\u00ed \u0161t\u011bn\u011b, a pak bysme mohli p\u0159iv\u00e9st i toho jezev\u010d\u00edka. A takhle, kdy\u017e by tady ten jezev\u010d\u00edk u\u017e byl, tak bysme my j\u00ed pak dali jej\u00ed \u0161t\u011bn\u011b a ona se bude pt\u00e1t, pro\u010d psa, kdy\u017e jednoho u\u017e m\u00e1me a ona u\u017e je spokojen\u00e1 i tak.&#8220;<br \/>&#8222;Jen\u017ee\u2026 to budou na\u0161i spole\u010dn\u00ed psi. Oba, to se p\u0159ece nerozd\u011bluje. Jako bys rozd\u011bloval vlastn\u00ed d\u011bti. Tohohle m\u00e1m v\u00edc r\u00e1d, tohohle m\u00ed\u0148. A tak.&#8220;<br \/>&#8222;Ano, ch\u00e1pu, co chce\u0161 \u0159\u00edct, a necht\u011bl jsem, abys to pochopil takhle. Zjednodu\u0161\u00edm ti to &#8211; kdy\u017e dostane psa te\u010f, nebude se m\u00edt na co t\u011b\u0161it. Takhle se bude t\u011b\u0161it, a pak dostane psy rovnou dva.  Ch\u00e1pe\u0161, co t\u00edm chci \u0159\u00edct?&#8220;<br \/>&#8222;Jo, ch\u00e1pu. Ale kdy\u017e j\u00e1 bych ji v\u00e1\u017en\u011b cht\u011bl, je to \u00fa\u017easn\u00e1 osobnost, ona je jako j\u00e1. V\u00e1\u017en\u011b bys ji musel vid\u011bt.&#8220;<br \/>&#8222;Bille, m\u016f\u017eu t\u011b o n\u011bco po\u017e\u00e1dat? Kdy\u017e jsi bez n\u00ed vydr\u017eel dote\u010f, vydr\u017e\u00ed\u0161 j\u00ed je\u0161t\u011b m\u011bs\u00edc nav\u0161t\u011bvovat v \u00fatulku, a pak si ji vezmeme dom\u016f?&#8220;<br \/>Vydechnu. &#8222;Dob\u0159e.&#8220;<br \/>&#8222;To je p\u0159ece f\u00e9r, ne?&#8220;<br \/>P\u0159ik\u00fdvnu se a pak se tedy trochu usm\u011bju. &#8222;Hm, jo, m\u00e1\u0161 pravdu. Budu j\u00ed nav\u0161t\u011bvovat.&#8220;<\/p>\n<p>&#8222;A vlastn\u011b to nebude tak dlouho. Nelly p\u0159ece jede hned prvn\u00edho na ten t\u00e1bor, tak\u017ee u\u017e j\u00ed m\u016f\u017ee\u0161 p\u0159iv\u00e9st dom\u016f, aby si zvykla, a ona pak po t\u00fddnu p\u0159ijede a rovnou ji budeme moct d\u00e1t ob\u011b \u0161t\u011b\u0148\u00e1tka.&#8220;<br \/>&#8222;Aha, ona vlastn\u011b p\u0159ijede a\u017e sedm\u00e9ho, tak\u017ee tu nebude na p\u0159esn\u00fd den sv\u00fdch narozenin.&#8220;<br \/>&#8222;No, ale je to jen den. Ute\u010de to, uvid\u00ed\u0161 a bude\u0161 m\u00edt fenku doma. Dal jsi j\u00ed u\u017e jm\u00e9no?&#8220;<br \/>&#8222;Mark ji pojmenoval Mal\u00e1 d\u00e1ma, a mn\u011b se to jm\u00e9no k n\u00ed neskute\u010dn\u011b hod\u00ed, tak\u017ee j\u00ed asi z\u016fstane.&#8220; Gordon se uchechtne a j\u00e1 ho naoko p\u0159\u00edsn\u011b sjedu pohledem.<br \/>&#8222;Co?!&#8220;<br \/>&#8222;No v\u017edy\u0165 u\u017e ml\u010d\u00edm,&#8220; s \u00fasm\u011bvem zvedne ruce na znamen\u00ed m\u00edru a j\u00e1 nad n\u00edm jen s \u00fasm\u011bvem zavrt\u00edm hlavou.<\/p>\n<p>Ve st\u0159edu u\u017e se jen tak ze zvyku boj\u00edm za\u010d\u00e1tku hodiny matematiky, proto\u017ee sl\u00edbila, \u017ee n\u00e1m \u0159ekne  v\u00fdsledky t\u011bch opravn\u00fdch test\u016f. Z\u00e1vid\u00edm t\u011bm lidem, kter\u00fdm matematika jde a ten test u\u017e znovu ps\u00e1t nemuseli. Taky to by mo\u017en\u00e1 vysv\u011btlovalo, pro\u010d se Tom vzadu ve t\u0159\u00edd\u011b usm\u00edv\u00e1 a cvak\u00e1 n\u011bco do telefonu. Ne, \u017ee bych ho n\u011bjak m\u011bl pot\u0159ebu kontrolovat, ale od pond\u011blka, co si m\u011b Andreas odchytil a co mi Tom nasadil slu\u0161n\u00e9ho brouka do hlavy, jsem si v\u0161iml, \u017ee vedle sebe skute\u010dn\u011b sed\u00ed jak dva kusy ledu a neprohod\u00ed mezi sebou ani slovo. T\u00edm sp\u00ed\u0161 se mi potvrzuje, \u017ee spolu asi v\u00e1\u017en\u011b nemluvili ani v pond\u011bl\u00ed. A taky se mi potvrzuje, \u017ee Andreas tu svou v\u00fdhru\u017eku myslel moc v\u00e1\u017en\u011b, proto\u017ee se nesm\u00edm ani pod\u00edvat jejich sm\u011brem, ani\u017e by m\u011b ihned nesjel sv\u00fdm laserov\u00fdm pohledem. Nev\u00edm, pro\u010d Toma tak hl\u00edd\u00e1, ale vypad\u00e1 to hodn\u011b divn\u011b a zvrhle.<br \/>To, \u017ee jsem se odv\u00e1\u017eil pr\u00e1v\u011b se po Tomovi ohl\u00e9dnout, bylo jen z d\u016fvodu, \u017ee Andreas ode\u0161el p\u0159ede\u0161lou hodinu pry\u010d, a nejsp\u00ed\u0161 ode\u0161el \u00fapln\u011b, proto\u017ee u\u017e se neuk\u00e1zal.<\/p>\n<p>&#8222;Pan Tr\u00fcmper?&#8220;<br \/>Prudce se proberu na sv\u00e9 jm\u00e9no a up\u0159u pohled na profesorku. &#8222;Ano?&#8220;<br \/>Vyhled\u00e1 mne pohledem, a usm\u011bje se, kdy\u017e m\u011b zaregistruje: &#8222;Ano, pan Tr\u00fcmper je p\u0159\u00edtomen. Jsem mile p\u0159ekvapen\u00e1, jen \u0161koda, \u017ee a\u017e takhle na posledn\u00ed chv\u00edli. M\u00e1te dv\u011b m\u00ednus. To je v\u00fdborn\u00fd v\u00fdkon. M\u011bl jste dou\u010dov\u00e1n\u00ed?&#8220;<br \/>&#8222;D\u00e1 se \u0159\u00edci,&#8220; usm\u011bju se.<br \/>&#8222;Tomu n\u011bkomu pod\u011bkujte, proto\u017ee d\u00edky n\u011bmu v\u00e1m nezkaz\u00edm vysv\u011bd\u010den\u00ed, a je\u0161t\u011b bychom klidn\u011b o matematice mohli b\u00fdt kamar\u00e1di, kdybyste si tohle sk\u00f3re udr\u017eel,&#8220; dojde a\u017e ke mn\u011b s p\u00edsemkou a mrkne na mne, kdy\u017e mi ji polo\u017e\u00ed na lavici. Op\u011btuju j\u00ed \u00fasm\u011bv a nejrad\u011bji bych j\u00ed \u0159ekl, \u017ee my dva u\u017e se neuvid\u00edme, alespo\u0148 ne na t\u00e9to \u0161kole p\u0159i hodin\u011b matematiky, ale nech\u00e1m to v sob\u011b jen udusit.<br \/>Kdy\u017e se za\u010dne v\u011bnovat zas ostatn\u00edm oprav\u00e1m, pohl\u00e9dnu na pap\u00edr p\u0159ed sebou a mus\u00edm se usm\u00e1t. Te\u010f bych dokonce byl schopen srovnat sv\u016fj \u00fasm\u011bv s t\u00edm Tomov\u00fdm, te\u010f u\u017e se toti\u017e m\u016f\u017eu usm\u00e1t i j\u00e1. Svobodn\u011b.  <\/p>\n<p><strong>autor: Mintam<\/strong><\/div>\n<div><strong>betaread: Janule<\/p>\n<p><\/strong><\/div>\n","protected":false},"excerpt":{"rendered":"<p>autor: Mintam &#8222;A te\u010f budu mluvit j\u00e1. S Andreasem jsem nemluvil dnes, ani v\u010dera, ani p\u00e1r dn\u00ed zp\u011bt, tak\u017ee nev\u00edm, co ti ud\u011blal a namluvil, ale nem\u00e1 to se mnou co d\u011blat. Tah\u00e1k o matiku by sis poslal taky, kdybys vid\u011bl ten<\/p>\n<p class=\"link-more\"><a class=\"myButt \" href=\"https:\/\/twincestblog.cz\/domains\/twincestblog.cz\/2011\/12\/15\/zeiten-andern-dich-19\/\">Read More<\/a><\/p>\n","protected":false},"author":1,"featured_media":0,"comment_status":"open","ping_status":"open","sticky":false,"template":"","format":"standard","meta":{"_exactmetrics_skip_tracking":false,"_exactmetrics_sitenote_active":false,"_exactmetrics_sitenote_note":"","_exactmetrics_sitenote_category":0,"footnotes":""},"categories":[462],"tags":[],"class_list":["post-7277","post","type-post","status-publish","format-standard","hentry","category-zeiten-andern-dich"],"_links":{"self":[{"href":"https:\/\/twincestblog.cz\/domains\/twincestblog.cz\/wp-json\/wp\/v2\/posts\/7277","targetHints":{"allow":["GET"]}}],"collection":[{"href":"https:\/\/twincestblog.cz\/domains\/twincestblog.cz\/wp-json\/wp\/v2\/posts"}],"about":[{"href":"https:\/\/twincestblog.cz\/domains\/twincestblog.cz\/wp-json\/wp\/v2\/types\/post"}],"author":[{"embeddable":true,"href":"https:\/\/twincestblog.cz\/domains\/twincestblog.cz\/wp-json\/wp\/v2\/users\/1"}],"replies":[{"embeddable":true,"href":"https:\/\/twincestblog.cz\/domains\/twincestblog.cz\/wp-json\/wp\/v2\/comments?post=7277"}],"version-history":[{"count":0,"href":"https:\/\/twincestblog.cz\/domains\/twincestblog.cz\/wp-json\/wp\/v2\/posts\/7277\/revisions"}],"wp:attachment":[{"href":"https:\/\/twincestblog.cz\/domains\/twincestblog.cz\/wp-json\/wp\/v2\/media?parent=7277"}],"wp:term":[{"taxonomy":"category","embeddable":true,"href":"https:\/\/twincestblog.cz\/domains\/twincestblog.cz\/wp-json\/wp\/v2\/categories?post=7277"},{"taxonomy":"post_tag","embeddable":true,"href":"https:\/\/twincestblog.cz\/domains\/twincestblog.cz\/wp-json\/wp\/v2\/tags?post=7277"}],"curies":[{"name":"wp","href":"https:\/\/api.w.org\/{rel}","templated":true}]}}