{"id":7307,"date":"2011-12-09T17:00:00","date_gmt":"2011-12-09T16:00:00","guid":{"rendered":"http:\/\/twincestblog.cz\/?p=7287"},"modified":"2011-12-09T17:00:00","modified_gmt":"2011-12-09T16:00:00","slug":"zeiten-andern-dich-17","status":"publish","type":"post","link":"https:\/\/twincestblog.cz\/domains\/twincestblog.cz\/2011\/12\/09\/zeiten-andern-dich-17\/","title":{"rendered":"Zeiten \u00e4ndern dich 17."},"content":{"rendered":"<div><strong>autor: Mintam<\/strong><\/div>\n<div><\/div>\n<div><\/div>\n<div><\/div>\n<div style=\"text-align:center\"><strong><em><img loading=\"lazy\" decoding=\"async\" width=\"584\" height=\"334\" src=\"http:\/\/twincestblog.cz\/wp-content\/uploads\/e0d63d5505_80767042_o2.jpg\" alt=\"\" \/><\/em><\/strong> <\/div>\n<div style=\"text-align:justify\"><\/div>\n<div style=\"text-align:justify\"><\/div>\n<div style=\"text-align:justify\">Dojdu do pokoje a dosednu tedy skute\u010dn\u011b s pap\u00edrem a tu\u017ekou ke stolu. Jenom\u017ee u\u017e podruh\u00e9 za dne\u0161n\u00ed ve\u010der jsem vyru\u0161en dve\u0159mi: &#8222;Bille, fakt m\u011b nepo\u0161kr\u00e1be\u0161?&#8220;<br \/>Oto\u010d\u00edm se k Nelly, kter\u00e1 u\u017e v py\u017e\u00e1mku stoj\u00ed ve dve\u0159\u00edch a kouk\u00e1 ps\u00edm pohledem. Kouknu na pap\u00edr a pak zp\u00e1tky na ni. &#8222;V\u00ed\u0161 co? N\u011bco vymysl\u00edm ve \u0161kole,&#8220; odlo\u017e\u00edm propisku, dojdu ke dve\u0159\u00edm, kter\u00e9 zav\u0159u, a Nelly vyzvu do postele.<br \/>&#8222;Mohla bych tu s tebou sp\u00e1t?&#8220;<br \/>&#8222;No m\u011bl jsem v pl\u00e1nu koukat je\u0161t\u011b na film, nebudu t\u011b ru\u0161it?&#8220;<br \/>Nelly zavrt\u00ed hlavou. &#8222;V\u00ed\u0161, \u017ee sp\u00edm tvrd\u011b,&#8220; odpov\u00ed a automaticky se zahrabe pod mou deku.<br \/>&#8222;Ne, ty mi ji zas v noci bude\u0161 br\u00e1t. P\u0159inese\u0161 si svoj\u00ed.&#8220; Jen\u017ee Nelly vykoukne ps\u00edm pohledem zpod pe\u0159iny a mn\u011b sta\u010d\u00ed jen vte\u0159ina, abych pochopil, \u017ee pro pe\u0159inu jdu j\u00e1.<\/p>\n<p>Nelly v\u00ed jak na m\u011b, tak\u017ee od r\u00e1na ve \u0161kole dum\u00e1m nad t\u00edm slohem, \u017ee ani nem\u00e1m \u010das se zaob\u00edrat v\u011bcmi, co se d\u011bj\u00ed kolem mne. Samoz\u0159ejm\u011b, stihnu si pov\u0161imnout, \u017ee nejsem st\u0159edem z\u00e1jmu gangu. V\u016fbec je to dnes prazvl\u00e1\u0161tn\u00ed. Cel\u00fd den se tu neobjevil ani Gustav ani Georg, a b\u011b\u017en\u00e9 upozor\u0148ov\u00e1n\u00ed Andrease a Toma na sebe se dnes taky nekon\u00e1. Dob\u0159e, u\u017e del\u0161\u00ed dobu se tu n\u011bco d\u011bje, ale dne\u0161ek je p\u0159eci jen n\u011b\u010d\u00edm zvl\u00e1\u0161tn\u00ed oproti t\u011bm ostatn\u00edm. Alespo\u0148 m\u00e1m ale \u010das zaob\u00edrat se t\u00edm slohem. D\u00edky bohu ale nemus\u00edm dumat dlouho, proto\u017ee po prvn\u00ed v\u011bt\u011b na \u010dist\u00e9m pap\u00ed\u0159e m\u00e1m jasnou inspiraci, o \u010dem ps\u00e1t.<\/div>\n<hr \/>\n<div style=\"text-align:justify\">A ani\u017e bych si uv\u011bdomoval, kam se ten \u010das pod\u011bl, stoj\u00edm najednou po cel\u00e9m dni p\u0159ed \u0161kolou, kde jen tak pohledem bloud\u00edm kolem p\u0159i \u010dek\u00e1n\u00ed na Gordona. T\u00edm p\u00e1dem m\u00e9mu pohledu neujde fakt, \u017ee ze \u0161koly vylezl Tom, a za n\u00edm se vy\u0161our\u00e1 Andreas. Je tu kolem spousta jin\u00fdch lid\u00ed ze \u0161koly, ale moje t\u011blo u\u017e n\u011bjak podv\u011bdom\u011b reaguje na p\u0159\u00edtomnost gangu, a m\u016fj pohled si je tud\u00ed\u017e automaticky vyhled\u00e1v\u00e1. Nelze to vysv\u011btlit.<br \/>&#8222;Jede\u0161 se mnou?&#8220;<br \/>Sed\u00edm d\u00e1l od nich, ale ne zas tak daleko, abych dostate\u010dn\u011b nevid\u011bl a nesly\u0161el, \u017ee Tom\u016fv t\u00f3n hlasu, jak\u00fdm mluv\u00ed s Andreasem, nen\u00ed zrovna p\u0159\u00e1telsk\u00fd. Jestli se tedy n\u011bkdy jeho t\u00f3n za p\u0159\u00e1telsk\u00fd pokl\u00e1dat dal.<br \/>&#8222;Nev\u00edm, cht\u011bl jsem se je\u0161t\u011b stav\u011bt v tom studiu.&#8220;<br \/>&#8222;To m\u016f\u017ee\u0161 i tak.&#8220;<br \/>&#8222;Jo jasn\u011b, ale&#8230;&#8220;<br \/>Nedostane \u0161anci to dopov\u011bd\u011bt, kdy\u017e Tom otev\u0159e dve\u0159e od auta a zavrt\u00ed hlavou: &#8222;Chov\u00e1\u0161 se jak idiot.&#8220;<\/p>\n<p>Pak by n\u00e1sledovalo pozorov\u00e1n\u00ed odj\u00ed\u017ed\u011bj\u00edc\u00edho auta, kdyby mi do v\u00fdhledu nevlezl Mark. Je\u0161t\u011b\u017ee tak. Kdy\u017e u\u017e neum\u00edm ovl\u00e1dat s\u00e1m sebe, jsem r\u00e1d, \u017ee mne ovliv\u0148uj\u00ed a vracej\u00ed na zem alespo\u0148 ti druz\u00ed.<br \/>&#8222;Ahoj Bille, jsem tak r\u00e1d, \u017ee jsem t\u011b odchytil. M\u011bl bych obrovskou prosbu.&#8220;<br \/>S \u00fasm\u011bvem k n\u011bmu vzhl\u00e9dnu. &#8222;Pov\u00eddej,&#8220; vyb\u00eddnu ho.<br \/>&#8222;Ta\u0165ka dostal \u0161anci odjet na \u010dtrn\u00e1ct dn\u00ed do Rakouska kv\u016fli pr\u00e1ci, a mamka chce, abychom jeli s n\u00edm. Tak\u017ee bych pot\u0159eboval n\u011bkoho, kdo by za m\u011b byl t\u011bch \u010dtrn\u00e1ct dn\u00ed v \u00fatulku, nem\u016f\u017eu tam tetu nechat samotnou. A prvn\u00ed, kdo mne napadl, jsi byl ty.&#8220;<br \/>&#8222;No&#8230; jo, n\u011bjak by to snad \u0161lo.&#8220;<br \/>&#8222;Samoz\u0159ejm\u011b, \u017ee bych se postaral o to, abys tady t\u0159eba mohl p\u0159esp\u00e1vat a tak. A n\u011bjak\u00fd eura se ti hod\u011bj, ne?&#8220;<br \/>&#8222;Marku, ud\u011bl\u00e1m to pro tebe r\u00e1d, v\u00e1\u017en\u011b. Nepot\u0159ebuju za to platit.&#8220;<br \/>&#8222;Stejn\u011b se s tebou vyrovn\u00e1m, a\u017e p\u0159ijedu. V\u00e1\u017en\u011b to nebude velk\u00fd probl\u00e9m? Na\u0161el bych kdy\u017e tak rychle je\u0161t\u011b n\u011bkoho.&#8220;<br \/>&#8222;A odkdy?&#8220;<br \/>&#8222;Vid\u00ed\u0161, na to bych m\u00e1lem zapomn\u011bl &#8211; u\u017e od z\u00edtra.&#8220;<br \/>&#8222;Ok.&#8220;<br \/>&#8222;V\u00e1\u017en\u011b?&#8220;<br \/>&#8222;Jasn\u011b \u017ee jo, m\u016f\u017eu p\u0159esp\u00e1vat u babi\u010dky. Je to jen dva t\u00fddny,&#8220; s \u00fasm\u011bvem p\u0159ik\u00fdvnu.<br \/>&#8222;Ach, jsi m\u016fj zachr\u00e1nce.&#8220;<br \/>&#8222;No vlastn\u011b, pot\u0159eboval jsem od tebe taky n\u011bco, ale na tom u\u017e nesejde, ur\u010dit\u011b posp\u00edch\u00e1\u0161 balit a tak,&#8220; m\u00e1vnu nakonec rukou s \u00fasm\u011bvem, ale Mark se toho chyt\u00ed.<br \/>&#8222;Ne, pov\u00eddej, co bys pot\u0159eboval, aspo\u0148 \u010d\u00e1ste\u010dn\u011b dostanu \u0161anci se ti odvd\u011b\u010dit. A odj\u00ed\u017ed\u00edm a\u017e z\u00edtra v poledne, tak\u017ee na balen\u00ed m\u00e1m je\u0161t\u011b \u010das. Myslel jsem je\u0161t\u011b, \u017ee ti dneska ve\u010der uk\u00e1\u017eu, co a jak, kdybys mohl?&#8220;<br \/>&#8222;Aha, dob\u0159e, domluv\u00edm to s Gordonem a z\u016fstanu tu u\u017e dneska ve\u010der. Pot\u0159eboval bych toti\u017e vysv\u011btlit matematiku. Mohl jsem dostat \u010dty\u0159ku, ale ona se rozhodla, \u017ee d\u00e1 n\u00e1m tupc\u016fm je\u0161t\u011b jednu \u0161anci, tak\u017ee bych j\u00ed pot\u0159eboval alespo\u0148 n\u011bco p\u0159edv\u00e9st,&#8220; zkus\u00edm a nevinn\u011b na Marka zamrk\u00e1m.<br \/>Ten se jen usm\u011bje a p\u0159ik\u00fdvne. &#8222;M\u00e1m te\u010f je\u0161t\u011b hodinu, ale kdybys vydr\u017eel, hned pak bych se ti mohl v\u011bnovat, hm?&#8220;<br \/>&#8222;Jo. Zavol\u00e1m alespo\u0148 mezit\u00edm Gordonovi a za hodinu budu \u010dekat tady.&#8220;<br \/>&#8222;Ok, tak zat\u00edm moc d\u00edky.&#8220;<br \/>&#8222;N\u00e1podobn\u011b.&#8220;<\/p>\n<p>V p\u016fl \u0161est\u00e9 ve\u010der u\u017e m\u016fj mozek trochu unaven\u011b pracuje, nicm\u00e9n\u011b z\u00e1klad l\u00e1tky je\u0161t\u011b v\u010das stihl pobrat, tak\u017ee m\u00e1m \u0161anci na lep\u0161\u00ed zn\u00e1mku.<br \/>&#8222;Jasn\u011b, a tohle ode\u010dtu od toho.&#8220;<br \/>&#8222;No, kdy\u017e nezapomene\u0161 v\u017edycky, \u017ee tohle nejprve dosad\u00ed\u0161 sem.&#8220;<br \/>Usm\u011bju se a rychle si to nap\u00ed\u0161u. &#8222;Tad\u00e1\u00e1\u00e1! Bill Tr\u00fcmper pochopil matematiku!&#8220;<br \/>Mark se taky usm\u011bje a zav\u0159e se\u0161it. &#8222;V\u00edc pro tebe ud\u011blat nem\u016f\u017eu.&#8220;<br \/>&#8222;D\u00edky, stra\u0161n\u011b mi to pomohlo.&#8220;<br \/>&#8222;Tak jak to vypad\u00e1 s tebou a p\u0159esp\u00e1v\u00e1n\u00edm?&#8220;<br \/>&#8222;Dneska pojedu je\u0161t\u011b dom\u016f, Gordon pro mne p\u0159ijede, abych si vzal v\u011bci a tak, a domluvil jsem se s babi\u010dkou, \u017ee tam m\u016f\u017eu p\u0159espat, kdykoliv budu pot\u0159ebovat.&#8220;<br \/>&#8222;Dob\u0159e. K t\u00e9 pr\u00e1ci u\u017e nepot\u0159ebuje\u0161 nic vysv\u011btlit, \u017ee? 5 hodin denn\u011b p\u0159es t\u00fdden se \u0161kolou, a o v\u00edkendu se v\u017edycky domluv\u00ed\u0161 s tetou. V\u017edycky se s n\u00ed d\u00e1 dohodnout. A kdyby cokoliv, d\u00e1 se p\u0159espat i p\u0159\u00edmo tam, jak jsem ti ukazoval. Teta tam ob\u010das z\u016fst\u00e1v\u00e1 p\u0159es noc, kdy\u017e je tam n\u011bjakej nemocnej pes, nebo tak.&#8220;<br \/>&#8222;Snad to zvl\u00e1dnu. Zamiluju se tam a u\u017e nikdy odtamtud neodejdu.&#8220;<br \/>&#8222;I to se ti m\u016f\u017ee p\u0159ihodit. A jakpak vypad\u00e1 kauza ty, Kaulitz &amp; spol.?&#8220; Jakmile vyslov\u00ed jm\u00e9no Kaulitz, poc\u00edt\u00edm n\u00e1hle zrychlen\u00fd tep. Nev\u00edm, z jak\u00fdch p\u0159esn\u00fdch p\u0159\u00ed\u010din, ale mo\u017en\u00e1 jen z nejistoty, co v\u0161echno Markovi \u0159\u00edci.<\/p>\n<p>&#8222;No, dali mi nejsp\u00ed\u0161 nadobro pokoj. N\u011bjak p\u0159estal i gang b\u00fdt gangem. Nap\u0159\u00edklad dneska si jeden druh\u00fdho v\u016fbec nev\u0161\u00edmali. Nato\u017e m\u011b.&#8220;<br \/>&#8222;Bezva. V\u0161e jde tak, jak m\u00e1, \u017ee? A zrovna, kdy\u017e ses u\u017e rozhodl odej\u00edt.&#8220;<br \/>&#8222;Jo. A taky jsem s n\u00edm mluvil o samot\u011b.&#8220;<br \/>&#8222;S Kaulitzem?&#8220;<br \/>P\u0159ik\u00fdvnu a za\u010dnu si do ta\u0161ky ukl\u00e1dat v\u011bci. &#8222;On&#8230; sv\u011b\u0159il se mi, \u017ee mu um\u0159ela mal\u00e1 sestra,&#8220; \u0159eknu a\u017e po chvilce ticha, kterou Mark pochopil jako pot\u0159ebnou.<br \/>&#8222;Aha. To je nep\u0159\u00edjemn\u00e9. Myslel jsem, \u017ee je jedin\u00e1\u010dek.&#8220;<br \/>&#8222;Stalo se to p\u0159ed p\u011bti lety.&#8220;<br \/>&#8222;To by to vysv\u011btlovalo. A to se ti tak prost\u011b sv\u011b\u0159il?&#8220;<br \/>&#8222;No vlastn\u011b&#8230;&#8220; zamysl\u00edm se a na chvilku umlknu.<br \/>&#8222;Co?&#8220;<br \/>&#8222;P\u00e1r dn\u016f p\u0159edt\u00edm mne pol\u00edbil.&#8220;<br \/>Mark se trochu zaraz\u00ed a odka\u0161le si. &#8222;Pros\u00edm?&#8220;<br \/>&#8222;Vlastn\u011b to nem\u00e1 s t\u00edm nic spole\u010dn\u00fdho, jen \u017ee kv\u016fli tomu ta debata p\u0159i\u0161la. Kter\u00fd fakt na tom cel\u00e9m t\u011b p\u0159ekvapil?&#8220;<br \/>&#8222;Celkov\u011b ta situace, kde nastala ta zm\u011bna a pro\u010d. A mo\u017en\u00e1 taky to, \u017ee ho vid\u00edm v\u017edy jen ve spole\u010dnosti sam\u00fdch holek, tak\u017ee nev\u00edm, jak si to m\u00e1m te\u010f vysv\u011btlit.&#8220;<br \/>&#8222;No&#8230; j\u00e1 ti taky nikdy ne\u0159ekl, \u017ee jsem gay,&#8220; zvednu k n\u011bmu pohled.<br \/>Mark se pousm\u011bje. &#8222;Bille, zn\u00e1m t\u011b n\u011bjakou tu chv\u00edli, a kdy\u017e po m\u00e9m upozorn\u011bn\u00ed nezvedne\u0161 pohled ani kv\u016fli n\u011bkomu, jako je Anna, po kter\u00e9 se prost\u011b automaticky pod\u00edv\u00e1 ka\u017ed\u00fd, pak mi mo\u017en\u00e1 do\u0161lo, \u017ee tu nebude v\u0161e tak jako&#8230; u m\u011b t\u0159eba.&#8220;<br \/>&#8222;A nevad\u00ed ti to?&#8220;<br \/>&#8222;Se\u0161 bl\u00e1zen? Mohl bych se t\u011b taky zeptat, jestli ti nevad\u00ed, \u017ee jsem na holky.&#8220;<br \/>S \u00fasm\u011bvem k\u00fdvnu na souhlas.<\/p>\n<p>&#8222;Sp\u00ed\u0161 se chci zeptat, jestli ti nevad\u00ed a nep\u0159ijde ti divn\u00fd, \u017ee zrovna on,&#8220; nadhod\u00ed pak.<br \/>&#8222;J\u00e1 moment\u00e1ln\u011b v\u016fbec nev\u00edm. On se chov\u00e1 divn\u011b. Nev\u00edm, co t\u00edm cht\u011bl \u0159\u00edct, dle m\u00e9ho mne cht\u011bl jen uml\u010det v danou chv\u00edli, ale pak si mne p\u0159estal v\u0161\u00edmat \u00fapln\u011b. A dokonce i celej gang, a\u017e na v\u00fdjime\u010dn\u00fd situace. A j\u00e1 si to nedok\u00e1\u017eu nijak vysv\u011btlit. Poda\u0159ilo se mi ho pak odchytit, vyklopil to o t\u00e9 jeho mal\u00e9 sest\u0159e, a kdy\u017e jsem se ho zeptal, pro\u010d m\u011b nen\u00e1vid\u00ed, ignoruje, a z\u00e1rove\u0148 m\u011b pak odt\u00e1hne za \u0161kolu, tak \u0159ekl, \u017ee mus\u00ed j\u00edt.&#8220;<br \/>&#8222;Za t\u00edm n\u011bco b\u00fdt mus\u00ed, to je pravda.&#8220;<br \/>&#8222;Promi\u0148, zdr\u017euju t\u011b tady kv\u016fli blbostem. Ur\u010dit\u011b nechce\u0161 poslouchat tyhle moje \u0159e\u010di\u010dky. A v\u00e1\u017en\u011b je to blbina, m\u00edsto abych byl r\u00e1d, \u017ee m\u00e1m od nich pokoj, tak se v tom je\u0161t\u011b \u0161\u0165our\u00e1m, a\u017e si p\u0159i\u017eenu zas n\u011bjakej pr\u016fser.&#8220;<br \/>&#8222;N\u011bco v tom smyslu s pr\u016fserem jsem cht\u011bl \u0159\u00edct, ale d\u011blej, jak uzn\u00e1\u0161 za vhodn\u00e9. Kaulitz je vlastn\u011b srab, kdy\u017e ti ani nen\u00ed schopnej vysv\u011btlit sv\u00fd \u010diny. Ale v\u016fbec m\u011b t\u00edm nezdr\u017euje\u0161, o to se neboj. Jen douf\u00e1m, \u017ee tento klidn\u00fd stav mezi nimi a tebou vydr\u017e\u00ed po celou dobu, co budu pry\u010d.&#8220;<br \/>&#8222;D\u011bkuju. U\u017eij si to v Rakousku. J\u00e1 fakt poval\u00edm, nebo u\u017e m\u011b va\u0161i vyhod\u00ed oknem.&#8220;<br \/>Mark se rozesm\u011bje a j\u00e1 si ho s \u00fasm\u011bvem prohl\u00eddnu. D\u00edky bohu za n\u011bkoho, jako je on.<\/p>\n<p><strong>autor: Mintam<\/strong><\/div>\n<div><strong>betaread: Janule<\/strong><\/div>\n","protected":false},"excerpt":{"rendered":"<p>autor: Mintam Dojdu do pokoje a dosednu tedy skute\u010dn\u011b s pap\u00edrem a tu\u017ekou ke stolu. Jenom\u017ee u\u017e podruh\u00e9 za dne\u0161n\u00ed ve\u010der jsem vyru\u0161en dve\u0159mi: &#8222;Bille, fakt m\u011b nepo\u0161kr\u00e1be\u0161?&#8220;Oto\u010d\u00edm se k Nelly, kter\u00e1 u\u017e v py\u017e\u00e1mku stoj\u00ed ve dve\u0159\u00edch a kouk\u00e1 ps\u00edm pohledem.<\/p>\n<p class=\"link-more\"><a class=\"myButt \" href=\"https:\/\/twincestblog.cz\/domains\/twincestblog.cz\/2011\/12\/09\/zeiten-andern-dich-17\/\">Read More<\/a><\/p>\n","protected":false},"author":1,"featured_media":0,"comment_status":"open","ping_status":"open","sticky":false,"template":"","format":"standard","meta":{"_exactmetrics_skip_tracking":false,"_exactmetrics_sitenote_active":false,"_exactmetrics_sitenote_note":"","_exactmetrics_sitenote_category":0,"footnotes":""},"categories":[462],"tags":[],"class_list":["post-7307","post","type-post","status-publish","format-standard","hentry","category-zeiten-andern-dich"],"_links":{"self":[{"href":"https:\/\/twincestblog.cz\/domains\/twincestblog.cz\/wp-json\/wp\/v2\/posts\/7307","targetHints":{"allow":["GET"]}}],"collection":[{"href":"https:\/\/twincestblog.cz\/domains\/twincestblog.cz\/wp-json\/wp\/v2\/posts"}],"about":[{"href":"https:\/\/twincestblog.cz\/domains\/twincestblog.cz\/wp-json\/wp\/v2\/types\/post"}],"author":[{"embeddable":true,"href":"https:\/\/twincestblog.cz\/domains\/twincestblog.cz\/wp-json\/wp\/v2\/users\/1"}],"replies":[{"embeddable":true,"href":"https:\/\/twincestblog.cz\/domains\/twincestblog.cz\/wp-json\/wp\/v2\/comments?post=7307"}],"version-history":[{"count":0,"href":"https:\/\/twincestblog.cz\/domains\/twincestblog.cz\/wp-json\/wp\/v2\/posts\/7307\/revisions"}],"wp:attachment":[{"href":"https:\/\/twincestblog.cz\/domains\/twincestblog.cz\/wp-json\/wp\/v2\/media?parent=7307"}],"wp:term":[{"taxonomy":"category","embeddable":true,"href":"https:\/\/twincestblog.cz\/domains\/twincestblog.cz\/wp-json\/wp\/v2\/categories?post=7307"},{"taxonomy":"post_tag","embeddable":true,"href":"https:\/\/twincestblog.cz\/domains\/twincestblog.cz\/wp-json\/wp\/v2\/tags?post=7307"}],"curies":[{"name":"wp","href":"https:\/\/api.w.org\/{rel}","templated":true}]}}