{"id":7692,"date":"2011-10-06T15:00:00","date_gmt":"2011-10-06T14:00:00","guid":{"rendered":"http:\/\/twincestblog.cz\/?p=7672"},"modified":"2011-10-06T15:00:00","modified_gmt":"2011-10-06T14:00:00","slug":"milovat-nebo-nenavidet-5","status":"publish","type":"post","link":"https:\/\/twincestblog.cz\/domains\/twincestblog.cz\/2011\/10\/06\/milovat-nebo-nenavidet-5\/","title":{"rendered":"Milovat nebo nen\u00e1vid\u011bt 5."},"content":{"rendered":"<div><strong>autor: B\u00edna<\/strong><\/div>\n<div><\/div>\n<div><\/div>\n<div><\/div>\n<div style=\"text-align:center\"><img loading=\"lazy\" decoding=\"async\" width=\"817\" height=\"341\" src=\"http:\/\/twincestblog.cz\/wp-content\/uploads\/acc75dc619_79820566_o2.png\" alt=\"\" \/><\/div>\n<div><\/div>\n<div><\/div>\n<div><\/div>\n<div>Tom<\/p>\n<p>&#8222;Tome?&#8220;<\/p>\n<p>&#8222;Bille?&#8220;<\/p>\n<p>&#8222;NE!&#8220; Za\u0159vali jsme oba z\u00e1rove\u0148.<\/p>\n<p>&#8222;Ale kluci, nebojte se, bude to z\u00e1bava.&#8220; Usm\u00e1la se m\u00e1ma a odkr\u00e1\u010dela spole\u010dn\u011b s Gordonem do kuchyn\u011b.<\/p>\n<p>&#8222;Nemysli si, \u017ee tohle n\u011bco m\u011bn\u00ed! Nen\u00e1vid\u00edm t\u011b! I kdyby se ti dva vzali nebo b\u016fhv\u00edco, ty bude\u0161 na sam\u00e9m za\u010d\u00e1tku m\u00fdch nep\u0159\u00e1tel.&#8220; Bodl m\u011b prstem do \u017eeber a odkr\u00e1\u010del. A j\u00e1? \u010cum\u011bl jsem jak debil.<\/div>\n<hr \/>\n<div>\n<p>Usedli jsme ke stolu a dali se do j\u00eddla. Bill se na m\u011b po celou ve\u010de\u0159i nepod\u00edval a m\u00e1ma s Gordonem se n\u00e1s sna\u017eili zat\u00e1hnout do jejich debaty. Z\u00e1bava. U\u017e jsem se chystal k odchodu, ale m\u00e1ma m\u011b zadr\u017eela.<\/p>\n<p>&#8222;Tome, po\u010dkej. Chceme v\u00e1m n\u011bco \u0159\u00edct.&#8220; Nen\u00e1vid\u00edm tuhle v\u011btu.<\/p>\n<p>&#8222;Ano, mami.&#8220;<\/p>\n<p>&#8222;V\u00ed\u0161 j\u00e1 a Gordon se zn\u00e1me u\u017e dlouho a rozhodli jsme se, \u017ee j\u00e1 a ty se p\u0159est\u011bhujeme k nim. Jejich d\u016fm je v\u011bt\u0161\u00ed a v\u00e1m dv\u011bma prosp\u011bje b\u00fdt spolu.&#8220;<\/p>\n<p>&#8222;Co?&#8220; J\u00e1 i Bill jsem vysko\u010dili na nohy a nev\u011b\u0159\u00edcn\u011b se na n\u011b d\u00edvali.<\/p>\n<p>&#8222;No tak, chlapci. Mysl\u00edm, \u017ee se to dalo \u010dekat. J\u00e1 i Simon u\u017e nejsme nejmlad\u0161\u00ed a v\u00e1\u017e\u00edme si toho, \u017ee jsem spolu.&#8220; Zapo\u010dal sv\u016fj proslov Gordon, ale Bill ho rychle uml\u010del.<\/p>\n<p>&#8222;Tati to snad nemysl\u00ed\u0161 v\u00e1\u017en\u011b. Simone, proti v\u00e1m nic nem\u00e1m, ale on?&#8220; Uk\u00e1zal prstem na m\u011b.<\/div>\n<div>&#8222;Nen\u00e1vid\u00edm ho! Zn\u00e1m ho sotva t\u00fdden a d\u011bl\u00e1 mi ze \u017eivota peklo! A bydlet sn\u00edm?&#8220;<\/p>\n<p>&#8222;J\u00e1 ti d\u011bl\u00e1m ze \u017eivota peklo? J\u00e1 nev\u00edm, kdo je tady tak stra\u0161n\u011b arogantn\u00ed a v\u0161echno za\u010dal!&#8220;<\/p>\n<p>K\u0159i\u010deli jsme na sebe p\u0159es st\u016fl a m\u00e1ma s Gordonem jen nev\u011b\u0159\u00edcn\u011b koukali.<\/p>\n<p>&#8222;Jo tak\u017ee za v\u0161echno m\u016f\u017eu j\u00e1? J\u00e1 jsem arogantn\u00ed? J\u00e1 nev\u00edm, komu stra\u0161n\u011b vadilo, \u017ee si mus\u00ed sednout jinam!&#8220;<\/p>\n<p>&#8222;Nev\u00edm, kdo mi vrazil facku!&#8220;<\/p>\n<p>&#8222;Jo, ale moc dob\u0159e v\u00ed\u0161, pro\u010d jsem to ud\u011blal! Nebo to l\u00edb\u00e1\u0161 ka\u017ed\u00fdho kluka?&#8220;<\/div>\n<div>Vykulil jsem na n\u011bj o\u010di. Ano, tohle jsem ne\u010dekal. On se v\u00edt\u011bzn\u011b za\u0161klebil a posadil se.<\/p>\n<p>&#8222;No, p\u00e1nov\u00e9. Mysl\u00edm, \u017ee jste si to vy\u0159\u00edkali, tak\u017ee v\u00e1m nebude d\u011blat probl\u00e9my spolu vych\u00e1zet.&#8220; Gordon to vid\u00ed v\u0161e tak jednodu\u0161e! J\u00e1 toho kret\u00e9na zabiju, jestli s n\u00edm budu muset \u017e\u00edt.<\/p>\n<p>&#8222;Tome, z\u00edtra se p\u0159est\u011bhujeme. Ted b\u011b\u017e do sv\u00e9ho pokoje.&#8220;<\/p>\n<p>&#8222;Fajn!&#8220; Obr\u00e1til jsem se a ode\u0161el. Z\u00edtra? Z\u00edtra kon\u010d\u00ed m\u016fj \u017eivot. Z\u00edtra za\u010d\u00edn\u00e1 peklo. Jak dlouho asi m\u016f\u017eu sed\u011bt za zabit\u00ed \u010dlov\u011bka? Ne, Bill nen\u00ed \u010dlov\u011bk! Mo\u017en\u00e1, \u017ee bych je\u0161t\u011b dostal n\u011bjakou cenu pro hrdiny.<\/p>\n<p><strong>autor: B\u00edna<\/strong><\/div>\n<div><strong>betaread: Janule <\/strong><\/div>\n","protected":false},"excerpt":{"rendered":"<p>autor: B\u00edna Tom &#8222;Tome?&#8220; &#8222;Bille?&#8220; &#8222;NE!&#8220; Za\u0159vali jsme oba z\u00e1rove\u0148. &#8222;Ale kluci, nebojte se, bude to z\u00e1bava.&#8220; Usm\u00e1la se m\u00e1ma a odkr\u00e1\u010dela spole\u010dn\u011b s Gordonem do kuchyn\u011b. &#8222;Nemysli si, \u017ee tohle n\u011bco m\u011bn\u00ed! Nen\u00e1vid\u00edm t\u011b! I kdyby se ti dva vzali nebo<\/p>\n<p class=\"link-more\"><a class=\"myButt \" href=\"https:\/\/twincestblog.cz\/domains\/twincestblog.cz\/2011\/10\/06\/milovat-nebo-nenavidet-5\/\">Read More<\/a><\/p>\n","protected":false},"author":1,"featured_media":0,"comment_status":"open","ping_status":"open","sticky":false,"template":"","format":"standard","meta":{"_exactmetrics_skip_tracking":false,"_exactmetrics_sitenote_active":false,"_exactmetrics_sitenote_note":"","_exactmetrics_sitenote_category":0,"footnotes":""},"categories":[459],"tags":[],"class_list":["post-7692","post","type-post","status-publish","format-standard","hentry","category-milovat-nebo-nenavidet"],"_links":{"self":[{"href":"https:\/\/twincestblog.cz\/domains\/twincestblog.cz\/wp-json\/wp\/v2\/posts\/7692","targetHints":{"allow":["GET"]}}],"collection":[{"href":"https:\/\/twincestblog.cz\/domains\/twincestblog.cz\/wp-json\/wp\/v2\/posts"}],"about":[{"href":"https:\/\/twincestblog.cz\/domains\/twincestblog.cz\/wp-json\/wp\/v2\/types\/post"}],"author":[{"embeddable":true,"href":"https:\/\/twincestblog.cz\/domains\/twincestblog.cz\/wp-json\/wp\/v2\/users\/1"}],"replies":[{"embeddable":true,"href":"https:\/\/twincestblog.cz\/domains\/twincestblog.cz\/wp-json\/wp\/v2\/comments?post=7692"}],"version-history":[{"count":0,"href":"https:\/\/twincestblog.cz\/domains\/twincestblog.cz\/wp-json\/wp\/v2\/posts\/7692\/revisions"}],"wp:attachment":[{"href":"https:\/\/twincestblog.cz\/domains\/twincestblog.cz\/wp-json\/wp\/v2\/media?parent=7692"}],"wp:term":[{"taxonomy":"category","embeddable":true,"href":"https:\/\/twincestblog.cz\/domains\/twincestblog.cz\/wp-json\/wp\/v2\/categories?post=7692"},{"taxonomy":"post_tag","embeddable":true,"href":"https:\/\/twincestblog.cz\/domains\/twincestblog.cz\/wp-json\/wp\/v2\/tags?post=7692"}],"curies":[{"name":"wp","href":"https:\/\/api.w.org\/{rel}","templated":true}]}}