{"id":7841,"date":"2011-09-14T15:00:00","date_gmt":"2011-09-14T14:00:00","guid":{"rendered":"http:\/\/twincestblog.cz\/?p=7820"},"modified":"2011-09-14T15:00:00","modified_gmt":"2011-09-14T14:00:00","slug":"poulicni-stene-6","status":"publish","type":"post","link":"https:\/\/twincestblog.cz\/domains\/twincestblog.cz\/2011\/09\/14\/poulicni-stene-6\/","title":{"rendered":"Pouli\u010dn\u00ed \u0161t\u011bn\u011b 6."},"content":{"rendered":"<div><strong>autor: Helie<\/strong><\/div>\n<div><strong> <\/strong><\/div>\n<div><em> <\/em><\/div>\n<div style=\"text-align:center\"><strong><\/strong><\/div>\n<div><strong> <\/strong><\/div>\n<div><em> <\/em><\/div>\n<div><em><br \/><\/em><\/div>\n<div><em>Lidsk\u00fd mozek si ob\u010das dok\u00e1\u017ee vytvo\u0159it tak p\u016fsobiv\u00e9 iluze, \u017ee ani nepozn\u00e1\u0161, \u017ee to, po \u010dem p\u00e1tr\u00e1\u0161, stoj\u00ed cel\u00fd den po tv\u00e9m boku\u2026<\/em><\/div>\n<div><\/div>\n<div>&#8222;\u0160\u00e9fe? Tam ten kluk u baru s v\u00e1mi chce mluvit,&#8220; dob\u011bhl jsem za sv\u00fdm nad\u0159\u00edzen\u00fdm okam\u017eit\u011b, kdy\u017e dorazil do d\u017eus baru. Oto\u010dil se k chlapci to\u010d\u00edc\u00edmu pr\u00e1zdnou skleni\u010dku po lakovan\u00e9m d\u0159ev\u011b a nadzvedl jedno obo\u010d\u00ed.<\/div>\n<div>&#8222;Myslel jsem, \u017ee je to holka,&#8220; zakroutil hlavou. &#8222;Za p\u011bt minut mi ho dove\u010f do kancel\u00e1\u0159e, ano? Mus\u00edm se na to prvn\u011b trochu posilnit. Ur\u010dit\u011b p\u0159i\u0161el kv\u016fli tomu pohovoru\u2026&#8220;<\/div>\n<div>&#8222;Pohovoru?&#8220;<\/div>\n<div>&#8222;Ano, Tome. Hled\u00e1me nov\u00e9 zam\u011bstnance. Tv\u016fj otec si p\u0159eje, abys m\u011bl krat\u0161\u00ed sm\u011bny, a jestli sis toho je\u0161t\u011b nev\u0161iml, jsi krom\u011b uklize\u010dky jedin\u00fd, koho tu plat\u00edm. A s tv\u00fdmi pozdn\u00edmi p\u0159\u00edchody pomocn\u00edka skute\u010dn\u011b pot\u0159ebujeme,&#8220; u\u0161kl\u00edbl se a odkulil se do sv\u00e9 kancel\u00e1\u0159e.<\/div>\n<div><\/div>\n<div>&#8222;Tak co?&#8220; zeptal se nedo\u010dkav\u011b chlapec sed\u00edc\u00ed za pultem a zastavil rozto\u010denou skleni\u010dku.<\/div>\n<div>&#8222;Za p\u011bt minut t\u011b k n\u011bmu m\u00e1m dov\u00e9st. Ty tu chce\u0161 pracovat?&#8220;<\/div>\n<div>&#8222;Jo,&#8220; usm\u00e1l se z\u00e1\u0159iv\u011b. Ukradl jsem mu zpod \u010dern\u00fdch neht\u016f skleni\u010dku a str\u010dil ji do my\u010dky. Chv\u00edli jsme je\u0161t\u011b post\u00e1vali, kdy\u017e jsem to nevydr\u017eel a dovedl ho k \u0161\u00e9fov\u011b kancel\u00e1\u0159i. Ihned ho p\u0159ijal. Odporou\u010del jsem se k baru a op\u0159el se rukou o pult. Z\u00edral jsem na cestu, kterou mlad\u00edk zmizel k m\u00e9mu \u0161\u00e9fovi. Koho mi jen p\u0159ipom\u00edn\u00e1\u2026?<\/div>\n<hr \/>\n<div><\/div>\n<div>*<\/div>\n<div><\/div>\n<div>&#8222;Tak j\u00e1 miz\u00edm, z\u00edtra r\u00e1no se tu uvid\u00edme. M\u011bj se, Tome!&#8220;<\/div>\n<div>&#8222;Jo, \u010dau,&#8220; zamumlal jsem za odch\u00e1zej\u00edc\u00edm chlapcem, kter\u00fd zaplatil svoji \u00fatratu, sd\u011blil mi, \u017ee je z\u00edtra m\u00fdm nov\u00fdm kolegou a bez toho, aby mi sd\u011blil jm\u00e9no, zmizel jako p\u00e1ra nad hrncem. Skute\u010dn\u011b kr\u00e1sa\u2026<\/div>\n<div><\/div>\n<div>O hodinu pozd\u011bji jsem zav\u00edral bar. Str\u00e1vili s \u0161\u00e9fem spolu docela hodn\u011b \u010dasu, a te\u010f u\u017e bylo p\u011bt odpoledne &#8211; nejvy\u0161\u0161\u00ed \u010das odej\u00edt dom\u016f.<\/div>\n<div>Moje kroky zabloudily zase k t\u00e9 ulici, kde jsem Billa vid\u011bl p\u0159ed osmi lety naposledy.<\/div>\n<div>&#8222;Kde jsi, ty zatracen\u00e9 pouli\u010dn\u00ed \u0161t\u011bn\u011b?! Kde se mi schov\u00e1v\u00e1\u0161?!&#8220; mumlal jsem si s\u00e1m pro sebe a zastavil u st\u00e1le je\u0161t\u011b nevyvezen\u00e9 popelnice, vedle kter\u00e9 se v\u00e1lela zapomenut\u00e1 hrom\u00e1dka hadr\u016f. Sedl jsem si tam a prohled\u00e1val v\u011bci. Tak jako v d\u011btsk\u00e9m domov\u011b mi prvn\u00ed svr\u0161ek ud\u011blil po\u0159\u00e1dnou r\u00e1nu do ruky. Po\u0159\u00e1d je\u0161t\u011b jsem nep\u0159i\u0161el na to, co tyhle \u0161oky zp\u016fsobuje.<\/div>\n<div><\/div>\n<div>&#8222;Hled\u00e1\u0161 n\u011bco?!&#8220; zavr\u010del mi n\u011bkdo nad hlavou s nad\u011bj\u00ed jsem zvedl hlavu a pomalu vyjekl \u00falekem, kdy\u017e jsem se zad\u00edval do temn\u011b hn\u011bd\u00fdch o\u010d\u00ed or\u00e1movan\u00fdch silnou vrstvou \u010dern\u00fdch st\u00edn\u016f. Nejsou to ani dv\u011b hodiny, co jsem je vid\u011bl naposledy\u2026 &#8222;Vypa\u2026 Tome?&#8220; Zeptal se najednou a v\u0161echen vztek z jeho o\u010d\u00ed vymizel. V\u0161echno mi za\u010dalo doch\u00e1zet.<\/div>\n<div>&#8222;To proto jsi mi necht\u011bl \u0159\u00edct sv\u00e9 jm\u00e9no\u2026 Vyu\u017eil jsi toho, \u017ee jsem t\u011b nepoznal!&#8220;<\/div>\n<div>&#8222;Vlastn\u011b jsem si cht\u011bl prvn\u011b o\u0165uknout, jestli si m\u011b je\u0161t\u011b po\u0159\u00e1d pamatuje\u0161, nebo jsi na m\u011b u\u017e zapomn\u011bl,&#8220; odpov\u011bd\u011bl Bill a nevzru\u0161en\u011b loupal lak z jednoho nehtu.<\/div>\n<div>&#8222;Jak vid\u00ed\u0161, nezapomn\u011bl,&#8220; zavr\u010del jsem.<\/div>\n<div>&#8222;No tak promi\u0148,&#8220; sedl si vedle m\u011b. &#8222;Je mi jasn\u00e9, \u017ee se ti tady na m\u00e9 hrom\u00e1dce hadr\u016f mus\u00ed neuv\u011b\u0159iteln\u011b l\u00edbit, ale nechce\u0161 se rad\u0161i n\u011bkde proj\u00edt? Nejsem na n\u00e1v\u0161t\u011bvy zvykl\u00fd,&#8220; mrkl na m\u011b. Pokr\u010dil jsem rameny. Ze v\u0161eho jsem byl je\u0161t\u011b moc v \u0161oku. &#8222;No tak, poj\u010f,&#8220; pob\u00eddl m\u011b s \u00fasm\u011bvem a za ruku m\u011b vyt\u00e1hl na nohy. M\u00edsto, aby ruku pustil, pevn\u011b ji stiskl. T\u011blem mi projel stejn\u00fd elektro\u0161ok, jako kdy\u017e jsem se dot\u00fdkal n\u011bjak\u00e9 jeho v\u011bci, ale tentokr\u00e1t daleko siln\u011bj\u0161\u00ed.<\/div>\n<div><\/div>\n<div>*<\/div>\n<div><\/div>\n<div>Dlouho jsme chodili po m\u011bst\u011b a pov\u00eddali si. Uk\u00e1zal mi m\u00edsta, na kter\u00e1 bych za norm\u00e1ln\u00edho provozu nikdy ne\u0161el, ba dokonce bych si jich nejsp\u00ed\u0161 ani nev\u0161iml. Zasedli jsme u star\u00e9ho m\u011bstsk\u00e9ho parku na lavi\u010dku. Bill si ke mn\u011b sedl \u010delem do tureck\u00e9ho sedu a p\u00e1trav\u011b se na m\u011b d\u00edval. Jeho pohled svrb\u011bl na k\u016f\u017ei.<\/div>\n<div>&#8222;Nem\u011bl jsi d\u0159\u00edv dredy?&#8220; zeptal se po chvilce ml\u010den\u00ed.<\/div>\n<div>P\u0159ik\u00fdvl jsem. &#8222;M\u011bl, ale je to u\u017e tak rok zp\u00e1tky, co je nem\u00e1m. Cht\u011blo to zase n\u011bjakou zm\u011bnu.&#8220;<\/div>\n<div>&#8222;Promi\u0148, \u017ee jsem za tebou nikdy nep\u0159i\u0161el. Doufal jsem, \u017ee na m\u011b zapomene\u0161. Akor\u00e1t bych ti ni\u010dil \u017eivot, t\u00edm jsem si jist\u00fd. Hodn\u011bkr\u00e1t tam je\u0161t\u011b dolezli ti zoufalci, ale brzy jsem je omrzel a na\u0161li si n\u011bkoho jin\u00e9ho. \u010castokr\u00e1t jsem myslel na to, \u017ee bych za tebou p\u0159i\u0161el, ale b\u00e1l jsem se, \u017ee u\u017e jsi zapomn\u011bl a vyhodil bys m\u011b\u2026&#8220; mumlal p\u0159ekotn\u011b Bill a p\u0159it\u00e1hl si kolena pod bradu. Vypadal jako jedna hrom\u00e1dka ne\u0161t\u011bst\u00ed.<\/div>\n<div><\/div>\n<div>&#8222;A tak\u2026 nechce\u0161 j\u00edt se mnou dneska?&#8220; zeptal jsem se, proto\u017ee jsem nem\u011bl tu\u0161en\u00ed, \u010d\u00edm bych spravil jeho nanicovatou n\u00e1ladu. Zvedl ke mn\u011b smutn\u00e9 \u010dokol\u00e1dov\u00e9 o\u010di a smutn\u011b se usm\u00e1l.<\/div>\n<div>&#8222;Vid\u011bl jsem d\u016fm, kde bydl\u00ed\u0161. Je to pomalu pal\u00e1c. Tam o bezdomovce nestoj\u00ed\u2026&#8220; zamumlal, ale \u00fasm\u011bv v jeho tv\u00e1\u0159i z\u016fstal.<\/div>\n<div>&#8222;Z\u00edtra m\u00e1me narozeniny. Bu\u010f m\u016fj narozeninov\u00fd d\u00e1rek, pros\u00edm\u2026&#8220; zkusil jsem to je\u0161t\u011b jednou. Na Billovi bylo vid\u011bt, \u017ee o tom siln\u011b p\u0159em\u00fd\u0161l\u00ed. Od t\u00e9 doby, co ho p\u0159ivedli do domova, jsme narozeniny slavili spolu. I on nem\u011bl tu\u0161en\u00ed, kdy se narodil a prozradil Matce, \u017ee narozeniny v\u017edy slavil 1. z\u00e1\u0159\u00ed.<\/div>\n<div>&#8222;Ale jen jednu noc, ano?&#8220; zeptal se v\u00e1hav\u011b Bill. Rozja\u0159en\u011b jsem p\u0159ik\u00fdvl. Tak n\u011bjak jsem c\u00edtil pot\u0159ebu zajistit tomu pouli\u010dn\u00edmu \u0161t\u011bn\u011bti pohodl\u00ed a pocit bezpe\u010d\u00ed. Kouknul jsem na hodinky na prav\u00e9m z\u00e1p\u011bst\u00ed. No, stejn\u011b u\u017e budu se\u0159van\u00fd za to, \u017ee jdu pozd\u011b na ve\u010de\u0159i. Billa u\u017e si kv\u016fli tomu t\u0159eba ani nikdo nev\u0161imne\u2026<\/div>\n<div><\/div>\n<div><strong>autor: Helie<\/strong><\/div>\n<div><strong>betaread: Janule<\/strong><\/div>\n","protected":false},"excerpt":{"rendered":"<p>autor: Helie Lidsk\u00fd mozek si ob\u010das dok\u00e1\u017ee vytvo\u0159it tak p\u016fsobiv\u00e9 iluze, \u017ee ani nepozn\u00e1\u0161, \u017ee to, po \u010dem p\u00e1tr\u00e1\u0161, stoj\u00ed cel\u00fd den po tv\u00e9m boku\u2026 &#8222;\u0160\u00e9fe? Tam ten kluk u baru s v\u00e1mi chce mluvit,&#8220; dob\u011bhl jsem za sv\u00fdm nad\u0159\u00edzen\u00fdm okam\u017eit\u011b, kdy\u017e<\/p>\n<p class=\"link-more\"><a class=\"myButt \" href=\"https:\/\/twincestblog.cz\/domains\/twincestblog.cz\/2011\/09\/14\/poulicni-stene-6\/\">Read More<\/a><\/p>\n","protected":false},"author":1,"featured_media":0,"comment_status":"open","ping_status":"open","sticky":false,"template":"","format":"standard","meta":{"_exactmetrics_skip_tracking":false,"_exactmetrics_sitenote_active":false,"_exactmetrics_sitenote_note":"","_exactmetrics_sitenote_category":0,"footnotes":""},"categories":[455],"tags":[],"class_list":["post-7841","post","type-post","status-publish","format-standard","hentry","category-poulicni-stene"],"_links":{"self":[{"href":"https:\/\/twincestblog.cz\/domains\/twincestblog.cz\/wp-json\/wp\/v2\/posts\/7841","targetHints":{"allow":["GET"]}}],"collection":[{"href":"https:\/\/twincestblog.cz\/domains\/twincestblog.cz\/wp-json\/wp\/v2\/posts"}],"about":[{"href":"https:\/\/twincestblog.cz\/domains\/twincestblog.cz\/wp-json\/wp\/v2\/types\/post"}],"author":[{"embeddable":true,"href":"https:\/\/twincestblog.cz\/domains\/twincestblog.cz\/wp-json\/wp\/v2\/users\/1"}],"replies":[{"embeddable":true,"href":"https:\/\/twincestblog.cz\/domains\/twincestblog.cz\/wp-json\/wp\/v2\/comments?post=7841"}],"version-history":[{"count":0,"href":"https:\/\/twincestblog.cz\/domains\/twincestblog.cz\/wp-json\/wp\/v2\/posts\/7841\/revisions"}],"wp:attachment":[{"href":"https:\/\/twincestblog.cz\/domains\/twincestblog.cz\/wp-json\/wp\/v2\/media?parent=7841"}],"wp:term":[{"taxonomy":"category","embeddable":true,"href":"https:\/\/twincestblog.cz\/domains\/twincestblog.cz\/wp-json\/wp\/v2\/categories?post=7841"},{"taxonomy":"post_tag","embeddable":true,"href":"https:\/\/twincestblog.cz\/domains\/twincestblog.cz\/wp-json\/wp\/v2\/tags?post=7841"}],"curies":[{"name":"wp","href":"https:\/\/api.w.org\/{rel}","templated":true}]}}