{"id":79436113,"date":"2021-10-19T16:00:00","date_gmt":"2021-10-19T14:00:00","guid":{"rendered":"https:\/\/twincestblog.cz\/domains\/twincestblog.cz\/?p=79436113"},"modified":"2021-10-18T11:36:09","modified_gmt":"2021-10-18T09:36:09","slug":"il-diario-8-konec","status":"publish","type":"post","link":"https:\/\/twincestblog.cz\/domains\/twincestblog.cz\/2021\/10\/19\/il-diario-8-konec\/","title":{"rendered":"Il Diario 8. (konec)"},"content":{"rendered":"<p style=\"text-align: justify;\"><strong>autor: purple_a<\/strong><\/p>\n<p style=\"text-align: justify;\">Stoj\u00edm nehybn\u011b p\u0159ede dve\u0159mi podniku, poddruhem baru, kter\u00fd se sna\u017eil vyd\u00e1vat se za hospodu. Nev\u00edm, jestli m\u00e1m j\u00edt dovnit\u0159, ale nakonec se rozhodnu. Pomalu otev\u0159u dve\u0159e. Okam\u017eit\u011b jsem zahlcena vzpom\u00ednkami. Jednoho chladn\u00e9ho \u00fanorov\u00e9ho ve\u010dera p\u0159ed sedmi m\u011bs\u00edci jsem vb\u011bhla dovnit\u0159 a narazila tu na kr\u00e1snou d\u00edvku\u2026 ne, ne na d\u00edvku, na chlapce. Kr\u00e1sn\u00e9ho chlapec s o\u0159\u00ed\u0161kov\u00fdma o\u010dima a dlouh\u00fdmi \u010dern\u00fdmi vlasy.<\/p>\n<p style=\"text-align: justify;\">Jdu k baru, kde na m\u011b \u010dek\u00e1 stokilov\u00fd chlap s dlouh\u00fdm blon\u010fat\u00fdm plnovousem.<br \/>\n\u201eAhoj Lexy,\u201c pozdrav\u00ed m\u011b s \u00fasm\u011bvem.<br \/>\n\u201eAhoj Maxi,\u201c odpov\u00edm mu.<br \/>\n\u201eNe\u010dekal jsem, \u017ee p\u0159ijde\u0161.\u201c<br \/>\n\u201eM\u00e1m jen p\u00e1r minut zpo\u017ed\u011bn\u00ed.\u201c<br \/>\n\u201eMluvila jsi se Simone?\u201c<br \/>\nP\u0159ik\u00fdvnu.<br \/>\n\u201eZa p\u00e1r dn\u00ed odj\u00ed\u017ed\u011bj\u00ed do Magdeburku\u2026 to je dob\u0159e. Tady u\u017e nem\u016f\u017eou z\u016fstat, tohle m\u00edsto\u2026 Lipsko by je zni\u010dilo.\u201c<br \/>\n\u201eBillova smrt je zni\u010dila, Maxi\u2026 u\u017e d\u00e1vno.\u201c<br \/>\n\u201eJo. Tady je to, o co jsi m\u011b prosila.\u201c<br \/>\n\u201eDostane\u0161 zp\u00e1tky ka\u017ed\u00fd cent, kter\u00fd jsi mi p\u016fj\u010dil, p\u0159\u00edsah\u00e1m.\u201c<br \/>\n\u201eNa tom nez\u00e1le\u017e\u00ed\u2026 Chci jen, aby Tom zase \u017eil.\u201c<br \/>\n\u201eAle\u2026\u201c<br \/>\n\u201e\u017d\u00e1dn\u00e9 ale. Miluju toho kluka stejn\u011b jako ty. Te\u010f b\u011b\u017e. V\u00ed\u0161, kde ho najde\u0161.\u201c<br \/>\n\u201eD\u00edky. M\u016f\u017eu se t\u011b na n\u011bco zeptat?\u201c<br \/>\n\u201eNa co?\u201c<br \/>\n\u201eTy jsi to v\u011bd\u011bla celou dobu, \u017ee? O Billovi a Tomovi\u2026 je\u0161t\u011b d\u0159\u00edv, ne\u017e jsem to v\u011bd\u011bl j\u00e1.\u201c<br \/>\n\u201eSamoz\u0159ejm\u011b, \u017ee jsem to v\u011bd\u011bla, ale oni mi to ne\u0159ekli. P\u0159i\u0161la jsem na to sama.\u201c<br \/>\n\u201eA tob\u011b to nikdy nevadilo?\u201c<br \/>\n\u201eVadilo to snad tob\u011b?\u201c Usm\u00edv\u00e1m se.<br \/>\n\u201eNe.\u201c<br \/>\nOdch\u00e1z\u00edm z\u00a0Black Guitar, ani\u017e bych se ohl\u00e9dla.<\/p>\n<p style=\"text-align: justify;\">Dojdu na h\u0159bitov. Projdu br\u00e1nou a zam\u00ed\u0159\u00edm k jeho hrobu. Za\u010d\u00edn\u00e1 b\u00fdt zima. Spadne n\u011bkolik kapek. Slzy z \u010dern\u00e9ho, smutn\u00e9ho nebe\u2026<br \/>\nVid\u00edm ho u\u017e z\u00a0d\u00e1lky, stoj\u00ed p\u0159ed Billov\u00fdm n\u00e1hrobkem.<br \/>\nTom\u2026 jeho Tomi. P\u0159\u00edtel, bratr, milenec.<br \/>\nPomalu se k\u00a0n\u011bmu bl\u00ed\u017e\u00edm. Nevid\u011bla jsem ho u\u017e n\u011bkolik t\u00fddn\u016f. D\u00edv\u00e1me se jeden druh\u00e9mu do o\u010d\u00ed.<\/p>\n<p style=\"text-align: justify;\">\u201eAhoj,\u201c \u0159ekne.<br \/>\n\u201eAhoj.\u201c<br \/>\n\u201ePro\u010d jsi p\u0159i\u0161la?\u201c<br \/>\n\u201eNemohla bych b\u00fdt nikde jinde. Ne dnes. Stejn\u011b jako bys tu nemohl neb\u00fdt ty, Tome.\u201c<br \/>\n\u201eMysl\u00ed\u0161, \u017ee mi odpustil?\u201c<br \/>\n\u201eNikdy nebylo co odpou\u0161t\u011bt. Nebyla to tvoje chyba, v\u00ed\u0161?\u201c<br \/>\n\u201eJsou to moje prvn\u00ed narozeniny bez n\u011bj\u2026 je to zvl\u00e1\u0161tn\u00ed.\u201c<br \/>\n\u201eJ\u00e1 v\u00edm.\u201c<br \/>\n\u201eLexy\u2026 co m\u00e1m d\u011blat? Co se mnou te\u010f bude?\u201c<br \/>\n\u201eTady,\u201c \u0159\u00edk\u00e1m a pod\u00e1v\u00e1m mu ob\u00e1lku.<br \/>\n\u201eCo je to?\u201c<br \/>\n\u201eOtev\u0159i to.\u201c<br \/>\n\u201eTo jsou dv\u011b letenky do Tokia?!\u201c Tom se na m\u011b p\u0159ekvapen\u011b pod\u00edv\u00e1.<br \/>\n\u201eTo byl jeho sen. Spl\u0148me mu to\u2026 spl\u0148me mu to spole\u010dn\u011b.\u201c<br \/>\n\u201eJ\u00e1\u2026 nev\u00edm, co m\u00e1m \u0159\u00edct.\u201c<br \/>\n\u201eProst\u011b \u0159ekni ano.\u201c<br \/>\n\u201eBill\u2026\u201c<br \/>\n\u201eBy byl r\u00e1d, kdyby v\u011bd\u011bl, \u017ee pojede\u0161 do Tokia.\u201c<br \/>\n\u201eAle jak? Kde jsi vzala pen\u00edze? A co moje matka?\u201c<br \/>\n\u201eMax mi pomohl a tvoje m\u00e1ma o v\u0161em v\u00ed.\u201c<\/p>\n<p style=\"text-align: justify;\">Tom se tv\u00e1\u0159\u00ed nerozhodn\u011b, pak se pod\u00edv\u00e1 na m\u011b a usm\u011bje se.<br \/>\n\u201eTo je moje kytara?\u201c zept\u00e1 se.<br \/>\nPod\u00e1v\u00e1m mu ji.<br \/>\n\u201eDnes r\u00e1no jsem byla u tebe doma.\u201c<br \/>\n\u201ePro\u010d jsi ji sem p\u0159inesla?\u201c<br \/>\n\u201eNeum\u00ed\u0161 si to domyslet?\u201c<br \/>\n\u201eNev\u00edm, jestli bych m\u011bl\u2026 Nehr\u00e1l jsem od\u2026\u201c nedokon\u010d\u00ed v\u011btu.<\/p>\n<p style=\"text-align: justify;\">Oto\u010d\u00ed se k n\u00e1hrobku. D\u00edv\u00e1 se na Billovu fotku, kdy\u017e za\u010dne trochu siln\u011bji pr\u0161et. T\u0159esouc\u00edma se rukama otev\u0159e pouzdro s kytarou a opatrn\u011b ji vynd\u00e1. N\u011bkolik minut stoj\u00ed na m\u00edst\u011b.<br \/>\nPak za\u010dne hr\u00e1t a zp\u00edvat p\u00edse\u0148, kterou jsem nikdy p\u0159edt\u00edm nesly\u0161ela. Hlas se mu trochu chv\u011bje, ale pokra\u010duje:<\/p>\n<p style=\"text-align: center;\"><em>In mir wird es langsam kalt<br \/>\nwie lang k\u00f6nn&#8216; wir beide hier noch sein<br \/>\nBleib hier<br \/>\nDie Schatten woll&#8217;n mich hol&#8217;n<br \/>\nab heute wird die uhr durch\u00b4n countdown ersetzt<br \/>\nDoch wenn wir gehen,<br \/>\ndann gehen wir nur zu zweit<br \/>\nDu bist<br \/>\nalles was ich bin<br \/>\nund alles was durch meine Adern flie\u00dft<br \/>\nImmer werden wir uns tragen<br \/>\nEgal wohin wir fahr&#8217;n<br \/>\nEgal wie tief<\/em><\/p>\n<p style=\"text-align: center;\"><em>Ich will da nicht allein sein<\/em><br \/>\n<em>lass uns gemeinsam<\/em><br \/>\n<em>In die Nacht<\/em><br \/>\n<em>Irgendwann wird es Zeit sein<\/em><br \/>\n<em>Lass uns gemeinsam<\/em><br \/>\n<em>In die Nacht<\/em><\/p>\n<p style=\"text-align: center;\"><em>Ich h\u00f6re<\/em><br \/>\n<em>wenn du leise schreist<\/em><br \/>\n<em>Sp\u00fcre jeden Atemzug von dir<\/em><br \/>\n<em>Und auch wenn<\/em><br \/>\n<em>das Schicksal uns zerrei\u00dft<\/em><br \/>\n<em>Egal was danach kommt<\/em><br \/>\n<em>das teilen wir<\/em><\/p>\n<p style=\"text-align: center;\"><em>Ich will da nicht allein sein<\/em><br \/>\n<em>lass uns gemeinsam<\/em><br \/>\n<em>In die Nacht<\/em><br \/>\n<em>Irgendwann wird es Zeit sein<\/em><br \/>\n<em>Lass uns gemeinsam<\/em><br \/>\n<em>In die Nacht<\/em><\/p>\n<p style=\"text-align: center;\"><em>In die Nacht\u2026irgendwann<\/em><br \/>\n<em>In die Nacht\u2026nur mit dir zusamm&#8216;<\/em><\/p>\n<p style=\"text-align: center;\"><em>Halt mich. sonst treib ich alleine in die Nacht<\/em><br \/>\n<em>Nimm mich mit und halt mich<\/em><br \/>\n<em>sonst treib ich alleine in die Nacht<\/em><\/p>\n<p style=\"text-align: center;\"><em>Ich will da nicht allein sein<\/em><br \/>\n<em>lass uns gemeinsam<\/em><br \/>\n<em>In die Nacht<\/em><br \/>\n<em>Irgendwann wird es Zeit sein<\/em><br \/>\n<em>Lass uns gemeinsam<\/em><br \/>\n<em>In die Nacht<\/em><\/p>\n<p style=\"text-align: center;\"><em>Du bist<\/em><br \/>\n<em>alles was ich bin<\/em><br \/>\n<em>und alles was durch meine Adern flie\u00dft<\/em><\/p>\n<p style=\"text-align: justify;\">Slzy se m\u00eds\u00ed s de\u0161t\u011bm.<br \/>\n\u201eCo to bylo za p\u00edsni\u010dku?\u201c Zept\u00e1m se dojat\u011b, jakmile jeho hlas utichne.<br \/>\n\u201eByla to na\u0161e p\u00edse\u0148\u2026 jen na\u0161e,\u201c za\u0161ept\u00e1.<br \/>\nKdy\u017e jdeme k v\u00fdchodu ze h\u0159bitova, p\u0159est\u00e1v\u00e1 pr\u0161et. V d\u00e1lce se objev\u00ed duha.<br \/>\nLook around, I am here doesn&#8217;t count far or near, I&#8217;m by your side.<\/p>\n<p style=\"text-align: justify;\"><strong>KONEC<\/strong><\/p>\n<p style=\"text-align: justify;\"><strong>autor: purple_a<br \/>\np\u0159eklad: Lauinka<br \/>\nbetaread: J. :o)<\/strong><\/p>\n","protected":false},"excerpt":{"rendered":"<p>autor: purple_a Stoj\u00edm nehybn\u011b p\u0159ede dve\u0159mi podniku, poddruhem baru, kter\u00fd se sna\u017eil vyd\u00e1vat se za hospodu. Nev\u00edm, jestli m\u00e1m j\u00edt dovnit\u0159, ale nakonec se rozhodnu. Pomalu otev\u0159u dve\u0159e. Okam\u017eit\u011b jsem zahlcena vzpom\u00ednkami. Jednoho chladn\u00e9ho \u00fanorov\u00e9ho ve\u010dera p\u0159ed sedmi m\u011bs\u00edci jsem vb\u011bhla dovnit\u0159<\/p>\n<p class=\"link-more\"><a class=\"myButt \" href=\"https:\/\/twincestblog.cz\/domains\/twincestblog.cz\/2021\/10\/19\/il-diario-8-konec\/\">Read More<\/a><\/p>\n","protected":false},"author":1,"featured_media":79436085,"comment_status":"open","ping_status":"open","sticky":false,"template":"","format":"standard","meta":{"_exactmetrics_skip_tracking":false,"_exactmetrics_sitenote_active":false,"_exactmetrics_sitenote_note":"","_exactmetrics_sitenote_category":0,"footnotes":""},"categories":[737],"tags":[],"class_list":["post-79436113","post","type-post","status-publish","format-standard","has-post-thumbnail","hentry","category-il-diario-by-purple_a"],"_links":{"self":[{"href":"https:\/\/twincestblog.cz\/domains\/twincestblog.cz\/wp-json\/wp\/v2\/posts\/79436113","targetHints":{"allow":["GET"]}}],"collection":[{"href":"https:\/\/twincestblog.cz\/domains\/twincestblog.cz\/wp-json\/wp\/v2\/posts"}],"about":[{"href":"https:\/\/twincestblog.cz\/domains\/twincestblog.cz\/wp-json\/wp\/v2\/types\/post"}],"author":[{"embeddable":true,"href":"https:\/\/twincestblog.cz\/domains\/twincestblog.cz\/wp-json\/wp\/v2\/users\/1"}],"replies":[{"embeddable":true,"href":"https:\/\/twincestblog.cz\/domains\/twincestblog.cz\/wp-json\/wp\/v2\/comments?post=79436113"}],"version-history":[{"count":2,"href":"https:\/\/twincestblog.cz\/domains\/twincestblog.cz\/wp-json\/wp\/v2\/posts\/79436113\/revisions"}],"predecessor-version":[{"id":79436115,"href":"https:\/\/twincestblog.cz\/domains\/twincestblog.cz\/wp-json\/wp\/v2\/posts\/79436113\/revisions\/79436115"}],"wp:featuredmedia":[{"embeddable":true,"href":"https:\/\/twincestblog.cz\/domains\/twincestblog.cz\/wp-json\/wp\/v2\/media\/79436085"}],"wp:attachment":[{"href":"https:\/\/twincestblog.cz\/domains\/twincestblog.cz\/wp-json\/wp\/v2\/media?parent=79436113"}],"wp:term":[{"taxonomy":"category","embeddable":true,"href":"https:\/\/twincestblog.cz\/domains\/twincestblog.cz\/wp-json\/wp\/v2\/categories?post=79436113"},{"taxonomy":"post_tag","embeddable":true,"href":"https:\/\/twincestblog.cz\/domains\/twincestblog.cz\/wp-json\/wp\/v2\/tags?post=79436113"}],"curies":[{"name":"wp","href":"https:\/\/api.w.org\/{rel}","templated":true}]}}