{"id":79436255,"date":"2021-11-23T16:00:00","date_gmt":"2021-11-23T15:00:00","guid":{"rendered":"https:\/\/twincestblog.cz\/domains\/twincestblog.cz\/?p=79436255"},"modified":"2021-11-20T15:00:59","modified_gmt":"2021-11-20T14:00:59","slug":"thanks-for-the-memories-5-2-2","status":"publish","type":"post","link":"https:\/\/twincestblog.cz\/domains\/twincestblog.cz\/2021\/11\/23\/thanks-for-the-memories-5-2-2\/","title":{"rendered":"Thanks For The Memories 5. (2\/2)"},"content":{"rendered":"<p style=\"text-align: justify;\"><strong>autor: Meggie<\/strong><\/p>\n<p style=\"text-align: justify;\">Tom vypadal ten ve\u010der n\u00e1dhern\u011b. Ne, \u017ee by m\u011bl na sob\u011b n\u011bco speci\u00e1ln\u00edho, sp\u00ed\u0161 \u0161lo o jeho v\u00fdraz a \u00fasm\u011bv. A j\u00e1 si nemohla pomoct, ale nedok\u00e1zala jsem se ubr\u00e1nit my\u0161lence, \u017ee je m\u016fj.<br \/>\nBylo to opravdu dechberouc\u00ed. V\u017edycky to tak bylo, ale byly chv\u00edle, kdy si toho prost\u011b ne\u0161lo nev\u0161imnout.<br \/>\nVyrazilo mi to dech.<br \/>\nTen ve\u010der tam byl je\u0161t\u011b n\u011bkdo, kdo byl neuv\u011b\u0159iteln\u011b kr\u00e1sn\u00fd. Bill, samoz\u0159ejm\u011b. Zd\u00e1lo se, \u017ee si dal z\u00e1le\u017eet na tom, aby jeho vzhled vynikl.<br \/>\nA z\u00e1\u0159il. Jeho o\u010di neprozrazovaly \u017e\u00e1dn\u00e9 zvl\u00e1\u0161tn\u00ed emoce. Ne, kdy\u017e na m\u011b z\u00edral. Ale sta\u010dilo jen m\u00e1lo, mrknut\u00ed, \u00fasm\u011bv, pohyb, zm\u011bna \u00fahlu, pohled na Toma a v\u0161echno se zm\u011bnilo.<br \/>\nNem\u016f\u017eu to pop\u0159\u00edt. J\u00e1 jsem taky z\u00e1\u0159ila. Chystali jsme se oslavit t\u0159i roky man\u017eelstv\u00ed. Byla jsem \u0161\u0165astn\u00e1 a d\u00e1vala to najevo, ob\u010das jsem se ztr\u00e1cela v pov\u00edd\u00e1n\u00ed s Gustavem, ob\u010das s Tomem a pop\u00edjela sklenky v\u00edna.<\/p>\n<p style=\"text-align: justify;\">Byla jsem nad\u0161en\u00e1. U\u017e jsem c\u00edtila p\u0159\u00edchu\u0165 dal\u0161\u00edho dne, kter\u00fd str\u00e1v\u00edme s\u00a0Tomem spolu. Ur\u010dit\u011b u\u017e n\u011bco zorganizoval. Zamluvil restauraci jen pro n\u00e1s dva. Koupil mi d\u00e1rek. V\u011bnuje mi cel\u00fd den a noc.<br \/>\nJen je\u0161t\u011b nebyla na\u0161e chv\u00edle.<br \/>\nTohle byla Tomova a Billova chv\u00edle. A Tom s Billem se bavili.<br \/>\nNebyla jsem jedin\u00e1, kdo se dob\u0159e bavil. Tom se po\u0159\u00e1d sm\u00e1l, vypr\u00e1v\u011bl star\u00e9 vtipy, v\u011bci z d\u011btstv\u00ed, kter\u00fdmi vzpom\u00ednal na star\u00e9 \u010dasy.<br \/>\n\u010casy, kter\u00e9 mi nepat\u0159ily.<br \/>\nBill si dovolil sm\u00e1t se bratrov\u00fdm vtip\u016fm. Dovolil, aby byl vn\u00edm\u00e1n jako zraniteln\u011bj\u0161\u00ed. Nebo mo\u017en\u00e1 jen norm\u00e1ln\u011bj\u0161\u00ed. V\u00edce oby\u010dejn\u00fd. Zavtipkoval s Georgem, jemn\u011b mu poklepal sev\u0159enou dlan\u00ed na rameno, a pak se op\u011bt zam\u011b\u0159il na Toma. Po\u0159\u00e1d ho sledoval a nespou\u0161t\u011bl ho z o\u010d\u00ed.<\/p>\n<p style=\"text-align: justify;\">A pak byl pronesen p\u0159\u00edpitek.<br \/>\nTo si pamatuji s mrazivou p\u0159esnost\u00ed.<br \/>\nPostupn\u011b ka\u017ed\u00fd z\u00a0n\u00e1s pozvedl svoji sklenku a na n\u011bco p\u0159ipil. Na cokoli.<br \/>\nPamatuju si, komu nebo \u010demu byl ka\u017ed\u00fd p\u0159\u00edpitek v\u011bnov\u00e1n.<br \/>\nByly zd\u016frazn\u011bny ty nejrozd\u00edln\u011bj\u0161\u00ed v\u011bci. Od t\u011bch nejoby\u010dejn\u011bj\u0161\u00edch a\u017e po ty nejd\u016fle\u017eit\u011bj\u0161\u00ed.<br \/>\nKdy\u017e bylo t\u011bsn\u011b p\u0159ed p\u016flnoc\u00ed, kdy\u017e jsme v\u0161ichni c\u00edtili, jak na\u0161imi \u017eilami koluje v\u00edno, kdy\u017e jsme u\u017e t\u0159i hodiny ve\u010de\u0159eli, pili a \u017eertovali, pronesl Tom sv\u016fj posledn\u00ed p\u0159\u00edpitek.<br \/>\n\u201eNa nejd\u016fle\u017eit\u011bj\u0161\u00ed osobu. Proto\u017ee kdyby tu nebyla, \u017eivot by st\u00e1l za hovno.\u201c<br \/>\nC\u00edtila jsem, jak z\u00e1\u0159\u00edm.<br \/>\nV tu chv\u00edli jsem si opravdu p\u0159ipadala jako na jin\u00e9 planet\u011b.<br \/>\nNe\u017e si p\u0159ibl\u00ed\u017eil sklenici ke rt\u016fm, Tom m\u011b pol\u00edbil.<br \/>\nA to bylo v\u0161e, co jsem c\u00edtila.<br \/>\nByl jsem zatracen\u011b \u0161\u0165astn\u00e1. Byla jsem \u0161\u0165astn\u00e1 takov\u00fdm zp\u016fsobem, \u017ee je t\u011b\u017ek\u00e9 to vy\u010d\u00edslit.<br \/>\nNebylo to \u010d\u00edslo.<br \/>\nNechyb\u011bl \u017e\u00e1dn\u00fd aspekt.<br \/>\nA\u017e na jednu v\u011bc.<br \/>\nTom se na m\u011b p\u0159i t\u011bch slovech ani jednou nepod\u00edval.<br \/>\nAni jednou.<\/p>\n<p style=\"text-align: center;\">***<\/p>\n<p style=\"text-align: justify;\">K\u00e9\u017e by to bylo jen tak. Toho ve\u010dera byl vrcholem m\u00e9ho uv\u011bdom\u011bn\u00ed p\u0159\u00edpitek, kter\u00fd pronesl pro n\u011bkoho jin\u00e9ho.<br \/>\nTo v\u0161ak nebyla pravda.<br \/>\nTato slova nic neznamenala.<br \/>\nNebyla ni\u010d\u00edm.<br \/>\nPravdou je, \u017ee jsou v\u011bci, kter\u00e9 by ne ka\u017ed\u00fd cht\u011bl v\u011bd\u011bt, i kdyby byly pravdiv\u00e9.<br \/>\nJsou v\u011bci, kter\u00e9 bol\u00ed u\u017e jen p\u0159i pomy\u0161len\u00ed na n\u011b, proto\u017ee jsou \u0161patn\u00e9.<br \/>\nV\u017edycky.<br \/>\nJsou v\u0161ak v\u011bci, kter\u00e9 jsou st\u00e1le skute\u010dn\u00e9.<br \/>\nTento p\u0159\u00edb\u011bh je jednou z nich.<br \/>\nJe to p\u0159\u00edb\u011bh, kter\u00fd ned\u00e1v\u00e1 smysl.<br \/>\nCo\u017e nen\u00ed f\u00e9r.<br \/>\nAle jeho nejv\u011bt\u0161\u00ed chybou je, \u017ee je pravdiv\u00fd.<\/p>\n<p style=\"text-align: center;\">***<\/p>\n<p style=\"text-align: justify;\">Byla skoro jedna hodina. 28. dubna.<br \/>\nP\u0159ed deseti dny.<br \/>\nMoje v\u00fdro\u010d\u00ed.<br \/>\nByla u\u017e skoro jedna hodina, kdy\u017e Bill vstal.<br \/>\nVracel se dom\u016f. M\u011bl brzy vst\u00e1vat. Rann\u00ed focen\u00ed.<br \/>\nByla u\u017e skoro jedna hodina, kdy\u017e Tom \u0159ekl, \u017ee s n\u00edm na chv\u00edli p\u016fjde. Jen na chvilku. Mimo restauraci.<br \/>\n\u017de se hned vr\u00e1t\u00ed.<br \/>\nBylo po jedn\u00e9 hodin\u011b a Tom se st\u00e1le nevracel. Jeho bunda st\u00e1le le\u017eela na op\u011bradle \u017eidle.<br \/>\nByla noc. Bylo chladno.<br \/>\nBylo po jedn\u00e9 hodin\u011b, kdy\u017e jsem se rozhodla, \u017ee p\u016fjdu ven a p\u0159inesu mu bundu.<br \/>\n\u201eHned jsem zp\u00e1tky.\u201c \u0158ekla jsem ostatn\u00edm.<br \/>\nUr\u010dit\u011b spolu mluvili.<br \/>\nBylo po jedn\u00e9 hodin\u011b, kdy\u017e jsem si o n\u011bj, o Toma, za\u010dala d\u011blat starosti. Necht\u011bla jsem, aby nastydl, necht\u011bla jsem, aby onemocn\u011bl.<br \/>\nA bylo po jedn\u00e9 hodin\u011b, kdy\u017e se m\u011b pravda rozhodla nav\u0161t\u00edvit.<\/p>\n<p style=\"text-align: center;\">***<\/p>\n<p style=\"text-align: justify;\">\u201eNo nic, miz\u00edm.\u201c Bill byl v\u017edycky neskute\u010dn\u011b mil\u00fd \u010dlov\u011bk. T\u00e9 noci se to nijak neli\u0161ilo.<br \/>\n\u201eNo tak! Nebu\u010f jako star\u00e1 b\u00e1ba!\u201c<br \/>\nBill se oto\u010dil na Georga a v\u011bnoval mu pok\u0159iven\u00fd \u00fasm\u011bv. \u201eJ\u00e1 pracuju, v\u00ed\u0161, na rozd\u00edl od v\u00e1s ostatn\u00edch\u2026\u201c<br \/>\nVstal, obl\u00e9kl si \u010dernou bundu a se v\u0161emi se rozlou\u010dil. Kupodivu na Toma nijak zvl\u00e1\u0161\u0165 nek\u00fdvl, ani se na n\u011bj nepod\u00edval.<br \/>\nKdy\u017e se chystal odej\u00edt od stolu, Tom ho zastavil. \u201ePo\u010dkej! Po\u0159\u00e1d mi dlu\u017e\u00ed\u0161 ten text, kter\u00fd jsi napsal, pamatuje\u0161?\u201c<br \/>\nBill se zatv\u00e1\u0159il ohromen\u011b. \u201eNo jo. M\u00e1m ho v aut\u011b\u2026\u201c<br \/>\n\u201eDoprovod\u00edm t\u011b.\u201c<br \/>\nDoprovod\u00ed. Ho.<br \/>\nV\u0161echno bylo dokonale vy\u0159e\u0161eno, \u017ee?<br \/>\nNebyl tam \u017e\u00e1dn\u00fd text ani p\u00edse\u0148.<br \/>\nTom s n\u00edm ode\u0161el ven a j\u00e1 je sledovala pohledem, pak jsem se zase ztratila v\u00a0hovoru s\u00a0Georgem.<br \/>\nByla skoro jedna hodina a v\u0161echno vypadalo norm\u00e1ln\u011b.<\/p>\n<p style=\"text-align: center;\">***<\/p>\n<p style=\"text-align: justify;\">Nebyla to studen\u00e1 sprcha.<br \/>\nNebo n\u00e1hl\u00e1 facka.<br \/>\nNe. V\u0161echna tato srovn\u00e1n\u00ed by ned\u00e1vala smysl. Proto\u017ee to bylo hor\u0161\u00ed, mnohem hor\u0161\u00ed.<br \/>\nDel\u0161\u00ed a bolestiv\u011bj\u0161\u00ed a absurdn\u011bj\u0161\u00ed. Bylo to tak absurdn\u00ed, a\u017e to bylo skute\u010dn\u00e9.<br \/>\nBylo to jako rozb\u00edjen\u00ed skla. Ne. Rozb\u00edjen\u00ed ne. Ani tohle nedok\u00e1\u017ee vystihnout tu my\u0161lenku spr\u00e1vn\u011b.<br \/>\nBylo to jako ud\u011blat malou trhlinu. Malou d\u00edrku.<br \/>\nUd\u011blanou mal\u00fdm kam\u00ednkem, kter\u00fd je sotva vid\u011bt.<br \/>\nAle je tam.<br \/>\nJe tam, sakra.<br \/>\nBylo to, jako t\u00edm kam\u00ednkem pra\u0161tit do skla.<br \/>\nKam\u00ednek v\u00a0n\u011bm ud\u011blal d\u00edru.<br \/>\nD\u00edra ve skle praskla.<br \/>\nA sklo se rozbilo, rozt\u0159\u00ed\u0161tilo se na st\u0159epy, kter\u00e9 se daly roz\u0161lapat, \u00fapln\u011b se zni\u010dit, a pak se rozpadlo v prach.<br \/>\nTento proces se nestane okam\u017eit\u011b, ale trv\u00e1 n\u011bkolik vte\u0159in.<br \/>\nTenhle p\u0159esn\u00fd pocit, s n\u00edm\u017e se to v\u0161echno odehr\u00e1lo, ten \u00fa\u010dinek, kter\u00fd na m\u011b ta sc\u00e9na m\u011bla, byl p\u0159esn\u011b takov\u00fd.<br \/>\nB\u011bhem \u010dty\u0159 nekone\u010dn\u00fdch vte\u0159in se m\u016fj hrad rozpadl na prach.<br \/>\nV\u0161echno za \u010dty\u0159i pouh\u00e9 vte\u0159iny.<\/p>\n<p style=\"text-align: center;\">***<\/p>\n<p style=\"text-align: justify;\">V\u00a0hloubi du\u0161e c\u00edt\u00edm, \u017ee je to n\u011bco stra\u0161n\u011b zvr\u00e1cen\u00e9ho. Ten fakt, \u017ee to st\u00e1le nedok\u00e1\u017eu dostat z\u00a0hlavy.<br \/>\nJe to, jako bych si to nahr\u00e1la na videokazetu a po\u0159\u00e1d si to nedobrovoln\u011b p\u0159ehr\u00e1vala.<br \/>\nJe to v\u0161ak n\u011bco mnohem fyzi\u010dt\u011bj\u0161\u00edho. Bylo to i v tomto okam\u017eiku. B\u011bhem t\u011bchto \u010dty\u0159 vte\u0159in.<br \/>\nZa \u010dty\u0159i sekundy si \u010dlov\u011bk m\u016f\u017ee uv\u011bdomit spoustu v\u011bc\u00ed.<br \/>\nNap\u0159\u00edklad, \u017ee ve tm\u011b osv\u011btlen\u00e9 pouze sv\u011btlem pouli\u010dn\u00ed lampy, m\u016f\u017ee \u010dern\u00fd prsten Billa Kaulitze toto slab\u00e9 sv\u011btlo \u010d\u00e1ste\u010dn\u011b odr\u00e1\u017eet.<br \/>\nNap\u0159\u00edklad to, \u017ee ve tm\u011b osv\u011btlen\u00e9 pouze sv\u011btlem pouli\u010dn\u00ed lampy, vypad\u00e1 st\u00edn Billa Kaulitze rozta\u017een\u00fd na asfaltu parkovi\u0161t\u011b jako st\u00edn d\u00edvky.<br \/>\nNap\u0159\u00edklad, \u017ee ve tm\u011b osv\u011btlen\u00e9 pouze sv\u011btlem pouli\u010dn\u00ed lampy, z\u016fst\u00e1v\u00e1 Bill Kaulitz \u010dlov\u011bkem.<br \/>\nNap\u0159\u00edklad, \u017ee ve tm\u011b, ale ur\u010dit\u011b i za denn\u00edho sv\u011btla, Bill Kaulitz l\u00edb\u00e1 tak, \u017ee naklon\u00ed hlavu doleva a zav\u0159e o\u010di.<br \/>\nNap\u0159\u00edklad, \u017ee Bill Kaulitz z\u016fst\u00e1v\u00e1 blbcem i ve tm\u011b, i za sv\u011btla, i v noci, i ve dne.<br \/>\nTo jsou v\u0161echno p\u0159\u00edklady. Bylo jich samoz\u0159ejm\u011b i mnohem v\u00edc.<br \/>\nV\u0161echny by byly k\u00a0ni\u010demu.<br \/>\nAni jeden z\u00a0nich nic z\u00a0toho nevysv\u011btluje.<br \/>\nB\u011bhem t\u011bch \u010dty\u0159 vte\u0159in jsem si uv\u011bdomila celou \u0159adu detail\u016f, ano. Detaily, kter\u00e9 nemohu vymazat a kter\u00e9 se mi st\u00e1le vracej\u00ed.<br \/>\nB\u011bhem t\u011bch \u010dty\u0159 vte\u0159in jsem si v\u0161ak jako prvn\u00ed a jedinou v\u011bc skute\u010dn\u011b uv\u011bdomila n\u011bco jin\u00e9ho.<br \/>\nM\u016fj man\u017eel se l\u00edbal s n\u011bk\u00fdm jin\u00fdm.<br \/>\nA tato v\u011bta je jen zp\u016fsob, jak osladit tu ho\u0159kou pilulku.<br \/>\nProto\u017ee m\u016fj man\u017eel je tak\u00e9 Tom Kaulitz a osoba, kterou l\u00edbal, je krom\u011b mu\u017ee tak\u00e9 jeho bratr Bill.<br \/>\n28. dubna v jednu hodinu jsem t\u00edmto zp\u016fsobem oslavila t\u0159i roky man\u017eelstv\u00ed.<br \/>\nA bez p\u0159\u00e1n\u00ed\u010dek.<\/p>\n<p style=\"text-align: justify;\"><strong>autor: Meggie<br \/>\np\u0159eklad: Lauinka<br \/>\nbetaread: J. :o)<\/strong><\/p>\n","protected":false},"excerpt":{"rendered":"<p>autor: Meggie Tom vypadal ten ve\u010der n\u00e1dhern\u011b. Ne, \u017ee by m\u011bl na sob\u011b n\u011bco speci\u00e1ln\u00edho, sp\u00ed\u0161 \u0161lo o jeho v\u00fdraz a \u00fasm\u011bv. A j\u00e1 si nemohla pomoct, ale nedok\u00e1zala jsem se ubr\u00e1nit my\u0161lence, \u017ee je m\u016fj. Bylo to opravdu dechberouc\u00ed. V\u017edycky to<\/p>\n<p class=\"link-more\"><a class=\"myButt \" href=\"https:\/\/twincestblog.cz\/domains\/twincestblog.cz\/2021\/11\/23\/thanks-for-the-memories-5-2-2\/\">Read More<\/a><\/p>\n","protected":false},"author":1,"featured_media":79436208,"comment_status":"open","ping_status":"open","sticky":false,"template":"","format":"standard","meta":{"_exactmetrics_skip_tracking":false,"_exactmetrics_sitenote_active":false,"_exactmetrics_sitenote_note":"","_exactmetrics_sitenote_category":0,"footnotes":""},"categories":[741],"tags":[],"class_list":["post-79436255","post","type-post","status-publish","format-standard","has-post-thumbnail","hentry","category-thanks-for-the-memories-by-meggie"],"_links":{"self":[{"href":"https:\/\/twincestblog.cz\/domains\/twincestblog.cz\/wp-json\/wp\/v2\/posts\/79436255","targetHints":{"allow":["GET"]}}],"collection":[{"href":"https:\/\/twincestblog.cz\/domains\/twincestblog.cz\/wp-json\/wp\/v2\/posts"}],"about":[{"href":"https:\/\/twincestblog.cz\/domains\/twincestblog.cz\/wp-json\/wp\/v2\/types\/post"}],"author":[{"embeddable":true,"href":"https:\/\/twincestblog.cz\/domains\/twincestblog.cz\/wp-json\/wp\/v2\/users\/1"}],"replies":[{"embeddable":true,"href":"https:\/\/twincestblog.cz\/domains\/twincestblog.cz\/wp-json\/wp\/v2\/comments?post=79436255"}],"version-history":[{"count":1,"href":"https:\/\/twincestblog.cz\/domains\/twincestblog.cz\/wp-json\/wp\/v2\/posts\/79436255\/revisions"}],"predecessor-version":[{"id":79436256,"href":"https:\/\/twincestblog.cz\/domains\/twincestblog.cz\/wp-json\/wp\/v2\/posts\/79436255\/revisions\/79436256"}],"wp:featuredmedia":[{"embeddable":true,"href":"https:\/\/twincestblog.cz\/domains\/twincestblog.cz\/wp-json\/wp\/v2\/media\/79436208"}],"wp:attachment":[{"href":"https:\/\/twincestblog.cz\/domains\/twincestblog.cz\/wp-json\/wp\/v2\/media?parent=79436255"}],"wp:term":[{"taxonomy":"category","embeddable":true,"href":"https:\/\/twincestblog.cz\/domains\/twincestblog.cz\/wp-json\/wp\/v2\/categories?post=79436255"},{"taxonomy":"post_tag","embeddable":true,"href":"https:\/\/twincestblog.cz\/domains\/twincestblog.cz\/wp-json\/wp\/v2\/tags?post=79436255"}],"curies":[{"name":"wp","href":"https:\/\/api.w.org\/{rel}","templated":true}]}}