{"id":79436775,"date":"2022-03-22T16:00:00","date_gmt":"2022-03-22T15:00:00","guid":{"rendered":"https:\/\/twincestblog.cz\/domains\/twincestblog.cz\/?p=79436775"},"modified":"2022-03-22T07:39:17","modified_gmt":"2022-03-22T06:39:17","slug":"na-kridlech-albatrosa-2","status":"publish","type":"post","link":"https:\/\/twincestblog.cz\/domains\/twincestblog.cz\/2022\/03\/22\/na-kridlech-albatrosa-2\/","title":{"rendered":"Na k\u0159\u00eddlech Albatrosa 2."},"content":{"rendered":"<p style=\"text-align: justify;\"><strong>autor: Lauinka<\/strong><\/p>\n<p style=\"text-align: justify;\">\u201eMysl\u00edm, \u017ee je to dobr\u00fd,\u201c zasm\u00e1l se Andreas, kdy\u017e mu jeho otec p\u0159edv\u00e1d\u011bl oblek, kter\u00fd m\u011bl p\u0159ipraven\u00fd na dne\u0161n\u00ed slavnostn\u00ed ve\u010der.<br \/>\n\u201eV\u00fdborn\u00fd.\u201c Zasm\u00e1l se Jorg a popl\u00e1cal sv\u00e9ho syna po z\u00e1dech.<br \/>\n\u201eOoo, pane Jorgu, v\u00e1m to ale neskute\u010dn\u011b slu\u0161\u00ed.\u201c Ozval se ten zn\u00e1m\u00fd hlas, a kdy\u017e se oba mu\u017ei za n\u00edm oto\u010dili, spat\u0159ili pr\u00e1v\u011b vch\u00e1zej\u00edc\u00edho Toma s\u00a0\u00fasm\u011bvem od ucha k\u00a0uchu.<br \/>\n\u201eChlap\u010de, st\u00fdskalo se mi,\u201c Jorg p\u0159e\u0161el ke sv\u00e9mu synovi a p\u011bvn\u011b ho objal. Tom objet\u00ed se \u0161irok\u00fdm \u00fasm\u011bvem op\u011btoval a pevn\u011b stiskl sv\u00e9ho otce v\u00a0n\u00e1ru\u010d\u00ed. Kdy\u017e se od sebe odt\u00e1hli, p\u0159e\u0161el Tom i ke sv\u00e9mu bratrovi a objal i jeho v\u00a0kr\u00e1tk\u00e9m, ale pevn\u00e9m objet\u00ed. Se sm\u00edchem se zad\u00edval na bratrovy vlasy a lehce mu je rukou rozcuchal. \u201eChlape, co to m\u00e1\u0161 na hlav\u011b?\u201c<br \/>\n\u201eTo v\u00ed\u0161\u2026 takhle \u017eijou civilizovan\u00ed lidi ve m\u011bst\u011b, ale\u2026 o tom ty moc nem\u016f\u017ee\u0161 v\u011bd\u011bt, kdy\u017e \u017eije\u0161 v\u00a0lese.\u201c Dob\u00edral si ho jeho bratr.<\/p>\n<p style=\"text-align: justify;\">Vlastn\u011b byli jako jin a jang. Andreas byl zt\u011blesn\u011bn\u00edm m\u00f3dy a elegance. Na prvn\u00ed pohled bylo jasn\u00e9, \u017ee jeho t\u011blo je dokonale stvo\u0159en\u00e9 pro no\u0161en\u00ed drah\u00fdch oblek\u016f. Blon\u010fat\u00e9 vlasy m\u011bl v\u00a0lehk\u00e9m rozcuchu, ale na prvn\u00ed pohled bylo jasn\u00e9, \u017ee ka\u017ed\u00fd ten rozcuchan\u00fd pramen m\u00e1 jasn\u011b dan\u00e9 svoje m\u00edsto. Tom byl jin\u00fd. On byl rebel, vymykal se v\u0161em pravidl\u016fm. Vlastn\u011b je v\u0161echny moc r\u00e1d poru\u0161oval. Kdysi d\u00e1vno si z\u00a0rebelstv\u00ed nechal ud\u011blat dredy, \u010dasem si je v\u0161ak nechal ost\u0159\u00edhat, ale nikdy se nedok\u00e1zal vzd\u00e1t del\u0161\u00edch hn\u011bd\u00fdch vlas\u016f. O jejich d\u00e9lce se v\u0161ak dalo pochybovat, jeliko\u017e je nosil sv\u00e1zan\u00e9 do drdolu vzadu na hlav\u011b. Dal\u0161\u00ed viditeln\u00fd rozd\u00edl mezi bratry byly vousy. Andreas nosil jen lehk\u00e9 strni\u0161t\u011b, co\u017e mu dod\u00e1valo tu posledn\u00ed kapku elegance, kde\u017eto Tom. Ten nosil plnovous. Dod\u00e1valo mu to je\u0161t\u011b o stupe\u0148 mu\u017enosti a ta kombinace vlas\u016f a dokonale upraven\u00fdch vous\u016f mu dod\u00e1vala na sexappealu.<\/p>\n<p style=\"text-align: justify;\">\u201eDneska je to \u010dty\u0159icet let od zalo\u017een\u00ed firmy,\u201c zasnil se trochu Jorg s\u00a0\u00fasm\u011bvem na rtech.<br \/>\n\u201eAle ty st\u00e1le vypad\u00e1\u0161 tak mlad\u011b, jak to d\u011bl\u00e1\u0161?\u201c<br \/>\n\u201eChod\u00edm na botox,\u201c zasm\u00e1l se Jorg a podal Tomovi oblek schovan\u00fd v\u00a0pouzd\u0159e. \u201eVyzkou\u0161ej si ten smoking.\u201c<br \/>\n\u201eAleee\u2026 ka\u0161lete na smoking.\u201c Odm\u00edtl okam\u017eit\u011b Tom. On nikdy na tyhle v\u011bci nebyl. Nem\u011bl r\u00e1d t\u011bsn\u00e9 obleky. Nikdy nebyl ten typ, co by nosil oblek a musel se nad v\u0161echny povy\u0161ovat. Nav\u00edc si myslel, \u017ee jemu tyhle v\u011bci ani trochu neslu\u0161\u00ed.<br \/>\n\u201eDneska je p\u0159eci ta oslava,\u201c p\u0159ipomenul mu bratr a Tom si povzdechl. Tak n\u011bjak tu\u0161il, \u017ee pro dne\u0161n\u00ed ve\u010der obleku jen tak neute\u010de.<\/p>\n<p style=\"text-align: center;\">***<\/p>\n<p style=\"text-align: justify;\">\u201eTady m\u00e1\u0161 seznam host\u016f na ve\u010der. V\u0161echny do jednoho obvolej, a\u0165 potvrd\u00ed, jestli p\u0159ijdou, nebo ne, rozum\u00ed\u0161?\u201c Jane mu str\u010dila pon\u011bkud dlouh\u00fd seznam a Bill po n\u011bm p\u0159el\u00e9tl pohledem.<br \/>\n\u201eAno.\u201c P\u0159ik\u00fdvl \u010dernovl\u00e1sek a pod\u00edval se na Jay Jaye.<br \/>\n\u201eT\u00e1mhle je pan Tom,\u201c uk\u00e1zal prstem p\u0159\u00edmo p\u0159ed sebe. Bill se oto\u010dil a pod\u00edval se p\u0159\u00edmo sm\u011brem, kter\u00fd Jay Jay ukazoval, ale nic nevid\u011bl. Nakr\u010dil \u010delo a pod\u00edval se zp\u00e1tky na sv\u00e9ho kolegu.<br \/>\n\u201eKde?\u201c<br \/>\n\u201eNo p\u0159\u00edmo t\u00e1mhle,\u201c uk\u00e1zal znovu t\u00edm sm\u011brem, ale a\u0165 se Bill d\u00edval sebel\u00edp, stejn\u011b ho nezahl\u00e9dl. Cht\u011bl n\u011bco \u0159\u00edct, ale hlas Jane ho p\u0159eru\u0161il. \u201eHonem, neztr\u00e1cejte \u010das, m\u00e1me p\u0159ed sebou je\u0161t\u011b hodn\u011b pr\u00e1ce.\u201c<br \/>\nJay Jay jen rychle p\u0159ik\u00fdvl a Bill s\u00e1hl po telefonu, aby za\u010dal. Jane se mu p\u0159est\u00e1vala l\u00edbit.<\/p>\n<p style=\"text-align: justify;\">Byla to vcelku nudn\u00e1 pr\u00e1ce. N\u011bkte\u0159\u00ed si cht\u011bli pov\u00eddat, jin\u00ed byli na opl\u00e1tku drz\u00ed a neum\u011bli se chovat. Jin\u00ed pro zm\u011bnu ani telefon nezvedli. \u201eJist\u011b, co byste se obt\u011b\u017eoval.\u201c Proto\u010dil o\u010dima a posunul prst na dal\u0161\u00ed \u010d\u00edslo na seznamu. Podle hlasu to byl n\u011bjak\u00fd star\u0161\u00ed mu\u017e, kter\u00fd pozv\u00e1n\u00ed odm\u00edtl.<br \/>\n\u201eAle pro\u010d nep\u0159ijdete? V\u017edy\u0165 v\u00e1s pan Jorg pozval, poslal v\u00e1m pozv\u00e1nku. Vlastn\u011b by bylo opravdu mil\u00e9, kdybyste p\u0159i\u0161el.\u201c Zkusil mile, ale kdy\u017e ten mu\u017e za\u010dal n\u011bco rychle mumlat a \u0159\u00edkat, na\u0161tvalo ho to. \u201eNoooo tak prost\u011b necho\u010fte!\u201c S\u00a0t\u00edm telefon polo\u017eil.<br \/>\nV\u00a0tom se ve dve\u0159\u00edch znovu objevila Jane. \u201eTak co? Jak v\u00e1m to jde?\u201c<br \/>\nJay Jay jen rychle k\u00fdvl na souhlas. \u201eMysl\u00edm, \u017ee dob\u0159e.\u201c<br \/>\n\u201eFajn. Dne\u0161n\u00ed den je pro pana Jorga a na\u0161i agenturu velmi d\u016fle\u017eit\u00fd. Nechci ani malilinkatou chybi\u010dku, v\u0161echno mus\u00ed b\u00fdt naprosto perfektn\u00ed. Jay Jayi, po\u0161li pros\u00edm t\u011b smoking pana Jorga, pana Toma a pana Andrease rovnou do budovy opery.\u201c<br \/>\n\u201eJist\u011b, pan\u00ed Jane.\u201c<\/p>\n<p style=\"text-align: justify;\">\u201eJe\u0161t\u011b, abych nezapomn\u011bla\u2026 tady jsou d\u011bkovn\u00e9 dopisy, tak je s\u00a0t\u00edm nov\u00fdm dejte do ob\u00e1lek a na ty nalepte jmenovky.\u201c Polo\u017eila p\u0159ed n\u011b na st\u016fl kupku pap\u00edr\u016f, ob\u00e1lek a dal\u0161\u00edch pot\u0159ebn\u00fdch v\u011bc\u00ed.<br \/>\n\u201eJmenuji se Bill.\u201c Na\u0161pulil lehce rty a sjel pohledem cel\u00fd st\u016fl. \u201eTak n\u011bjak p\u0159em\u00fd\u0161l\u00edm, jestli jsem si nespletl budovu a nejsem n\u011bkde na po\u0161t\u011b.\u201c Promluvil sp\u00ed\u0161e sm\u011brem k\u00a0Jay Jayovi, kter\u00fd mu v\u011bnoval tvrd\u00fd pohled.<br \/>\n\u201eJay Jayi, ten nov\u00fd m\u00e1 n\u011bjak\u00fd probl\u00e9m?\u201c Zapi\u0161t\u011bla znovu Jane a zalo\u017eila si ruce v\u00a0bok. Bill nech\u00e1pal, pro\u010d o n\u011bm mluv\u00ed, jako by tam snad ani nebyl, a musel se ovl\u00e1dnout, aby t\u00e9 nafoukan\u00e9 holce nezam\u00e1val rukou p\u0159\u00edmo p\u0159ed obli\u010dejem. Ne\u017e Jay Jay ale sta\u010dil odpov\u011bd\u011bt, vlo\u017eil se do toho Bill.<br \/>\n\u201eNeee, jsem moc spokojen\u00fd, stra\u0161n\u011b moc spokojen\u00fd.\u201c Odpov\u011bd\u011bl ironicky a rovnou si sedl ke stolu, aby pohnul i s\u00a0touhle prac\u00ed.<br \/>\n\u201eNo nic, j\u00e1 jdu do opery, oh\u2026 ne\u017e na to zapomenu, najdi mi Jay Jay \u010d\u00edslo na Lea a po\u0161li mi ho ve zpr\u00e1v\u011b\u2026 mus\u00edm mu zavolat.\u201c<br \/>\nBill jen znud\u011bn\u011b vzhl\u00e9dl a za\u010dal diktovat: \u201e3103623862.\u201c<br \/>\nJane se na n\u011bj p\u0159ekvapen\u011b pod\u00edvala. \u201eOdkud ho zn\u00e1\u0161?\u201c<br \/>\n\u201eCo vid\u00edm, tak nezapomenu.\u201c Okomentoval rychle a Jane se jen oto\u010dila na podpatku a zmizela. Nejsp\u00ed\u0161e a\u017e p\u0159\u00edli\u0161 rozru\u0161en\u00e1 t\u00edm, co se pr\u00e1v\u011b stalo.<br \/>\n\u201eTy jsi teda \u010d\u00edslo.\u201c Zasm\u00e1l se Jay Jay a lehce Billa \u0161\u0165ouchl.<br \/>\n\u201eRad\u011bji j\u00ed ho po\u0161li, a\u0165 nevyv\u00e1d\u00ed.\u201c Usm\u00e1l se Bill a nalepil jmenovku na ob\u00e1lku.<br \/>\n\u201eEhm\u2026 jak bylo to \u010d\u00edslo?\u201c Pod\u00edval se Jay Jay s\u00a0telefonem v\u00a0ruce zp\u00e1tky na \u010dernovl\u00e1ska a ten se rozesm\u00e1l.<\/p>\n<p style=\"text-align: center;\">***<\/p>\n<p style=\"text-align: justify;\">\u201eNancy nech mi p\u0159istavit auto.\u201c Po\u017e\u00e1dal Jorg svoji asistentku a pod\u00edval se na Toma.<br \/>\n\u201eJist\u011b, pane Jorgu.\u201c P\u0159ik\u00fdvla a ode\u0161la. Tom se zvedl od stolu a v\u011bnoval otci \u00fasm\u011bv.<br \/>\n\u201eNo\u2026 u\u017e taky p\u016fjdu.\u201c Ozn\u00e1mil a upravil si p\u00e1r ko\u017een\u00fdch n\u00e1ramk\u016f na sv\u00e9m z\u00e1p\u011bst\u00ed.<br \/>\n\u201eTome, pros\u00edm sedni si je\u0161t\u011b\u2026 je tu n\u011bco, co jsem s\u00a0tebou cht\u011bl probrat.\u201c \u0158ekl v\u00e1\u017en\u011b Jorg a znovu si sedl do ko\u017een\u00e9ho k\u0159esla. Tom trochu nakr\u010dil \u010delo, ale sedl si do k\u0159esla naproti n\u011bmu.<br \/>\n\u201eD\u011bje se n\u011bco? N\u011bjak\u00fd probl\u00e9m?\u201c<br \/>\n\u201eNechci, abys odjel. Z\u016fsta\u0148 tady a usa\u010f se kone\u010dn\u011b.\u201c Zkusil otec jako poka\u017ed\u00e9, kdy\u017e se n\u00e1hodou se sv\u00fdm synem setkal.<br \/>\n\u201eAle tati, neza\u010d\u00ednej s\u00a0t\u00edm zase. Dostal jsem nab\u00eddku nafotit ute\u010deneck\u00e9 t\u00e1bory po cel\u00e9m sv\u011bt\u011b. A v\u00ed\u0161 moc dob\u0159e, \u017ee\u2026 za chv\u00edli mi to tady v\u0161echno za\u010dne l\u00e9zt na nervy, zn\u00e1\u0161 m\u011b p\u0159ece.\u201c Nakr\u010dil nos Tom. Nebyl zvykl\u00fd se dlouho zdr\u017eovat na jednom m\u00edst\u011b. T\u00edm sp\u00ed\u0161 pokud ho m\u011bly omezovat st\u011bny. On miloval svobodu, volnost a nez\u00e1vislost. Necht\u011bl p\u0159eb\u00edrat zodpov\u011bdnost za velk\u00e9 po\u010dty lid\u00ed. Sotva zvl\u00e1dal br\u00e1t zodpov\u011bdnost s\u00e1m za sebe. A pak\u2026 ta nab\u00eddka, kterou dostal, byla opravdu l\u00e1kav\u00e1.<\/p>\n<p style=\"text-align: justify;\">\u201eJ\u00e1 v\u00edm, Tome, ale\u2026 jde o n\u011bco jin\u00e9ho.\u201c Povzdechl si, a t\u00edm upoutal Tomovu pozornost. \u201eS firmou to nevypad\u00e1 moc dob\u0159e.\u201c<br \/>\n\u201eCo t\u00edm mysl\u00ed\u0161?\u201c Naklonil se v\u00edce ke sv\u00e9mu otci.<br \/>\n\u201eJde o b\u00fdvalou p\u0159\u00edtelkyni Andrease, Miu. Zalo\u017eila si svoji reklamn\u00ed agenturu.\u201c<br \/>\n\u201eNo a?\u201c Rozhodil rukama Tom. N\u011bjak nech\u00e1pal, kam t\u00edm jeho otec m\u00ed\u0159\u00ed.<br \/>\n\u201eJde o to, \u017ee d\u011bl\u00e1me n\u011bjakou kampa\u0148 a zjist\u00edme, \u017ee oni d\u011blaj\u00ed tu stejnou. To sam\u00e9\u2026 m\u00e1me podepsat n\u011bjakou smlouvu s\u00a0n\u011bjakou firmou, a najednou zjist\u00edme, \u017ee oni ji u\u017e podepsali. M\u00e1me tu \u0161peha, krade n\u00e1m informace. Nejde o finan\u010dn\u00ed \u0161kody, ty n\u011bjak p\u0159e\u017eijeme\u2026 Jde o to, \u017ee jsem do t\u00e9hle firmy vlo\u017eil \u010dty\u0159icet let pr\u00e1ce a tohle m\u011b ni\u010d\u00ed.\u201c<br \/>\n\u201eCo na to \u0159\u00edk\u00e1 Andy?\u201c Pozvedl obo\u010d\u00ed Tom. P\u0159eci jen \u0161lo o jeho p\u0159\u00edtelkyni. On ji dob\u0159e znal a taky nejl\u00edp v\u011bd\u011bl, \u010deho v\u0161eho je schopn\u00e1.<br \/>\n\u201eT\u00e9 v\u011bci se \u0161pehem nev\u011b\u0159\u00ed,\u201c m\u00e1vl nad t\u00edm jeho otec rukou a v\u00edce se zabo\u0159il do k\u0159esla.<br \/>\n\u201eA\u2026 co chce\u0161 ode m\u011b?\u201c Pozvedl Tom obo\u010d\u00ed a op\u0159el se lokty o sklen\u011bn\u00fd st\u016fl.<br \/>\n\u201eChci, aby ses o firmu trochu zaj\u00edmal. J\u00e1 jsem toho \u0161peha nena\u0161el, ale\u2026 ty bys mohl.\u201c Zkusil to jeho otec. Tom se zasm\u00e1l a zakroutil hlavou.<br \/>\n\u201eTati\u2026 v\u017edy\u0165 j\u00e1 s\u00a0firmou nem\u00e1m nic spole\u010dn\u00e9ho, star\u00e1 se o ni Andy.\u201c<br \/>\n\u201eAndy,\u201c zopakoval Jorg trochu ho\u0159ce. \u201eAndy tohle nezvl\u00e1dne. Ve financ\u00edch je v\u00fdborn\u00fd, to samoz\u0159ejm\u011b uzn\u00e1v\u00e1m, ale tohle nezvl\u00e1dne. Ty jsi p\u0159ece v\u00a0agentu\u0159e d\u011blal roky.\u201c Nadhodil jeho otec. Tom se op\u0159el v\u00edce do \u017eidle a zakroutil hlavou.<br \/>\n\u201eJo, ale to je u\u017e d\u00e1vno.\u201c<br \/>\n\u201eAle kdy\u017e agenturu p\u0159ed\u00e1m tob\u011b, bude se m\u00edt l\u00edp. Andy tohle prost\u011b nezvl\u00e1dne, to v\u00edm. On tyhle v\u011bci prost\u011b neum\u00ed, nem\u00e1 na to bu\u0148ky jako ty, synu.\u201c Zad\u00edval se do jeho hn\u011bd\u00fdch o\u010d\u00ed a Tom mu pohled op\u011btoval. Jeh otec to s\u00a0n\u00edm um\u011bl, v\u017edycky tomu tak bylo.<\/p>\n<p style=\"text-align: justify;\">\u201eZkus\u00edme naj\u00edt jin\u00e9 \u0159e\u0161en\u00ed, dob\u0159e? Tohle by nebylo v\u016f\u010di Andymu f\u00e9r.\u201c Uzav\u0159el Tom, ale p\u0159istihl se, \u017ee snad nad t\u00edm u\u017e p\u0159em\u00fd\u0161l\u00ed. Pokud by to nebylo v\u00e1\u017en\u00e9, jeho otec by o tomhle neza\u010dal. Nem\u011bl v\u00a0povaze sv\u00e9 syny omezovat, a to platilo dvojn\u00e1sob, pokud \u0161lo o Toma. Znal ho a\u017e p\u0159\u00edli\u0161 dob\u0159e na to, aby se sna\u017eil ho n\u011bkde udr\u017eet. A nikdy by se nesn\u00ed\u017eil k\u00a0n\u011b\u010demu tak podl\u00e9mu, aby hr\u00e1l na city. Byli chlapi a v\u017edycky spolu jednali f\u00e9r.<br \/>\n\u201eDob\u0159e, jen mi slib, \u017ee\u2026 si to je\u0161t\u011b promysl\u00ed\u0161 kv\u016fli mn\u011b, Tome, ano? Te\u010f t\u011b pot\u0159ebuju, chlap\u010de.\u201c<br \/>\n\u201eOkey, promysl\u00edm si to.\u201c P\u0159ik\u00fdvl Tom a usm\u00e1l se.<br \/>\n\u201eTy jsi m\u016fj zlat\u00fd kluk.\u201c Jorg vstal a Tom ho napodobil. Kr\u00e1tce se objali. Na to se ve dve\u0159\u00edch objevila Nancy a usm\u00e1la se.<br \/>\n\u201eVa\u0161e auto je p\u0159ipraven\u00e9, pane Jorgu.\u201c<br \/>\n\u201eD\u00edky Nancy, tak poj\u010f Tome.\u201c Popl\u00e1cal sv\u00e9ho syna po z\u00e1dech a spolu se vydali k\u00a0autu, kter\u00e9 je m\u011blo dopravit do budovy opery.<\/p>\n<p style=\"text-align: justify;\"><strong>autor: Lauinka<br \/>\nbetaread: J. :o)<\/strong><\/p>\n","protected":false},"excerpt":{"rendered":"<p>autor: Lauinka \u201eMysl\u00edm, \u017ee je to dobr\u00fd,\u201c zasm\u00e1l se Andreas, kdy\u017e mu jeho otec p\u0159edv\u00e1d\u011bl oblek, kter\u00fd m\u011bl p\u0159ipraven\u00fd na dne\u0161n\u00ed slavnostn\u00ed ve\u010der. \u201eV\u00fdborn\u00fd.\u201c Zasm\u00e1l se Jorg a popl\u00e1cal sv\u00e9ho syna po z\u00e1dech. \u201eOoo, pane Jorgu, v\u00e1m to ale neskute\u010dn\u011b slu\u0161\u00ed.\u201c Ozval<\/p>\n<p class=\"link-more\"><a class=\"myButt \" href=\"https:\/\/twincestblog.cz\/domains\/twincestblog.cz\/2022\/03\/22\/na-kridlech-albatrosa-2\/\">Read More<\/a><\/p>\n","protected":false},"author":1,"featured_media":79436771,"comment_status":"open","ping_status":"","sticky":false,"template":"","format":"standard","meta":{"_exactmetrics_skip_tracking":false,"_exactmetrics_sitenote_active":false,"_exactmetrics_sitenote_note":"","_exactmetrics_sitenote_category":0,"footnotes":""},"categories":[755],"tags":[],"class_list":["post-79436775","post","type-post","status-publish","format-standard","has-post-thumbnail","hentry","category-na-kridlech-albatrosa-by-lauinka"],"_links":{"self":[{"href":"https:\/\/twincestblog.cz\/domains\/twincestblog.cz\/wp-json\/wp\/v2\/posts\/79436775","targetHints":{"allow":["GET"]}}],"collection":[{"href":"https:\/\/twincestblog.cz\/domains\/twincestblog.cz\/wp-json\/wp\/v2\/posts"}],"about":[{"href":"https:\/\/twincestblog.cz\/domains\/twincestblog.cz\/wp-json\/wp\/v2\/types\/post"}],"author":[{"embeddable":true,"href":"https:\/\/twincestblog.cz\/domains\/twincestblog.cz\/wp-json\/wp\/v2\/users\/1"}],"replies":[{"embeddable":true,"href":"https:\/\/twincestblog.cz\/domains\/twincestblog.cz\/wp-json\/wp\/v2\/comments?post=79436775"}],"version-history":[{"count":1,"href":"https:\/\/twincestblog.cz\/domains\/twincestblog.cz\/wp-json\/wp\/v2\/posts\/79436775\/revisions"}],"predecessor-version":[{"id":79436776,"href":"https:\/\/twincestblog.cz\/domains\/twincestblog.cz\/wp-json\/wp\/v2\/posts\/79436775\/revisions\/79436776"}],"wp:featuredmedia":[{"embeddable":true,"href":"https:\/\/twincestblog.cz\/domains\/twincestblog.cz\/wp-json\/wp\/v2\/media\/79436771"}],"wp:attachment":[{"href":"https:\/\/twincestblog.cz\/domains\/twincestblog.cz\/wp-json\/wp\/v2\/media?parent=79436775"}],"wp:term":[{"taxonomy":"category","embeddable":true,"href":"https:\/\/twincestblog.cz\/domains\/twincestblog.cz\/wp-json\/wp\/v2\/categories?post=79436775"},{"taxonomy":"post_tag","embeddable":true,"href":"https:\/\/twincestblog.cz\/domains\/twincestblog.cz\/wp-json\/wp\/v2\/tags?post=79436775"}],"curies":[{"name":"wp","href":"https:\/\/api.w.org\/{rel}","templated":true}]}}