{"id":8040,"date":"2011-08-16T15:30:00","date_gmt":"2011-08-16T14:30:00","guid":{"rendered":"http:\/\/twincestblog.cz\/?p=8019"},"modified":"2011-08-16T15:30:00","modified_gmt":"2011-08-16T14:30:00","slug":"pubertak-11","status":"publish","type":"post","link":"https:\/\/twincestblog.cz\/domains\/twincestblog.cz\/2011\/08\/16\/pubertak-11\/","title":{"rendered":"Puber\u0165\u00e1k 11."},"content":{"rendered":"<div><\/div>\n<div><strong>autor: Ter\u00fd <\/p>\n<p><\/strong><em>Ahojky\u2026;) I kdy\u017e jste s komentov\u00e1n\u00edm trochu zleniv\u011bli, cht\u011bla bych v\u00e1m moc pod\u011bkovat. A obzvl\u00e1\u0161\u0165 pod\u011bkovat t\u011bm, kte\u0159\u00ed tuhle pov\u00eddku po\u0159\u00e1d komentuj\u00ed. Jsem stra\u0161n\u011b r\u00e1da, \u017ee se v\u00e1m pov\u00eddka l\u00edb\u00ed. V\u017edycky kdy\u017e si p\u0159e\u010dtu ty kr\u00e1sn\u00fd koment\u00e1\u0159e od v\u00e1s, tak m\u00e1m hned chu\u0165 ps\u00e1t dal\u0161\u00ed d\u00edl. Douf\u00e1m, \u017ee v\u00e1s ta pov\u00eddka neomrzela, nebo neomrz\u00ed :). Je\u0161t\u011b jednou v\u00e1m moc d\u011bkuju. Ter\u00fd <\/p>\n<p><img loading=\"lazy\" decoding=\"async\" width=\"629\" height=\"401\" style=\"display:block;margin-left:auto;margin-right:auto\" src=\"http:\/\/twincestblog.cz\/wp-content\/uploads\/cce164c6ec_76541734_o2.jpg\" alt=\"\" \/><\/p>\n<p><\/em>Bill:  <\/p>\n<p>Probud\u00edm se na sv\u00e9 posteli. Rozhl\u00e9dnu se. Asi jsem trochu usnul, kdy\u017e jsme tu byli s Tomem. Byl to kr\u00e1sn\u00fd den. On hr\u00e1l na kytaru, j\u00e1 zp\u00edval, a potom jsme si spole\u010dn\u011b lehli do m\u00e9 postele, m\u011bl tu p\u0159estat, ale po\u010dkat. Kde je? Vylet\u00edm a b\u011b\u017e\u00edm se pod\u00edvat do koupelny, ale tam nen\u00ed. Co kdy\u017e<em>? N\u00e9, to ne. To nem\u016f\u017ee\u2026<\/em> B\u011b\u017e\u00edm ke sk\u0159\u00edni a otev\u0159u ji. Kytara, kterou m\u011bl m\u00edt v\u010dera Tom, je na sv\u00e9m m\u00edst\u011b. Nevypad\u00e1, \u017ee by ji n\u011bkdo pou\u017e\u00edval. Bo\u017ee, to ne. On\u2026 On to byl jen sen? Ale, v\u017edy\u0165 to bylo tak \u017eiv\u00e9. Nechci, aby to byl jen sen. <\/p>\n<p>Se sklopenou hlavou jdu po schodech dol\u016f a p\u0159em\u00fd\u0161l\u00edm nad t\u00edm v\u0161\u00edm. Nemohl to b\u00fdt p\u0159eci jen sen. Bylo to tak \u017eiv\u00e9. Tak kr\u00e1sn\u00e9. M\u011bl jsem radost, \u017ee mi tu n\u011bkdo rozum\u00ed a ono tohle? Je mi do breku. Tohle jsem ne\u010dekal. <\/p>\n<p>Vejdu do kuchyn\u011b a vynd\u00e1m si z ledni\u010dky vodku. V\u00edm, \u017ee bych nem\u011bl, ale pot\u0159ebuju to n\u011bjak str\u00e1vit. Ani teta tu nen\u00ed, to je divn\u00e9, v\u017edycky tu r\u00e1no je, a te\u010f ne? Asi n\u011bkam musela nebo je\u0161t\u011b sp\u00ed. Mus\u00ed si p\u0159eci n\u011bkdy p\u0159ispat. Po\u0159\u00e1d mus\u00edm p\u0159em\u00fd\u0161let nad t\u00edm snem. Povzdechnu si. <\/div>\n<hr \/>\n<div><\/div>\n<div>&#8222;Ty u\u017e jsi vzh\u016fru ty ospalo jo? A co ta vodka? Ale, polo\u017e to,&#8220; sly\u0161\u00edm za sebou a za t\u00edm n\u00e1sleduje sm\u00edch. S nad\u011bj\u00ed se oto\u010d\u00edm a o\u010di se mi rozsv\u00edt\u00ed radost\u00ed.<\/div>\n<div>&#8222;Tome? Tome, tak\u017ee to nebyl jen sen,&#8220; usm\u011bju se a Toma obejmu. Chv\u00edli se na m\u011b d\u00edv\u00e1 a pozvednut\u00fdm obo\u010d\u00edm, a pak se mu \u00fasta roz\u0161\u00ed\u0159\u00ed do \u0161irok\u00e9ho \u00fasm\u011bvu.<\/div>\n<div>&#8222;A co by m\u011bl b\u00fdt jen sen? Jako j\u00e1?&#8220; zasm\u011bje se a pod\u00edv\u00e1 se na m\u011b s pobaven\u00fdm v\u00fdrazem<\/div>\n<div>&#8222;No, myslel jsem si, \u017ee to byl jen kr\u00e1sn\u00fd sen, ale jsem r\u00e1d, \u017ee to nebyl sen, ale skute\u010dnost.&#8220;<\/div>\n<div>&#8222;To j\u00e1 taky,&#8220; mrkne na m\u011b. &#8222;Jo a m\u00e1m vzk\u00e1zat od tv\u00fd tety, \u017ee jela n\u011bco koupit,&#8220; usm\u011bje se. P\u0159ik\u00fdvnu a usm\u011bju se. Jsem tak \u0161\u0165astn\u00fd, \u017ee to nebyl sen. <\/p>\n<p><\/div>\n<div style=\"text-align:center\">&#8222;O t\u00fdden pozd\u011bji.&#8220; <\/div>\n<div>\n<p>Nikdy jsem nev\u011b\u0159il tomu, \u017ee bych mohl m\u00edt tak dobr\u00fdho kamar\u00e1da, jako je Tom. Tak moc si rozum\u00edme a je na m\u011b tak hodnej. Nen\u00ed  jako ty debilov\u00e9 ze t\u0159\u00eddy, kte\u0159\u00ed toho posm\u00edv\u00e1n\u00ed u\u017e  asi nenechaj\u00ed. A obzvl\u00e1\u0161\u0165 Andy. K tomu nem\u00e1m slov. Mysl\u00edm, \u017ee kdyby se necht\u011bl p\u0159ed v\u0161ema vytahovat, jak\u00fd je king, tak by byl i docela v pohod\u011b. I kdy\u017e, asi bych se s n\u00edm nebavil, ani kdyby se p\u0159estal chovat jak debil. Co\u017e mysl\u00edm, \u017ee je i tak v nedohlednu. Takovej idiot, jako je on, se vid\u00ed m\u00e1lokdy. <\/p>\n<p>Nikdy bych ne\u0159ekl, \u017ee tu budu m\u00edt dva tak super kamar\u00e1dy, a je\u0161t\u011b k tomu sourozence. Ter\u00fd je super holka a m\u00e1m ji r\u00e1d, ale Toma m\u00e1m rad\u0161i. Nev\u00edm pro\u010d. D\u0159\u00edve jsem ho nen\u00e1vid\u011bl, ani nev\u00edm pro\u010d, ale te\u010f? Je to jin\u00fd. V\u0161echno je \u00fapln\u011b jinak. T\u00e1ta se za cel\u00fd t\u00fdden v\u016fbec neozval. N\u00e9, \u017ee by mi to vadilo, ale je to tak v\u017edycky. <\/p>\n<p>Mo\u017en\u00e1 u\u017e v\u00edm, co byl ten pocit. Ten divn\u00fd pocit v podb\u0159i\u0161ku. Mysl\u00edm, \u017ee jsem se do Toma zamiloval, ale to. To je blbost. Nem\u016f\u017eu ho milovat, je to p\u0159eci kamar\u00e1d. Ale je mi s n\u00edm v\u017edycky tak kr\u00e1sn\u011b.  <\/p>\n<p>&#8222;Ahoj Bille,&#8220; vytrhne m\u011b z p\u0159em\u00fd\u0161len\u00ed Tom\u016fv hlas.<\/div>\n<div>&#8222;Ahoj.&#8220;<\/div>\n<div>&#8222;Nad \u010d\u00edm p\u0159em\u00fd\u0161l\u00ed\u0161? Tedy jestli to nen\u00ed tajn\u00fd. Stoj\u00edm tu u\u017e n\u011bjakou chv\u00edli a ty sis m\u011b nev\u0161iml,&#8220; zasm\u011bje se. M\u00e1 pravdu. Opravdu jsem si ho nev\u0161iml. Ale mo\u017en\u00e1 to bylo tak\u00e9 t\u00edm, \u017ee ve \u0161kole se sna\u017e\u00edm nev\u0161\u00edmat v\u0161ech. Dokonce i u\u010ditelek. V\u0161ude strkaj\u00ed ten sv\u016fj dlouhej nos. Jsou te\u010f posledn\u00ed dobou opravdu divn\u00fd. V\u0161echno hrozn\u011b kontrolujou. Mysl\u00edm, \u017ee i kdybych si nachcal do fla\u0161ky, tak by to cht\u011bly ochutnat, jestli to n\u00e1hodou nen\u00ed chlast. Jsou te\u010f opravdu nesnesiteln\u00fd. <\/p>\n<p>&#8222;Hal\u00f3? Bille? Poslouch\u00e1\u0161 m\u011b?&#8220; znovu m\u011b vytrhne hlas Toma.<\/div>\n<div>&#8222;Jo, promi\u0148, byl jsem zamy\u0161len\u00fd. P\u0159em\u00fd\u0161lel jsem tak n\u011bjak o v\u0161em. O v\u0161em, co se te\u010f posledn\u00ed dobou d\u011blo, o tom, jak jsem poznal tebe a tak,&#8220; zacul\u00edm se. <\/p>\n<p>Tom: <\/p>\n<p>Jeliko\u017e jsme za\u010dali od znova, tak bereme, \u017ee se zn\u00e1me opravdu jen ten t\u00fdden, a to, co bylo p\u0159ed t\u00edm jsme \u00fapln\u011b vypustili. A je to dob\u0159e. Jsem r\u00e1d, \u017ee u\u017e na sebe ne\u0159veme a ned\u011bl\u00e1me si naschv\u00e1ly. Mysl\u00edm, \u017ee i on je r\u00e1d, \u017ee jsme kamar\u00e1di. Nikdy jsem nem\u011bl lep\u0161\u00edho kamar\u00e1da. M\u00e1m ho r\u00e1d a nikdy bych o n\u011bj necht\u011bl p\u0159ij\u00edt. Mysl\u00edm, \u017ee nebude m\u00edt radost z toho, co se mu chyst\u00e1m \u0159\u00edct. <\/p>\n<p>&#8222;Aha. Bille? Pot\u0159ebuji ti n\u011bco \u0159\u00edct. T\u00e1ta jede na m\u011bs\u00edc do Ameriky do L. A. Nev\u00edm, co tam chce d\u011blat, ale je to slu\u017eebn\u011b. &#8218;Prej&#8216;. No a chce, abych tam jel s n\u00edm, tak\u017ee se m\u011bs\u00edc neuvid\u00edme.&#8220;  <\/p>\n<p>V\u00edm, \u017ee se mu to nebude l\u00edbit. Od t\u00e9 doby, co jsme se spolu za\u010dali bavit, tak jsme spolu byli ka\u017ed\u00fd den, a te\u010f od sebe budeme m\u011bs\u00edc. Bude mi chyb\u011bt, ale abych \u0159ekl pravdu, tak se do L. A. i t\u011b\u0161\u00edm. V\u017edycky jsem se cht\u011bl pod\u00e1vat do Ameriky, a kone\u010dn\u011b se mi to vypln\u00ed. Ale budou mi chyb\u011bt lidi tady. P\u0159edev\u0161\u00edm Bill a Ter\u00fd. Ale tak\u00e9 Danny. Ale bude to jen m\u011bs\u00edc a za m\u011bs\u00edc se zase vr\u00e1t\u00edm a budu jim to moct vynahradit. <\/p>\n<p>&#8222;Co\u017ee? Na tak dlouho?&#8220; sklon\u00ed hlavu a j\u00e1 p\u0159ik\u00fdvnu. B\u011bhem chvilky m\u011b obejme.<\/div>\n<div>&#8222;Bude\u0161 mi chyb\u011bt a budu se stra\u0161n\u011b t\u011b\u0161it, a\u017e mi zase p\u0159ijede\u0161.&#8220; <\/div>\n<div>&#8222;J\u00e1 taky,&#8220; tak\u00e9 ho obejmu a usm\u011bju se. N\u011bjak mi p\u0159irostl k srdci.<\/div>\n<div>&#8222;A kdy odj\u00ed\u017ed\u00ed\u0161?&#8220; <\/div>\n<div>&#8222;No\u2026 U\u017e z\u00edtra.&#8220;<\/div>\n<div>&#8222;U\u017e? A co \u0161kola?&#8220;<\/div>\n<div>&#8222;Ve \u0161kole u\u017e je v\u0161echno domluven\u00e9. Nemus\u00edm chodit ten posledn\u00ed m\u011bs\u00edc do \u0161koly. A a\u017e p\u0159ijedu, tak si u\u017eijeme pr\u00e1zdniny,&#8220; mrknu na n\u011bj. P\u0159ik\u00fdvne. Najednou sly\u0161\u00edm ten hnusn\u00fd zvuk, oznamuj\u00edc\u00ed, \u017ee za\u010d\u00edn\u00e1 hodina. Jak j\u00e1 tohle nen\u00e1vid\u00edm. <\/p>\n<p>Bill: <\/p>\n<p>Proto\u010d\u00edm o\u010di, kdy\u017e p\u0159ijde do t\u0159\u00eddy u\u010ditelka a pod\u00edv\u00e1 se na m\u011b. Asi jsem zase n\u011bco provedl.<\/div>\n<div>&#8222;Kaulitz! Do \u0159editelny a okam\u017eit\u011b!&#8220; zak\u0159i\u010d\u00ed, a\u017e mi skoro prasknou bub\u00ednky.<\/div>\n<div>&#8222;Kolikr\u00e1t v\u00e1m m\u00e1m \u0159\u00edkat, \u017ee m\u00e1m jm\u00e9no? V\u00e1m norm\u00e1ln\u011b koupim naslouchadla, abyste mi kone\u010dn\u011b p\u0159estala \u0159\u00edkat p\u0159\u00edjmen\u00edm. No, i kdy\u017e, oni by v\u00e1m nepomohly ani ty naslouchadla, proto\u017ee to u\u017e je va\u0161\u00edm vymyt\u00fdm mozkem a n\u00e9 u\u0161ima.&#8220;<\/div>\n<div>&#8222;Okam\u017eit\u011b vypadni do \u0159editelny. A nebu\u010f drzej. Nebo si sem p\u0159izvu tvou tetu!&#8220;<\/div>\n<div>&#8222;Mn\u011b je up\u0159\u00edmn\u011b u prdele, jestli si sem pozvete tetu nebo ne,&#8220; za\u0161kleb\u00edm se.<\/div>\n<div>&#8222;Jo, tak tob\u011b je to jedno. Tak\u017ee si sem pozvu rovnou tat\u00ednka.&#8220;<\/div>\n<div>&#8222;Prej tat\u00ednka,&#8220; zasm\u011bju se. &#8222;Fotr sem ur\u010dit\u011b nepojede a\u017e z Ameriky, abyste se mu mohla vyplakat na rameni.&#8220;<\/div>\n<div>&#8222;Vypadni u\u017e!&#8220; zaje\u010d\u00ed jak sir\u00e9na. Vezmu si sv\u00e9 v\u011bci, a kdy\u017e odch\u00e1z\u00edm, tak si u dve\u0159\u00ed neodpust\u00edm pozn\u00e1mku. &#8222;Sir\u00e9no!&#8220; a opust\u00edm t\u0159\u00eddu.  <\/p>\n<p>Kdy\u017e jdu po chodb\u011b, tak p\u0159em\u00fd\u0161l\u00edm, co jsem mohl ud\u011blat, ale nic m\u011b nenapad\u00e1. Te\u010f opravdu nev\u00edm, co jsem ud\u011blal.  <\/p>\n<p>Sednu si p\u0159ed \u0159editelnu a \u010dek\u00e1m, ne\u017e si m\u011b zavol\u00e1. Vedle m\u011b sed\u00ed je\u0161t\u011b jeden kluk. Nikdy jsem ho tu nevid\u011bl. Mo\u017en\u00e1 bude z vy\u0161\u0161\u00edch ro\u010dn\u00edk\u016f. No, jsem si t\u00edm jist\u00fd, proto\u017ee je na n\u011bm vid\u011bt, \u017ee je star\u0161\u00ed.<\/div>\n<div>&#8222;A za co jsi tu ty?&#8220; zept\u00e1m se ho. Chv\u00edli mi neodpov\u00edd\u00e1 a potom se na m\u011b pod\u00edv\u00e1. Z jeho pohledu m\u00e1m docela strach. Mysl\u00edm, \u017ee to nebude slu\u0161n\u00fd kluk. B\u016fh v\u00ed, v \u010dem jede. Kdyby v ni\u010dem nejel, tak bych se docela divil, proto\u017ee tak opravdu vypad\u00e1. Jde z n\u011bj docela strach. Mo\u017en\u00e1 jsem se nem\u011bl pt\u00e1t.<\/div>\n<div>&#8222;Podp\u00e1lil jsem u\u010ditelce sukni. Ale nem\u016f\u017eou mi to nijak dok\u00e1zat, \u017ee jsem to byl j\u00e1, tak\u017ee je to v cajku,&#8220; zasm\u011bje se. Jak jsem \u0159\u00edkal. Odhadl jsem ho docela dob\u0159e. &#8222;A ty jsi tu za co?&#8220; pokra\u010duje. <\/p>\n<p>&#8222;J\u00e1 nev\u00edm. Nikdo mi nic ne\u0159ekl, a \u017ee bych n\u011bco ud\u011blal, o tom nev\u00edm,&#8220; pokr\u010d\u00edm rameny.<\/div>\n<div>&#8222;Jo to se taky st\u00e1v\u00e1. Hlavn\u011b mus\u00ed\u0161 zap\u00edrat, jinak t\u011b vykopnou, a to je potom na hovno,&#8220; zasm\u011bje se. &#8222;Nejsi ty n\u00e1hodou Bill? Sly\u0161el jsem o tob\u011b. U\u010ditelky jsou z tebe na v\u011btvi. Ob\u010das sly\u0161\u00edm, jak se o tob\u011b bav\u00ed a jsou to docela zaj\u00edmav\u00fd rozhovory,&#8220; zasm\u011bje se.<\/div>\n<div>&#8222;Jo, jsem Bill,&#8220; zasm\u011bju se. &#8222;Kdyby nem\u011bly hlavu na baterky, tak by si nezt\u011b\u017eovaly, jen\u017ee ony jsou n\u011bkdy fakt jak bez mozku.&#8220;<\/div>\n<div>&#8222;Jo to jsou. Hele, nechce\u0161 n\u011bkdy zaj\u00edt ven se mnou a s k\u00e1mo\u0161ema? Mysl\u00edm, \u017ee by sis s n\u00e1mi rozum\u011bl,&#8220; mrkne na m\u011b.<\/div>\n<div>&#8222;Jo r\u00e1d,&#8220; usm\u011bju se. Mo\u017en\u00e1 d\u011bl\u00e1m chybu, ale zat\u00edm vypad\u00e1, \u017ee je v pohod\u011b, i kdy\u017e je to asi po\u0159\u00e1dn\u00fd \u010d\u00edslo. Alespo\u0148 tu budu m\u00edt v\u00edc kamar\u00e1d\u016f.<\/div>\n<div>&#8222;Tak p\u0159ij\u010f za dva dny do star\u00fd pek\u00e1rny. Je to rozpadlej bar\u00e1k. D\u00e1v\u00e1me tam spicha v\u017edycky, tak tam p\u0159ij\u010f. V\u00ed\u0161, kde to je, ne?&#8220;<\/div>\n<div>&#8222;Jo, jasn\u011b, v\u00edm. S dvouletou pauzou tu bydl\u00edm od narozen\u00ed,&#8220; mrknu na n\u011bj.<\/div>\n<div>&#8222;Tak ok. Budu se t\u011b\u0161it. J\u00e1 jdu, nebudu tu \u010dekat, a\u017e se \u0159\u00ed\u010fa vyprdel\u00ed, tak zat\u00edm zd\u00e1r.&#8220;<\/div>\n<div>&#8222;\u010cau.&#8220; <\/p>\n<p>No mo\u017en\u00e1 jsem ud\u011blal chybu, ale docela se t\u011b\u0161\u00edm. Kone\u010dn\u011b pozn\u00e1m nov\u00fd lidi. <a name=\"0.1__GoBack\"><\/a> <\/p>\n<p><strong>autor: Ter\u00fd<\/strong><\/div>\n<div><strong>betaread: Janule<\/strong><\/div>\n","protected":false},"excerpt":{"rendered":"<p>autor: Ter\u00fd Ahojky\u2026;) I kdy\u017e jste s komentov\u00e1n\u00edm trochu zleniv\u011bli, cht\u011bla bych v\u00e1m moc pod\u011bkovat. A obzvl\u00e1\u0161\u0165 pod\u011bkovat t\u011bm, kte\u0159\u00ed tuhle pov\u00eddku po\u0159\u00e1d komentuj\u00ed. Jsem stra\u0161n\u011b r\u00e1da, \u017ee se v\u00e1m pov\u00eddka l\u00edb\u00ed. V\u017edycky kdy\u017e si p\u0159e\u010dtu ty kr\u00e1sn\u00fd koment\u00e1\u0159e od v\u00e1s, tak<\/p>\n<p class=\"link-more\"><a class=\"myButt \" href=\"https:\/\/twincestblog.cz\/domains\/twincestblog.cz\/2011\/08\/16\/pubertak-11\/\">Read More<\/a><\/p>\n","protected":false},"author":1,"featured_media":0,"comment_status":"open","ping_status":"open","sticky":false,"template":"","format":"standard","meta":{"_exactmetrics_skip_tracking":false,"_exactmetrics_sitenote_active":false,"_exactmetrics_sitenote_note":"","_exactmetrics_sitenote_category":0,"footnotes":""},"categories":[437],"tags":[],"class_list":["post-8040","post","type-post","status-publish","format-standard","hentry","category-pubertak"],"_links":{"self":[{"href":"https:\/\/twincestblog.cz\/domains\/twincestblog.cz\/wp-json\/wp\/v2\/posts\/8040","targetHints":{"allow":["GET"]}}],"collection":[{"href":"https:\/\/twincestblog.cz\/domains\/twincestblog.cz\/wp-json\/wp\/v2\/posts"}],"about":[{"href":"https:\/\/twincestblog.cz\/domains\/twincestblog.cz\/wp-json\/wp\/v2\/types\/post"}],"author":[{"embeddable":true,"href":"https:\/\/twincestblog.cz\/domains\/twincestblog.cz\/wp-json\/wp\/v2\/users\/1"}],"replies":[{"embeddable":true,"href":"https:\/\/twincestblog.cz\/domains\/twincestblog.cz\/wp-json\/wp\/v2\/comments?post=8040"}],"version-history":[{"count":0,"href":"https:\/\/twincestblog.cz\/domains\/twincestblog.cz\/wp-json\/wp\/v2\/posts\/8040\/revisions"}],"wp:attachment":[{"href":"https:\/\/twincestblog.cz\/domains\/twincestblog.cz\/wp-json\/wp\/v2\/media?parent=8040"}],"wp:term":[{"taxonomy":"category","embeddable":true,"href":"https:\/\/twincestblog.cz\/domains\/twincestblog.cz\/wp-json\/wp\/v2\/categories?post=8040"},{"taxonomy":"post_tag","embeddable":true,"href":"https:\/\/twincestblog.cz\/domains\/twincestblog.cz\/wp-json\/wp\/v2\/tags?post=8040"}],"curies":[{"name":"wp","href":"https:\/\/api.w.org\/{rel}","templated":true}]}}