{"id":8281,"date":"2011-07-08T16:00:00","date_gmt":"2011-07-08T15:00:00","guid":{"rendered":"http:\/\/twincestblog.cz\/?p=8260"},"modified":"2011-07-08T16:00:00","modified_gmt":"2011-07-08T15:00:00","slug":"terracot-and-the-cats-29-31","status":"publish","type":"post","link":"https:\/\/twincestblog.cz\/domains\/twincestblog.cz\/2011\/07\/08\/terracot-and-the-cats-29-31\/","title":{"rendered":"Terracot and the Cats 29 &#8211; 31"},"content":{"rendered":"<div><strong>autor: Allegator<\/strong><\/div>\n<div><strong>p\u0159eklad: Iw\u010da<\/strong><\/div>\n<div><\/div>\n<div><strong>Vzakz od autorky pro v\u00e1s:<\/strong><\/div>\n<div><strong><em>Chci \u0159\u00edct, \u017ee jsem v\u017edycky snila o tom, nav\u0161t\u00edvit va\u0161i zemi. \ud83d\ude42 M\u016fj strejda tam se svoj\u00ed rodinou \u017eil asi p\u011bt let \ud83d\ude42<\/em><\/strong><\/div>\n<div><strong><em>V\u0161em sv\u00fdm fanou\u0161k\u016fm p\u0159eju dobrou n\u00e1ladu, hodn\u011b p\u0159\u00e1tel a aby dos\u00e1hli sv\u00fdch c\u00edl\u016f!<\/em><\/strong><\/div>\n<div><strong><em>V\u017edy z\u016fsta\u0148te pozitivn\u00ed!<\/em> <\/strong><\/div>\n<div style=\"display:inline !important\"><strong><em>Allegator<\/em><\/strong><\/div>\n<div><\/div>\n<div><img decoding=\"async\" title=\"29\" alt=\"\" class=\"center\" src=\"http:\/\/twincestblog.cz\/wp-content\/uploads\/90c229cda1_77410836_o2.jpg\" \/><\/div>\n<div><\/div>\n<hr \/>\n<div><\/div>\n<div><\/div>\n<div><img decoding=\"async\" title=\"30\" alt=\"\" class=\"center\" src=\"http:\/\/twincestblog.cz\/wp-content\/uploads\/17941a7dc9_77410862_o2.jpg\" \/><\/div>\n<div><\/div>\n<div><\/div>\n<div><img decoding=\"async\" title=\"31\" alt=\"\" class=\"center\" src=\"http:\/\/twincestblog.cz\/wp-content\/uploads\/496a5784af_77410874_o2.jpg\" \/><\/div>\n","protected":false},"excerpt":{"rendered":"<p>autor: Allegator p\u0159eklad: Iw\u010da Vzakz od autorky pro v\u00e1s: Chci \u0159\u00edct, \u017ee jsem v\u017edycky snila o tom, nav\u0161t\u00edvit va\u0161i zemi. \ud83d\ude42 M\u016fj strejda tam se svoj\u00ed rodinou \u017eil asi p\u011bt let \ud83d\ude42 V\u0161em sv\u00fdm fanou\u0161k\u016fm p\u0159eju dobrou n\u00e1ladu, hodn\u011b p\u0159\u00e1tel a aby<\/p>\n<p class=\"link-more\"><a class=\"myButt \" href=\"https:\/\/twincestblog.cz\/domains\/twincestblog.cz\/2011\/07\/08\/terracot-and-the-cats-29-31\/\">Read More<\/a><\/p>\n","protected":false},"author":1,"featured_media":0,"comment_status":"open","ping_status":"open","sticky":false,"template":"","format":"standard","meta":{"_exactmetrics_skip_tracking":false,"_exactmetrics_sitenote_active":false,"_exactmetrics_sitenote_note":"","_exactmetrics_sitenote_category":0,"footnotes":""},"categories":[417],"tags":[],"class_list":["post-8281","post","type-post","status-publish","format-standard","hentry","category-terracot-and-the-cats"],"_links":{"self":[{"href":"https:\/\/twincestblog.cz\/domains\/twincestblog.cz\/wp-json\/wp\/v2\/posts\/8281","targetHints":{"allow":["GET"]}}],"collection":[{"href":"https:\/\/twincestblog.cz\/domains\/twincestblog.cz\/wp-json\/wp\/v2\/posts"}],"about":[{"href":"https:\/\/twincestblog.cz\/domains\/twincestblog.cz\/wp-json\/wp\/v2\/types\/post"}],"author":[{"embeddable":true,"href":"https:\/\/twincestblog.cz\/domains\/twincestblog.cz\/wp-json\/wp\/v2\/users\/1"}],"replies":[{"embeddable":true,"href":"https:\/\/twincestblog.cz\/domains\/twincestblog.cz\/wp-json\/wp\/v2\/comments?post=8281"}],"version-history":[{"count":0,"href":"https:\/\/twincestblog.cz\/domains\/twincestblog.cz\/wp-json\/wp\/v2\/posts\/8281\/revisions"}],"wp:attachment":[{"href":"https:\/\/twincestblog.cz\/domains\/twincestblog.cz\/wp-json\/wp\/v2\/media?parent=8281"}],"wp:term":[{"taxonomy":"category","embeddable":true,"href":"https:\/\/twincestblog.cz\/domains\/twincestblog.cz\/wp-json\/wp\/v2\/categories?post=8281"},{"taxonomy":"post_tag","embeddable":true,"href":"https:\/\/twincestblog.cz\/domains\/twincestblog.cz\/wp-json\/wp\/v2\/tags?post=8281"}],"curies":[{"name":"wp","href":"https:\/\/api.w.org\/{rel}","templated":true}]}}