{"id":8296,"date":"2011-07-06T17:00:00","date_gmt":"2011-07-06T16:00:00","guid":{"rendered":"http:\/\/twincestblog.cz\/?p=8275"},"modified":"2011-07-06T17:00:00","modified_gmt":"2011-07-06T16:00:00","slug":"pamatujes","status":"publish","type":"post","link":"https:\/\/twincestblog.cz\/domains\/twincestblog.cz\/2011\/07\/06\/pamatujes\/","title":{"rendered":"Pamatuje\u0161&#8230;?"},"content":{"rendered":"<div><strong>autor: Sandra Tr\u00fcmper<\/strong><\/p>\n<\/div>\n<div><em>Kdy\u017e  jsme se narodili, nikdo si nemyslel, \u017ee bychom mohli p\u0159e\u017e\u00edt. Nebo alespo\u0148 ne d\u00e9le ne\u017e t\u00fdden.<\/em><\/div>\n<div><em>Pamatuje\u0161  na to, co n\u00e1m m\u00e1ma v\u017edycky vypr\u00e1v\u011bla, kdy\u017e  jsme byli nemocn\u00ed? Narodili jsme se docela mali\u010dc\u00ed, na za\u010d\u00e1tku osm\u00e9ho m\u011bs\u00edce. Dokto\u0159i n\u00e1m p\u0159edpov\u00eddali prakticky okam\u017eitou smrt. Po t\u0159ech dnech se divili, \u017ee st\u00e1le \u017eijeme. Za\u010dali uva\u017eovat o tom, \u017ee to mo\u017en\u00e1 zvl\u00e1dneme, mo\u017en\u00e1 p\u0159e\u017eijeme.<\/em><\/p>\n<\/div>\n<div><em>A pak, kdy\u017e  jsme byli star\u0161\u00ed, mamka n\u00e1m  \u0159ekla, \u017ee to tak docela nebyla pravda. Ty jsi m\u011bl nad\u011bji na \u017eivot u\u017e od sam\u00e9ho za\u010d\u00e1tku. To mn\u011b p\u0159edpov\u00eddali smrt. Ale j\u00e1 jsem po\u0159\u00e1d tady. V\u00ed\u0161 pro\u010d? Proto\u017ee bych s\u00e1m odej\u00edt nedok\u00e1zal. Pot\u0159eboval jsem tebe k \u017eivotu&#8230; A snad jsem i v\u011bd\u011bl, \u017ee ty pot\u0159ebuje\u0161 m\u011b.<\/em><\/p>\n<\/div>\n<div><em>Oslava na\u0161eho prvn\u00edho roku. Mamka tenkr\u00e1t po\u0159\u00eddila nepo\u010d\u00edtan\u011b fotek. A na v\u0161ech je zd\u00e1nliv\u011b stejn\u00e9 miminko. Jen na p\u00e1r z nich jsme oba. Dala n\u00e1m tenkr\u00e1t ka\u017ed\u00e9mu dort. A jeden z nich skon\u010dil na tom zbrusu nov\u00e9m koberci. Je\u0161t\u011b te\u010f je tam flek schovan\u00fd pod stolkem. Mamka ho odm\u00edtla vyhodit, p\u0159esto\u017ee jsme j\u00ed n\u011bkolikr\u00e1t nab\u00edzeli, \u017ee j\u00ed koup\u00edme nov\u00fd, lep\u0161\u00ed. V\u00ed\u0161 co? Mo\u017en\u00e1 ji ch\u00e1pu. Kdybych m\u011bl koberec, na kter\u00fd jsme vykydli dort p\u0159i na\u0161ich prvn\u00edch narozenin\u00e1ch, taky bych si ho nechal.<\/em><\/p>\n<\/div>\n<div><em>M\u00e1me z nich jednu fotku. D\u00e1v\u00e1me si tam pusu. Na\u0161i prvn\u00ed  narozeninovou.<\/em><\/div>\n<div><em>Pamatuje\u0161  si na to, jak n\u00e1m s n\u00ed m\u00e1ma o ka\u017ed\u00fdch narozenin\u00e1ch \u0161ermovala p\u0159ed o\u010dima a t\u00e9m\u011b\u0159 poka\u017ed\u00e9 trvala na tom, \u017ee si tak\u00e9 mus\u00edme d\u00e1t pusu? A\u017e po na\u0161ich osm\u00fdch narozenin\u00e1ch j\u00ed sta\u010dila jen ta na tv\u00e1\u0159&#8230;<\/em><\/p>\n<\/div>\n<div><em>Pamatuje\u0161  na ten den, kdy od n\u00e1s ode\u0161el t\u00e1ta? K\u0159i\u010del na m\u00e1mu a ona na n\u011bj. Ne\u0161lo to p\u0159eslechnout ani p\u0159es vrstvu pol\u0161t\u00e1\u0159\u016f, kterou jsem si tenkr\u00e1t nahrnul na hlavu, abych to nesly\u0161el. Nepom\u00e1halo to, nic nezab\u00edralo. A ty jsi ud\u011blal tu v\u011bc, kter\u00e1 mi mo\u017en\u00e1 zm\u011bnila \u017eivot. Nebo to tak bylo u\u017e d\u0159\u00edv? Kdo v\u00ed?<\/em><\/div>\n<div><em>P\u0159it\u00e1hl sis m\u011b  k sob\u011b do kl\u00edna, vzal m\u011b do n\u00e1ru\u010de a \u0161eptal mi do ucha uklid\u0148uj\u00edc\u00ed slova. Bylo n\u00e1m teprve \u0161est, ale p\u0159esto jsem u\u017e tenkr\u00e1t c\u00edtil, jak se ve tv\u00fdch tepl\u00fdch rukou uklid\u0148uji. C\u00edtil jsem, \u017ee tv\u00e1 tich\u00e1 slova p\u0159ehlu\u0161uj\u00ed v\u0161echny k\u0159iky prost\u011b jen proto, \u017ee jsou tv\u00e1.<\/em><\/div>\n<hr \/>\n<div><em>Pamatuje\u0161  na ten den, kdy jsme podepsali smlouvu? Bylo n\u00e1m sotva patn\u00e1ct, nev\u011bd\u011bli jsme o sv\u011bt\u011b absolutn\u011b  nic. V\u00edm, \u017ee je\u0161t\u011b ten ve\u010der jsme si spolu lehli do postele a snili jsme o tom, co v\u0161echno si budeme moct dovolit, a\u017e  budeme slavn\u00ed a bohat\u00ed.<\/em><\/div>\n<div><em>Tenkr\u00e1t jsem usnul a tak\u00e9 se probudil ve tv\u00e9m objet\u00ed. Poprv\u00e9. Proto\u017ee do t\u00e9 doby jsme m\u011bli postele rozd\u011blen\u00e9. Ale j\u00e1 pak u\u017e necht\u011bl sp\u00e1t jinak. Postel se mi zd\u00e1la moc velk\u00e1, moc pr\u00e1zdn\u00e1, kdy\u017e jsem v n\u00ed byl s\u00e1m. A bylo p\u0159ece tak jednoduch\u00e9 ud\u011blat t\u011bch p\u00e1r krok\u016f k tob\u011b do pokoje!<\/em><\/p>\n<\/div>\n<div><em>Pamatuje\u0161  si na na\u0161e sedmn\u00e1ctiny? Bylo to poprv\u00e9, co jsem ti \u0159ekl ta dv\u011b slova.<\/em><\/div>\n<div><em>A pamatuje\u0161  si na\u0161e osmn\u00e1ctiny? To bylo poprv\u00e9, co jsi je \u0159ekl ty mn\u011b.<\/em><\/div>\n<div><em>P\u0159esto\u017ee mezi t\u00edm byl rok prodlevy, j\u00e1 si byl jist\u00fd  tv\u00fdmi city. Choval ses ke mn\u011b  tak hezky! Vlastn\u011b&#8230; ne. Choval ses ke mn\u011b stejn\u011b jako cel\u00e9 roky p\u0159ed t\u00edm. Ale co bych mohl cht\u00edt v\u00edc? Tvoje h\u0159ejiv\u00e1 n\u00e1ru\u010d, v\u017edycky p\u0159ipraven\u00e1 pro m\u011b. Tv\u00e9 \u00fasm\u011bvy, p\u0159ipraven\u00e9 podr\u017eet m\u011b v t\u011bch nejt\u011b\u017e\u0161\u00edch chv\u00edl\u00edch. Tv\u00e9 letm\u00e9, n\u011b\u017en\u00e9 doteky v t\u011bch chv\u00edl\u00edch, kdy jsem byl nejv\u00edc vystresovan\u00fd, ale sna\u017eil jsem se to ned\u00e1vat na sob\u011b zn\u00e1t. Tvoje p\u00e9\u010de, dlouho p\u0159ed i po operaci. Prakticky jsem neud\u011blal jedin\u00fd pohyb bez tv\u00e9ho dozoru. Dob\u00edral jsem si t\u011b za to, d\u011blal jsem protivn\u00e9ho&#8230; ale p\u0159itom jsem to miloval.<\/em><\/p>\n<\/div>\n<div><em>Pamatuje\u0161 na ten den, kdy jsme se st\u011bhovali? Na v\u0161echny ty p\u0159\u00edpravy, na v\u0161echen ten cirkus kolem? A pak jsme byli doma&#8230; Opravdu doma, proto\u017ee nikde kolem nebyli paparazzi, nikde nikdo, kdo by n\u00e1s mohl otravovat. A j\u00e1 jsem pro zm\u011bnu mohl str\u00e1vit pohodov\u00fd den ve tv\u00e9 n\u00e1ru\u010di bez obavy, \u017ee na n\u00e1s ka\u017edou chv\u00edli n\u011bkdo p\u0159ijde. Amerika je v tomhle tak kr\u00e1sn\u011b svobodn\u00e1&#8230;<\/em><\/p>\n<\/div>\n<div>&#8222;Jist\u011b\u017ee pamatuju,&#8220; usm\u00e1l se na n\u011bj Tom a n\u011b\u017en\u011b mu vlo\u017eil jahodu mezi rty. Bill se pousm\u00e1l a poslu\u0161n\u011b ji sn\u011bdl.<\/div>\n<div>&#8222;Na nic jsem se t\u011b neptal.&#8220;<\/div>\n<div>&#8222;Ani jsi nemusel. V\u017edycky, kdy\u017e o n\u00e1s p\u0159emej\u0161l\u00ed\u0161, m\u00e1\u0161 na tv\u00e1\u0159i tenhle lehce zasn\u011bn\u00fd, zamilovan\u00fd v\u00fdraz,&#8220; sehnul se a n\u011b\u017en\u011b ho pol\u00edbil. &#8222;A j\u00e1 jsem r\u00e1d, \u017ee pat\u0159\u00ed jenom mn\u011b,&#8220; usm\u00e1l se na n\u011bj, znovu ho n\u011b\u017en\u011b pol\u00edbil a zase se narovnal. &#8222;To t\u011b m\u016fj v\u00fdb\u011br filmu tak stra\u0161n\u011b moc nud\u00ed?&#8220;<\/div>\n<div>&#8222;Ne, to ne, jen&#8230; Nejkr\u00e1sn\u011bj\u0161\u00ed romantick\u00e1 komedie je ta na\u0161e,&#8220; d\u00edval se mu z kl\u00edna p\u0159\u00edmo do o\u010d\u00ed. Tom se zasm\u00e1l a op\u011btovn\u011b mu opatrn\u011b zabo\u0159il prsty do vlas\u016f.<\/div>\n<div>&#8222;Ty m\u016fj zamilovan\u00fd bl\u00e1zne. Je\u0161t\u011b po\u0159\u00e1d t\u011b to po t\u011bch letech nep\u0159e\u0161lo?&#8220;<\/div>\n<div>&#8222;Mluv\u00ed\u0161 jako d\u016fchodce, co pr\u00e1v\u011b oslavil diamantovou svatbu.&#8220;<\/div>\n<div>&#8222;No? A jak\u00e1 je svatba za dvacet let?&#8220;<\/div>\n<div>&#8222;Tak to nevim,&#8220; Bill se pobaven\u011b zasm\u00e1l. &#8222;Ale za p\u011btadvacet je st\u0159\u00edbrn\u00e1.&#8220;<\/div>\n<div>&#8222;V\u00e1\u017en\u011b?&#8220;<\/div>\n<div>&#8222;Jasn\u011b. Zlat\u00e1 je pades\u00e1t a korunova\u010dn\u00ed sedmdes\u00e1t p\u011bt. Ono jich je stra\u0161n\u011b moc, ale&#8230;&#8220;<\/div>\n<div>&#8222;Tak\u017ee n\u00e1m do st\u0159\u00edbrn\u00fd zb\u00fdvaj\u00ed necel\u00fd \u010dty\u0159i roky. Vlastn\u011b prakticky t\u0159i a \u010dtvrt.&#8220;<\/div>\n<div>&#8222;Pokud to chce\u0161 br\u00e1t takhle,&#8220; zaculil se a st\u00e1hl si ho pro polibek.<\/p>\n<\/div>\n<div>&#8222;Tak\u017ee te\u010f u\u017e m\u016f\u017eu ten film pustit?&#8220;<\/div>\n<div>&#8222;Tys ho je\u0161t\u011b nepustil?&#8220;<\/div>\n<div>&#8222;V\u017edycky, kdy\u017e nasad\u00ed\u0161 ten v\u00fdraz, je to na n\u011bkolik minut. A j\u00e1 necht\u011bl, aby ti n\u011bco uteklo.&#8220;<\/div>\n<div>&#8222;Jsi tak sladkej, v\u00ed\u0161 to?&#8220;<\/div>\n<div>&#8222;\u0158\u00edk\u00e1\u0161 to.&#8220;<\/div>\n<div>&#8222;A j\u00e1 m\u00e1m v\u017edycky pravdu. Aspo\u0148 co se tebe t\u00fdk\u00e1.&#8220;<\/div>\n<div>&#8222;To \u0159\u00edk\u00e1\u0161 taky.&#8220;<\/div>\n<div>Bill do Toma str\u010dil a ten se jen usm\u00edval.<\/div>\n<div>Pustil film, ale ve skute\u010dnosti ho nevn\u00edmal.<\/p>\n<\/div>\n<div><em>A v\u00ed\u0161 ty, m\u016fj mal\u00fd br\u00e1\u0161ko, jak se c\u00edt\u00edm p\u0159i ka\u017ed\u00e9m pohledu na tebe?<\/em><\/div>\n<div><em>Pravda, ta dv\u011b  slova ti ne\u0159\u00edk\u00e1m tak \u010dasto. O to up\u0159\u00edmn\u011bji je pak ale mysl\u00edm.<\/em><\/p>\n<\/div>\n<div>&#8222;Miluju t\u011b, Bille.&#8220;<\/div>\n<div>&#8222;V\u017edy\u0165 j\u00e1 to v\u00edm,&#8220; znovu se na n\u011bj usm\u00e1l. &#8222;A j\u00e1&#8230;&#8220;<\/div>\n<div>&#8222;Ne\u0159\u00edkej to.&#8220;<\/div>\n<div>&#8222;Pro\u010d ne?&#8220;<\/div>\n<div>&#8222;J\u00e1 to v\u00edm, stejn\u011b jako ty to v\u00ed\u0161 o mn\u011b. A jednou chci b\u00fdt j\u00e1 ten jedinej z n\u00e1s, kdo to \u0159ekne.&#8220;<\/div>\n<div>Bil se usm\u00e1l.<\/div>\n<div>&#8222;Jsi tak stra\u0161n\u011b sladkej&#8230;&#8220;<\/p>\n<\/div>\n<div><strong>autor: Sandra Tr\u00fcmper<\/strong><\/div>\n<div><strong>betaread: Janule<\/strong><\/div>\n","protected":false},"excerpt":{"rendered":"<p>autor: Sandra Tr\u00fcmper Kdy\u017e jsme se narodili, nikdo si nemyslel, \u017ee bychom mohli p\u0159e\u017e\u00edt. Nebo alespo\u0148 ne d\u00e9le ne\u017e t\u00fdden. Pamatuje\u0161 na to, co n\u00e1m m\u00e1ma v\u017edycky vypr\u00e1v\u011bla, kdy\u017e jsme byli nemocn\u00ed? Narodili jsme se docela mali\u010dc\u00ed, na za\u010d\u00e1tku osm\u00e9ho m\u011bs\u00edce. Dokto\u0159i<\/p>\n<p class=\"link-more\"><a class=\"myButt \" href=\"https:\/\/twincestblog.cz\/domains\/twincestblog.cz\/2011\/07\/06\/pamatujes\/\">Read More<\/a><\/p>\n","protected":false},"author":1,"featured_media":0,"comment_status":"open","ping_status":"open","sticky":false,"template":"","format":"standard","meta":{"_exactmetrics_skip_tracking":false,"_exactmetrics_sitenote_active":false,"_exactmetrics_sitenote_note":"","_exactmetrics_sitenote_category":0,"footnotes":""},"categories":[45],"tags":[],"class_list":["post-8296","post","type-post","status-publish","format-standard","hentry","category-ff-jednodilky"],"_links":{"self":[{"href":"https:\/\/twincestblog.cz\/domains\/twincestblog.cz\/wp-json\/wp\/v2\/posts\/8296","targetHints":{"allow":["GET"]}}],"collection":[{"href":"https:\/\/twincestblog.cz\/domains\/twincestblog.cz\/wp-json\/wp\/v2\/posts"}],"about":[{"href":"https:\/\/twincestblog.cz\/domains\/twincestblog.cz\/wp-json\/wp\/v2\/types\/post"}],"author":[{"embeddable":true,"href":"https:\/\/twincestblog.cz\/domains\/twincestblog.cz\/wp-json\/wp\/v2\/users\/1"}],"replies":[{"embeddable":true,"href":"https:\/\/twincestblog.cz\/domains\/twincestblog.cz\/wp-json\/wp\/v2\/comments?post=8296"}],"version-history":[{"count":0,"href":"https:\/\/twincestblog.cz\/domains\/twincestblog.cz\/wp-json\/wp\/v2\/posts\/8296\/revisions"}],"wp:attachment":[{"href":"https:\/\/twincestblog.cz\/domains\/twincestblog.cz\/wp-json\/wp\/v2\/media?parent=8296"}],"wp:term":[{"taxonomy":"category","embeddable":true,"href":"https:\/\/twincestblog.cz\/domains\/twincestblog.cz\/wp-json\/wp\/v2\/categories?post=8296"},{"taxonomy":"post_tag","embeddable":true,"href":"https:\/\/twincestblog.cz\/domains\/twincestblog.cz\/wp-json\/wp\/v2\/tags?post=8296"}],"curies":[{"name":"wp","href":"https:\/\/api.w.org\/{rel}","templated":true}]}}