{"id":8645,"date":"2011-05-16T17:00:00","date_gmt":"2011-05-16T16:00:00","guid":{"rendered":"http:\/\/twincestblog.cz\/?p=8623"},"modified":"2011-05-16T17:00:00","modified_gmt":"2011-05-16T16:00:00","slug":"jsem-jako-ty-jsi-jako-ja-28","status":"publish","type":"post","link":"https:\/\/twincestblog.cz\/domains\/twincestblog.cz\/2011\/05\/16\/jsem-jako-ty-jsi-jako-ja-28\/","title":{"rendered":"Jsem jako ty, jsi jako j\u00e1 28."},"content":{"rendered":"<div><strong>autor: Bitter<\/strong><\/div>\n<div><\/div>\n<div><img decoding=\"async\" title=\"534\" alt=\"\" class=\"center\" src=\"http:\/\/twincestblog.cz\/wp-content\/uploads\/62138fb486_75637406_o2.png\" \/><\/div>\n<div><\/div>\n<div>31. srpna 2007<\/p>\n<\/div>\n<div>&#8222;Je to zvl\u00e1\u0161tn\u00ed vi\u010f&#8230;?&#8220;  \u0160eptl Tom do ticha na oto\u010dil trochu hlavu.<\/div>\n<div>&#8222;Jo, to je&#8230;&#8220; P\u0159itakal ti\u0161e Bill a spokojen\u011b zav\u0159el o\u010di.<\/div>\n<div>&#8222;Jsem z toho v\u0161eho hrozn\u011b  nerv\u00f3zn\u00ed&#8230;&#8220; Broukl a Tom ho vzal kolem ramen.<\/div>\n<div>&#8222;A kdy nejsi nervozn\u00ed, mi \u0159ekni&#8230;&#8220;<\/div>\n<div>&#8222;J\u00e1 v\u00edm, ale tohle&#8230; tohle je v\u0161echno tak&#8230; tak jin\u00e9&#8230; Ch\u00e1pe\u0161 to&#8230; u\u017e z\u00edtra&#8230;&#8220;<\/div>\n<div>&#8222;P\u0159esn\u011bji za patn\u00e1ct minut&#8230;&#8220; Up\u0159esnil Tom p\u0159i pohledu na hodinky a Bill si p\u0159ejel po nov\u011b vytetovan\u00e9m n\u00e1pisu Freiheit 89 kter\u00fd zdobil cel\u00e9 jeho p\u0159edlokt\u00ed.<\/div>\n<div>A\u017e to uvid\u00ed mamka, zabije ho, svoboda nesvoboda.<\/p>\n<\/div>\n<div>&#8222;Tolik se toho stalo&#8230; Nechce se mi tomu v\u011b\u0159it&#8230; po\u0159\u00e1d se boj\u00edm, \u017ee se probud\u00edm a v\u0161echno bude pry\u010d&#8230; kapela, Andreas&#8230; ty&#8230; Stalo se to v\u0161echno tak rychle, a\u017e m\u011b to d\u011bs\u00ed&#8230;&#8220; Rozhodil rukama a Tom p\u0159ik\u00fdvl. Oto\u010dil se z\u00e1dy k m\u011bstu a op\u0159el se o z\u00e1bradl\u00ed.<\/div>\n<div>Bill byl st\u00e1le op\u0159en\u00fd  a koukal dol\u016f na auta a lidi, co proch\u00e1zeli kolem hotelu.<\/p>\n<\/div>\n<div>Teprve v\u010dera se vr\u00e1tili z nat\u00e1\u010den\u00ed jejich prvn\u00edho klipu, a zat\u00edmco v\u0161ichni v\u010detn\u011b Andrease spali, on s Tomem byl na balkon\u011b Tomova pokoje a mluvili o v\u0161em mo\u017en\u00e9m.<\/div>\n<div>\u010c\u00edm v\u00edc se ale bl\u00ed\u017eila p\u016flnoc a prvn\u00ed z\u00e1\u0159\u00ed, kdy m\u011bli oslavit sv\u00e9 osmn\u00e1ctiny, t\u00edm v\u00edc na n\u011b padala nostalgie a oba jen ti\u0161e vzpom\u00ednali na ka\u017ed\u00fd den od lo\u0148sk\u00e9ho prvn\u00edho, kdy do sebe na chodb\u011b narazili&#8230; na Bill\u016fv prvn\u00ed polibek s Andreasem, na Tomovu prvn\u00ed gay diskot\u00e9ku, na soud, na s\u00e1zku, kter\u00e9 poslala Toma na pochybn\u00e9 rande a Billa p\u0159iv\u00edtat jejich nov\u00fd osud v podob\u011b Davida, na Tomovy af\u00e9rky, kter\u00e9 z n\u011bj znovu ud\u011blaly kr\u00e1le baru, na Billovu a Andreasovu prvn\u00ed v\u00e1\u017enou h\u00e1dku, na okam\u017eik, kdy dohr\u00e1li posledn\u00ed t\u00f3n na jejich prvn\u00edm c\u00e9d\u00e9\u010dku, kter\u00e9 vy\u0161lo p\u0159ed dv\u011bma t\u00fddny a d\u00edky vystoupen\u00ed na letn\u00edm festivalu jim rozjelo slibn\u00fd za\u010d\u00e1tek, na to, jak nat\u00e1\u010dej\u00ed sv\u016fj klip&#8230;<\/div>\n<hr \/>\n<div>\n<\/div>\n<div>Tolik kr\u00e1sn\u00fdch v\u011bc\u00ed  jim p\u0159inesl posledn\u00ed t\u0159i\u010dtvrt\u011b rok. V\u011bc\u00ed, kter\u00e9 si v\u0161ichni zaslou\u017eili, v\u011bnovali tomu tolik \u010dasu a tolik energie, kdy\u017e d\u00e1vali dohromady to, co na cd bude&#8230;<\/p>\n<\/div>\n<div>Bill se najednou rozesm\u00e1l a Tom jen zavrt\u011bl hlavou. Nebylo pochyb, \u017ee si na to Bill vzpomene.<\/p>\n<\/div>\n<div>&#8222;Ne\u0159\u00edkej, \u017ee sis vzpomn\u011bl na \u017eidle&#8230;&#8220; Za\u00fap\u011bl a Bill se rozesm\u00e1l je\u0161t\u011b v\u00edc.<\/div>\n<div>&#8222;Na to nejde zapomenout&#8230;&#8220; Vyprskl a zlomil se sm\u00edchy v pase.<\/div>\n<div>&#8222;Ten den bych vymazal&#8230; Proboha, kluci se n\u00e1s museli b\u00e1t&#8230;&#8220;<\/div>\n<div>&#8222;N\u00e1hodou to je psina, kdy\u017e si na to te\u010f vzpomene\u0161&#8230;&#8220;<\/div>\n<div>&#8222;Nev\u00edm, co je vtipn\u00fdho na tom, \u017ee jsme se sna\u017eili ml\u00e1tit se \u017eidlema&#8230;&#8220; Za\u00fap\u011bl Tom a slo\u017eil hlavu do dlan\u00ed, zat\u00edmco Billovi tekly slzy sm\u00edchu&#8230;<\/p>\n<\/div>\n<div>Flashback<\/p>\n<\/div>\n<div>&#8222;O.k, tak je\u0161t\u011b jednu&#8230; co An deine seite? Ta by tam \u0161la, ne?&#8220; Nahodil Bill a vyt\u00e1hl z hromady pap\u00edr\u016f ten, na kter\u00e9m byla p\u00edse\u0148 napsan\u00e1.<\/p>\n<\/div>\n<div>&#8222;Proboha ne&#8230; je to pomal\u00fd a depresivn\u00ed&#8230; m\u00e1\u0161 tam Spring nicht, tak u\u017e dej pokoj&#8230;&#8220; M\u00e1vl Tom rukou a Billovo obo\u010d\u00ed vyl\u00e9tlo nahoru.<\/p>\n<\/div>\n<div>&#8222;O- ou&#8230;&#8220; Skousl si Andreas ret, a trochu se od Billa od\u0161oupl.<\/p>\n<\/div>\n<div>&#8222;J\u00e1? Tu p\u00edsni\u010dku jsi napsal ty! Cht\u011bli jsme ji oba, jestli si tam n\u011bkdo n\u011bco vydupal, tak se\u0161 to ty s tim tvym Red\u00e9\u00e9\u00e9\u00e9\u00e9ee\u00e9\u00e9\u00e9n&#8220; Zahalekal Bill a Tom zalo\u017eil ruce na prsou.<\/div>\n<div>&#8222;Klid, ne&#8230; sem jen \u0159ek, co si myslim&#8230;&#8220; Odfrkl si a zalovil v hromad\u011b text\u016f.<\/div>\n<div>&#8222;A co t\u0159eba&#8230;&#8220;<\/div>\n<div>&#8222;Ne! Bude tam tohle!&#8220; Vyjekl Bill a postavil se. Zap\u0159el se lokty o hranu stolu a za\u010dal podup\u00e1vat nohou, zat\u00edmco Toma doslova vra\u017edil o\u010dima.<\/p>\n<\/div>\n<div>&#8222;Ne.&#8220; Zavrt\u011bl hlavou Tom a zad\u00edval se na Billa \u00fapln\u011b stejn\u00fdm pohledem.<\/div>\n<div>Andreas byl sice krapet staranou, ale d\u00e1l se nevzru\u0161en\u011b prohrab\u00e1val texty. Byl u\u017e zvykl\u00fd na to, \u017ee Bill byl v h\u00e1dk\u00e1ch hodn\u011b emotivn\u00ed a doslova l\u00edtaly v\u011bci. Poka\u017ed\u00e9 n\u011bco zdemoloval.<\/div>\n<div>Tal\u00ed\u0159e, f\u00e9n, v\u00e1zu&#8230; prost\u011b  v\u0161e, co m\u011bl po ruce, a Tom byl to sam\u00e9. Kdy\u017e se h\u00e1dala dvoj\u010data, byla to katastrofa a jednou museli platit vybaven\u00ed pokoje.<\/div>\n<div>Andreas to za\u017eil, ale G\u00e9\u010dka byla zat\u00edm u\u0161et\u0159ena&#8230; Zat\u00edm.<\/p>\n<\/div>\n<div>&#8222;J\u00e1 ti \u0159\u00edk\u00e1m, \u017ee tam bude&#8230; a necht\u011bj m\u011b na\u0161tvat, jinak&#8230;&#8220; Pohrozil Bill a Tom se u\u0161kl\u00edbl.<\/p>\n<\/div>\n<div>&#8222;Jinak co? Hod\u00ed\u0161 po mn\u011b \u017eidl\u00ed?&#8220; Zamrkal a Bill vzal \u017eidli do vzduchu.<\/div>\n<div>&#8222;Kdy\u017e hodim&#8230; bude tam?&#8220; Zamrkal Bill a Andreas proto\u010dil o\u010di, zat\u00edmco g\u00e9\u010dka se zvedla od stolu.<\/p>\n<\/div>\n<div>&#8222;Zlato, zlom\u00ed\u0161 si nehet a zas bude\u0161 pindat.&#8220; Mrkl na n\u011bj a Bill na\u0161pulil pusu.<\/div>\n<div>&#8222;Neboj&#8230; tak co? Bude tam?!&#8220; Zeptal se znova Toma.<\/div>\n<div>&#8222;A\u017e hod\u00ed\u0161 tu \u017eidli.&#8220; Usm\u00e1l se Tom a \u00fasm\u011bv ho p\u0159e\u0161el, kdy\u017e ho najednou minula let\u00edc\u00ed \u017eidle.<\/div>\n<div>Pod\u00edval se u\u017easle na trosky, co po n\u00ed po n\u00e1razu na ze\u010f z\u016fstaly, a pak zp\u011bt na Billa, kter\u00fd st\u00e1l s rukama v bok a spokojen\u011b se usm\u00edval.<\/div>\n<div>&#8222;No?&#8220;<\/div>\n<div>&#8222;O.k&#8230; bude tam&#8230;&#8220;<\/p>\n<\/div>\n<div>Konec flashbacku<\/p>\n<\/div>\n<div>&#8222;Oh bo\u017ee, nech\u00e1pu, jak jsem to moh hodit&#8230; a Any&#8230; jak jen sed\u011bl a d\u011blal, jak nic, a ty dva tam st\u00e1li a \u00fapln\u011b nech\u00e1pali&#8230;&#8220; Uculil se Bill a Tom si ho p\u0159it\u00e1hl k sob\u011b.<\/div>\n<div>&#8222;M\u00e1lem jsi m\u011b zabil.&#8220; Broukl Tom a rozepl si svou xxl mikinu, vyvl\u00e9kl se z jednoho ruk\u00e1vu, p\u0159ehodil ji p\u0159es Billa, kter\u00fd byl zas jen v tri\u010dku a zase zapnul. Ve\u0161li se do n\u00ed oba dva naprosto perfektn\u011b a Billovi se povedlo nasoukat ruku do voln\u00e9ho ruk\u00e1vu, druhou ovinul kolem Tomova pasu a polo\u017eil si hlavu na jeho rameno.<\/p>\n<\/div>\n<div>&#8222;Nikdy bych ti neubl\u00ed\u017eil.&#8220; Broukl a Tom se usm\u00e1l.<\/div>\n<div>&#8222;J\u00e1 v\u00edm&#8230;&#8220; Broukl Tom a pomalu si s Billem sedl na zem a op\u0159eli se o z\u00e1bradl\u00ed.<\/p>\n<\/div>\n<div>&#8222;Tyhle narozeniny budou ty nejkr\u00e1sn\u011bj\u0161\u00ed&#8230;&#8220; broukl Bill, &#8222;budou zase na\u0161e&#8230; v\u00ed\u0161, ka\u017ed\u00fd V\u00e1noce jsem si t\u011b p\u0159\u00e1l, a i o narozenin\u00e1ch poka\u017ed\u00e9, kdy\u017e jsem sfouk\u00e1val sv\u00ed\u010dky, jsem si p\u0159\u00e1l, oslavit zase narozeniny nebo cokoliv&#8230; s tebou&#8230;&#8220;<\/p>\n<\/div>\n<div>&#8222;Chce\u0161, abych bre\u010del&#8230;&#8220; Zamrkal Tom a p\u0159ivinul si ho je\u0161t\u011b bl\u00ed\u017e.<\/p>\n<\/div>\n<div>&#8222;Ale taky jsem si t\u011b p\u0159\u00e1l&#8230; o to v\u00edc m\u00e1m radost, kdy\u017e t\u011b te\u010f m\u016f\u017eu vid\u011bt, kdy chci, a v\u00edm, \u017ee i kdy\u017e nejsi se mnou, tak se o tebe postar\u00e1 Andreas&#8230;&#8220;<\/div>\n<div>&#8222;No vid\u00ed\u0161&#8230; neb\u00fdt Anyho, ani pro tebe nem\u00e1m d\u00e1rek&#8230;&#8220; Usm\u00e1l se Bill.<\/div>\n<div>&#8222;Hey&#8230; to ne, dohodli jsme se, \u017ee si nebudeme d\u00e1vat d\u00e1rky.&#8220;<\/div>\n<div>&#8222;J\u00e1 v\u00edm, neboj&#8230; nen\u00ed to nic, co sn\u00ed\u0161 nebo si to vystav\u00ed\u0161 nebo tak&#8230; prost\u011b jen takov\u00e9 p\u0159\u00e1n\u00ed&#8230; trochu podle m\u011b&#8230; ale p\u0159\u00e1n\u00ed.&#8220; Usm\u00e1l se a p\u0159istr\u010dil si pod o\u010di Tomovo z\u00e1p\u011bst\u00ed s hodinkama.<\/p>\n<\/div>\n<div>&#8222;Dv\u011b minuty&#8230; mus\u00ed\u0161 b\u00fdt ticho, jo? Nejd\u0159\u00edv ti d\u00e1m j\u00e1 to p\u0159\u00e1n\u00ed&#8230; p\u0159esn\u011b o p\u016flnoci&#8230;&#8220; \u0160eptl Bill a polo\u017eil Tomovi na rty ukazov\u00e1\u010dek, zat\u00edmco ti\u0161e odpo\u010d\u00edt\u00e1val vte\u0159iny do p\u016flnoci, aby s posledn\u00ed vte\u0159inou jednat\u0159ic\u00e1t\u00e9ho a s prvn\u00ed vte\u0159inou prvn\u00edho, mohl za\u010d\u00edt zp\u00edvat&#8230;<\/p>\n<\/div>\n<div>&#8222;In mir wird es langsam kalt&#8230;<\/div>\n<div>Wie lang k\u00f6nn&#8216; wir beide hier noch sein&#8230;<\/div>\n<div>Bleib hier die Schatten woll&#8217;n mich hol&#8217;n<\/div>\n<div>Doch wenn wir gehn dann gehn wir nur zu zweit&#8230;&#8220; Zp\u00edval ti\u0161e se zav\u0159en\u00fdma o\u010dima a Tomovi u\u017e te\u010f tekly drobn\u00e9 slzi\u010dky, a to je\u0161t\u011b nesly\u0161el v\u0161e&#8230;<\/p>\n<\/div>\n<div>&#8222;Du bist alles was ich bin und alles, was durch meine Adern flie\u00dft&#8230;<\/div>\n<div>In Immer werden wir uns tragen egal, wohin wir fahr&#8217;n egal, wie tief&#8230;<\/div>\n<div>Ich will da nich&#8216; allein sein lass uns gemeinsam&#8230;<\/div>\n<div>In die Nacht&#8230;<\/div>\n<div>Nacht Irgendwann wird es Zeit sein lass uns gemeinsam&#8230;<\/div>\n<div>In die Nacht&#8230;<\/p>\n<\/div>\n<div>Ich h\u00f6re wenn du leise schreist sp\u00fcre jeden Atemzug von dir&#8230;<\/div>\n<div>Und auch wenn das Schicksal uns zerreist&#8230;<\/div>\n<div>Egal was danach kommt das teilen wir&#8230;<\/div>\n<div>Ich will da nich&#8216; allein sein lass uns gemeinsam&#8230;<\/div>\n<div>In die Nacht&#8230;<\/div>\n<div>Irgendwann wird es Zeit sein lass uns gemeinsam<\/div>\n<div>In die Nacht&#8230; In die Nacht<\/div>\n<div>Irgendwann&#8230; In die Nacht&#8230;<\/div>\n<div>Nur mit dir zusamm&#8230;<\/p>\n<\/div>\n<div>Halt mich sonst treib ich alleine in die nacht&#8230;<\/div>\n<div>Nimm mich mit und halt mich sonst treib ich alle alleine&#8230; in die Nacht<\/div>\n<div>Ich will da nich allein sein alle Lass uns gemeinsam&#8230;<\/div>\n<div>In die Nacht&#8230;<\/div>\n<div>Irgendwann wird es zeit sein lass und gemeinsam&#8230;<\/div>\n<div>In die Nacht&#8230;<\/div>\n<div>Du bist  alles was ich bin und alles was durch meine Aden flie\u00dft&#8230;&#8220;<\/div>\n<div>Dozp\u00edval a s rum\u011blcem na tv\u00e1\u0159\u00edch zamrkal na Toma, kter\u00fd ani nemusel \u0159\u00edkat, jak se mu jeho d\u00e1rek- ned\u00e1rek  moc moc l\u00edbil.<\/div>\n<div>&#8222;V\u0161echno nejlep\u0161\u00ed&#8230;&#8220; Broukl je\u0161t\u011b Bill a pevn\u011b Toma objal&#8230;<\/p>\n<\/div>\n<div><strong>autor: Bitter<\/strong><\/div>\n<div><strong>betaread: Janule<\/strong><\/div>\n","protected":false},"excerpt":{"rendered":"<p>autor: Bitter 31. srpna 2007 &#8222;Je to zvl\u00e1\u0161tn\u00ed vi\u010f&#8230;?&#8220; \u0160eptl Tom do ticha na oto\u010dil trochu hlavu. &#8222;Jo, to je&#8230;&#8220; P\u0159itakal ti\u0161e Bill a spokojen\u011b zav\u0159el o\u010di. &#8222;Jsem z toho v\u0161eho hrozn\u011b nerv\u00f3zn\u00ed&#8230;&#8220; Broukl a Tom ho vzal kolem ramen. &#8222;A kdy<\/p>\n<p class=\"link-more\"><a class=\"myButt \" href=\"https:\/\/twincestblog.cz\/domains\/twincestblog.cz\/2011\/05\/16\/jsem-jako-ty-jsi-jako-ja-28\/\">Read More<\/a><\/p>\n","protected":false},"author":1,"featured_media":0,"comment_status":"open","ping_status":"open","sticky":false,"template":"","format":"standard","meta":{"_exactmetrics_skip_tracking":false,"_exactmetrics_sitenote_active":false,"_exactmetrics_sitenote_note":"","_exactmetrics_sitenote_category":0,"footnotes":""},"categories":[395],"tags":[],"class_list":["post-8645","post","type-post","status-publish","format-standard","hentry","category-jsem-jako-ty-jsi-jako-ja"],"_links":{"self":[{"href":"https:\/\/twincestblog.cz\/domains\/twincestblog.cz\/wp-json\/wp\/v2\/posts\/8645","targetHints":{"allow":["GET"]}}],"collection":[{"href":"https:\/\/twincestblog.cz\/domains\/twincestblog.cz\/wp-json\/wp\/v2\/posts"}],"about":[{"href":"https:\/\/twincestblog.cz\/domains\/twincestblog.cz\/wp-json\/wp\/v2\/types\/post"}],"author":[{"embeddable":true,"href":"https:\/\/twincestblog.cz\/domains\/twincestblog.cz\/wp-json\/wp\/v2\/users\/1"}],"replies":[{"embeddable":true,"href":"https:\/\/twincestblog.cz\/domains\/twincestblog.cz\/wp-json\/wp\/v2\/comments?post=8645"}],"version-history":[{"count":0,"href":"https:\/\/twincestblog.cz\/domains\/twincestblog.cz\/wp-json\/wp\/v2\/posts\/8645\/revisions"}],"wp:attachment":[{"href":"https:\/\/twincestblog.cz\/domains\/twincestblog.cz\/wp-json\/wp\/v2\/media?parent=8645"}],"wp:term":[{"taxonomy":"category","embeddable":true,"href":"https:\/\/twincestblog.cz\/domains\/twincestblog.cz\/wp-json\/wp\/v2\/categories?post=8645"},{"taxonomy":"post_tag","embeddable":true,"href":"https:\/\/twincestblog.cz\/domains\/twincestblog.cz\/wp-json\/wp\/v2\/tags?post=8645"}],"curies":[{"name":"wp","href":"https:\/\/api.w.org\/{rel}","templated":true}]}}