{"id":8753,"date":"2011-05-02T17:00:00","date_gmt":"2011-05-02T16:00:00","guid":{"rendered":"http:\/\/twincestblog.cz\/?p=8731"},"modified":"2011-05-02T17:00:00","modified_gmt":"2011-05-02T16:00:00","slug":"jsem-jako-ty-jsi-jako-ja-25","status":"publish","type":"post","link":"https:\/\/twincestblog.cz\/domains\/twincestblog.cz\/2011\/05\/02\/jsem-jako-ty-jsi-jako-ja-25\/","title":{"rendered":"Jsem jako ty, jsi jako j\u00e1 25."},"content":{"rendered":"<div><strong>autor: Bitter<\/strong><\/p>\n<\/div>\n<div><\/div>\n<div><img decoding=\"async\" title=\"534\" alt=\"\" class=\"center\" src=\"http:\/\/twincestblog.cz\/wp-content\/uploads\/62138fb486_75637406_o2.png\" \/><\/div>\n<div><\/div>\n<div>O t\u0159i t\u00fddny pozd\u011bji<\/p>\n<\/div>\n<div>&#8222;Mami, v\u00e1\u017en\u011b tam mus\u00edm? Dy\u0165 moj\u00ed v\u00fdpov\u011b\u010f maj&#8230;&#8220; Zak\u0148oural Tom a Simone mu upravila kravatu.<\/div>\n<div>&#8222;Nem\u00e1\u0161 se \u010deho b\u00e1t Tommy&#8230; budu tam s tebou. I Gordon&#8230; Bude to tak hodina a pak p\u016fjde\u0161 do \u0161koly.&#8220; Sna\u017eila se ho uklidnit, ale Tom byl st\u00e1le nerv\u00f3zn\u00ed.<\/div>\n<div>B\u00e1l se toho soudu. V\u011bd\u011bl, \u017ee p\u0159edev\u010d\u00edrem Jorga odsoudili k p\u016fl roku za ubl\u00ed\u017een\u00ed na zdrav\u00ed a tohle byla prakticky formalita, proto\u017ee kdo by sv\u011b\u0159il d\u00edt\u011b n\u011bkomu, kdo je ve v\u011bzen\u00ed, ale i p\u0159esto se moc b\u00e1l toho, co bude, a\u017e ho otec uvid\u00ed s matkou a ot\u010d\u00edmem.<\/div>\n<div>Necht\u011bl, aby na Simone zase k\u0159i\u010del jako tenkr\u00e1t, kdy\u017e se st\u011bhovali. Necht\u011bl, aby kv\u016fli n\u011bmu zase plakala.<\/div>\n<div>B\u00e1l se, aby se po n\u011bm t\u0159eba neohnal Gordon a aby z toho nebyl n\u011bjak\u00fd pr\u016f\u0161vih.<\/p>\n<\/div>\n<div>&#8222;A mami&#8230; nen\u00ed&#8230; nen\u00ed na m\u011b Gordon na\u0161tvanej?&#8220; Broukl a Simone jen zavrt\u011bla hlavou.<\/div>\n<div>&#8222;Jak jsi na n\u011bco takov\u00e9ho p\u0159i\u0161el?&#8220;<\/div>\n<div>&#8222;Nev\u00edm&#8230; v\u010dera ve\u010der byl n\u011bjak\u00fd zamlkl\u00fd&#8230;&#8220;<\/div>\n<div>&#8222;Neboj, zlato&#8230; na tebe na\u0161tvan\u00fd nen\u00ed. Jen ho mrz\u00ed, \u017ee tam mus\u00ed\u0161 j\u00edt taky. V\u00ed, \u017ee to pro tebe nen\u00ed nic p\u011bkn\u00e9ho. Myslel, \u017ee to sfouknem jen spolu a ty s Billem budete norm\u00e1ln\u011b ve \u0161kole a nebude\u0161 se kv\u016fli tomu muset zase stresovat.&#8220; Vysv\u011btlila mu popravd\u011b. Gordon byl opravdu na\u0161tvan\u00fd. Vid\u011bl, jak se na Tomovi nervozita podepsala. Ob\u011bd vyzvracel a ve\u010de\u0159i si rad\u0161i ani nedal. K sn\u00eddani si vzal jeden rohl\u00edk a zase mu bylo zle, a Bill na tom nebyl o moc l\u00e9pe. C\u00edtil se stejn\u011b mizern\u011b jako Tom a Gordona tohle roz\u010dilovalo.<\/div>\n<hr \/>\n<div>Byly to pro n\u011bj je\u0161t\u011b  d\u011bti a d\u011bti by m\u011bly m\u00edt bezstarostn\u00fd \u017eivot. M\u011bly b\u00fdt ve \u0161kole a d\u011blat si srandu z ostatn\u00edch, nam\u00e1\u010det houby v inkoustu a ne se stresovat soudy.<\/div>\n<div>Nebylo to f\u00e9r.<\/div>\n<div>D\u011bti m\u011bly z\u016fstat d\u011btmi, ale kdy\u017e srovnal Billa a Toma&#8230; Bill byl st\u00e1le sv\u00fdm zp\u016fsobem d\u00edt\u011b. Jist\u011b, v\u011bci z minulosti a to, co si vytrp\u011bl kv\u016fli sv\u00e9 orientaci, se na n\u011bm podepsalo, to ano, ale on byl tak neskute\u010dn\u011b bezstarostn\u00fd a d\u011btinsk\u00fd oproti Tomovi, kter\u00fd byl v\u011bt\u0161inou zamlkl\u00fd a v\u00e1\u017en\u00fd&#8230; v\u00edc p\u0159em\u00fd\u0161lel nad t\u00edm, co \u0159ekl. Bill mluvil a jednal, pak p\u0159em\u00fd\u0161lel&#8230;<\/p>\n<\/div>\n<div>Bill se pod\u00edval na mobil a nerv\u00f3zn\u011b za\u0165ukal na display. Andreas jen proto\u010dil o\u010di a p\u0159isunul mu bl\u00ed\u017e tal\u00ed\u0159 s ob\u011bdem.<\/div>\n<div>&#8222;Bille, jez&#8230; Tom ti nap\u00ed\u0161e, a\u017e bude ve zku\u0161ebce, neboj.&#8220;<\/div>\n<div>&#8222;J\u00e1 v\u00edm&#8230;&#8220; Broukl Bill a znova na telefon za\u0165ukal. Tom se m\u011bl p\u016fvodn\u011b vr\u00e1tit po soudu do \u0161koly, ale Gordon rozhodl, \u017ee ho omluv\u00ed a p\u016fjdou n\u011bkam na ob\u011bd, aby se Tom z toho vzpamatoval, proto\u017ee Jorg, jak jinak, ud\u011blal u soudu takovou sc\u00e9nu, \u017ee dostal pokutu.<\/p>\n<\/div>\n<div>&#8222;Zlato, jez&#8230;&#8220; Zkusil znova Andreas, nabral na l\u017e\u00edci pol\u00e9vku a p\u0159istr\u010dil l\u017e\u00edci k Billov\u00fdm rt\u016fm. Bill se jen pousm\u00e1l a zavrt\u011bl hlavou.<\/div>\n<div>&#8222;Nechci, Andy&#8230;&#8220; Broukl a blon\u010f\u00e1\u010dek mu stiskl dla\u0148.<\/div>\n<div>&#8222;Ale notak, dy\u0165 to dopadlo dob\u0159e, tak co se d\u011bje? Billy, celej tejden jste s Tomem po\u0159\u00e1dn\u011b nejedli, u Toma to je jak\u017e tak\u017e v cajku, ale ty jsi jak \u0161pejle norm\u00e1ln\u011b, a je\u0161t\u011b tohle&#8230; D\u011bl\u00e1\u0161 mi starosti&#8230;&#8220;<\/p>\n<\/div>\n<div>&#8222;Any, neboj, j\u00e1 j\u00edst zase budu, ale dneska je mi je\u0161t\u011b zle&#8230; V\u00ed\u0161&#8230; jsem nerv\u00f3zn\u00ed s\u00e1m za sebe, a kdy\u017e je u m\u011b Tom, je to je\u0161t\u011b hor\u0161\u00ed, proto\u017ee c\u00edt\u00edm to, co on, a to je&#8230;&#8220;<\/div>\n<div>&#8222;Pr\u00e1v\u011b proto. Tom m\u00e1 to sam\u00fd, a kdy\u017e se budete hroutit oba, tak se z toho nedostanete ani za rok. Koukej se naj\u00edst a zase se sm\u00e1t. Kdy\u017e Bude\u0161 ty v pohod\u011b, bude i Tom.&#8220;<\/div>\n<div>&#8222;Ale to nejde jen tak&#8230;&#8220; Nam\u00edtl Bill a rozhodil rukama.<\/div>\n<div>&#8222;Billy, Tom to ale pot\u0159ebuje. Ty jsi mu nejbl\u00ed\u017e, kdy\u017e s Patrikem to nevy\u0161lo. Kdo jinej ho m\u00e1 obejmout a ut\u011b\u0161it?&#8220;<\/div>\n<div>&#8222;Ale j\u00e1 tohle neum\u00edm&#8230; dy\u0165 to v\u00ed\u0161&#8230; kdo m\u011b po\u0159\u00e1d mus\u00ed k n\u011b\u010demu kopat nebo m\u011b ut\u011b\u0161ovat?&#8220;<\/div>\n<div>&#8222;Pr\u00e1v\u011b, to je ono&#8230; ty m\u00e1\u0161 m\u011b a a\u017e nebude\u0161 s Tomem, jsem tady, abych t\u011b obejmul, ale asi t\u011b\u017eko p\u016fjdu a budu ut\u011b\u0161ovat Toma. Jsi p\u0159ece jeho dvoj\u010de&#8230; vzpome\u0148 si, jak nad\u0161enej jsi byl, kdy\u017e jsi Toma vyt\u00e1hl na tu diskot\u00e9ku nebo na rande s Patrikem. Nebo kdy\u017e byl u v\u00e1s Tom ten prvn\u00ed v\u00edkend. Celou noc jsi mi pak vypr\u00e1v\u011bl, jak jste spolu d\u011blali poli\u010dky na ply\u0161\u00e1ky a jak Tom s Gordonem vymysleli sk\u0159\u00ed\u0148ku na tvoje kabelky a \u017ee j\u00ed spolu ud\u011blaj.&#8220; Bill si jen povzdychl a pousm\u00e1l se.<\/p>\n<\/div>\n<div>&#8222;O.k&#8230; m\u00e1\u0161 pravdu&#8230; jsem hrozn\u011b n\u00e1ladovej&#8230; mus\u00edm se sebrat. A v\u00ed\u0161 co, dneska zase za\u010dnem zkou\u0161et. Nebudem zas jen kecat. Kdy\u017e tak p\u016fj\u010d\u00ed\u0161 Tomovi kytaru a budem hr\u00e1t. M\u00e1m moc text\u016f a za dva t\u00fddny je ten konkurz. Mus\u00edme vymyslet, co budu zp\u00edvat a mus\u00edm to nacvi\u010dit&#8230; Proboha, m\u00e1me hrozn\u011b pr\u00e1ce!&#8220; Vyjekl Bill a vykulil o\u010di, ve kter\u00fdch mu po t\u00fddnu smutku z nervozity ze soudu zase neposedn\u011b jisk\u0159ilo, a Andreas se jen spokojen\u011b usm\u00e1l, \u017ee jen tak tak st\u00edhal vn\u00edmat, co Bill \u0159\u00edk\u00e1. U\u017e mu to jeho drmolen\u00ed chyb\u011blo.<\/p>\n<\/div>\n<div>Tom byl doma t\u0159i t\u00fddny a dva z nich byl Bill nad\u0161en\u00fd a po\u0159\u00e1d vym\u00fd\u0161lel, co ud\u011blaj\u00ed v pokoji jinak, a co je\u0161t\u011b mus\u00ed Tomovi uk\u00e1zat, ale jakmile se p\u0159ibl\u00ed\u017eil soud, oba jako by pra\u0161tily pytlem.<\/div>\n<div>Andreas si myslel, \u017ee se to po soudu zm\u011bn\u00ed, ale Bill byl po\u0159\u00e1d jak na zhroucen\u00ed, a pokud by to m\u011blo pokra\u010dovat, mohli by je brzo zahrabat.<\/div>\n<div>Dy\u0165 by jako n\u011bjakej motor, co je po\u0159\u00e1d k n\u011b\u010demu hnal a vymej\u0161lel kraviny.<\/p>\n<\/div>\n<div>&#8222;A p\u016fjde\u0161 tam se mnou. Tom ne, nechci, aby vid\u011bl, jak budu nerv\u00f3zn\u00ed a on by si ze m\u011b d\u011blal srandu. A lechtal by m\u011b a j\u00e1 bych pak nezazp\u00edval a utekl. V\u00ed\u0161, jak nervn\u00ed jsem byl z toho vystoupen\u00ed. Mus\u00ed\u0161 tam j\u00edt. Vezme\u0161 kytaru a budem zkou\u0161et. To znamen\u00e1, \u017ee mus\u00edme vybrat n\u011bco, co p\u016fjde hr\u00e1t na kytaru&#8230; Ale j\u00e1 nev\u00edm co&#8230;&#8220; Rozhodil rukama a zavrt\u011bl hlavou.<\/div>\n<div>I celou cestu do zku\u0161ebny z Andrease tahal rozumy a ka\u017edou chvilku zp\u00edval kousek n\u011b\u010deho, ale po\u0159\u00e1d nena\u0161el nic, co by podle n\u011bj bylo to prav\u00e9.<\/div>\n<div>Do zku\u0161ebny dorazili jako posledn\u00ed. Georg si ladil kytaru, Gustav jedl pizzu a Tom sed\u011bl v ko\u0161ili s povolenou kravatou na gau\u010d\u00edku a civ\u011bl do blba.<\/p>\n<\/div>\n<div>V\u0161ichni jen nech\u00e1pav\u011b  zamrkali, kdy\u017e Bill, m\u00edsto -Ahoj- zazp\u00edval sloku z Lonely Day od System of  Down a Andreas si sedl vedle Toma jakoby nic.<\/div>\n<div>&#8222;Ne&#8230; tohle taky ne&#8230;&#8220; Zavrt\u011bl hlavou a nech\u00e1pav\u011b se rozhl\u00e9dl kolem sebe.<\/div>\n<div>&#8222;No co je? D\u00edky Tomovi p\u016fjdu do t\u00fd Superstar a mus\u00edm m\u00edt dokonalou p\u00edsni\u010dku. Nem\u016f\u017eu p\u0159ece zp\u00edvat to, co v\u0161ichni, to by si m\u011b nikdo nev\u0161iml a nesehnal bych kontakty pro kapelu. Tak co kouk\u00e1te, chci sly\u0161et n\u00e1vrhy, ale fofr&#8230; Gustave, necpi se, \u0161up, mus\u00edme zkou\u0161et, m\u00e1me jen dva tejdny! Ch\u00e1pete to? Dva tejdny a j\u00e1 to mus\u00edm m\u00edt perfektn\u00ed!&#8220; Vyjel na n\u011b a Gustav rychle odhodil kousek pizzy do krabice a beze slova se odebral k bic\u00edm.<\/div>\n<div>Georg se ti\u0161e sm\u00e1l a Tom na Billa z\u00edral s pusou doko\u0159\u00e1n.<\/div>\n<div>V\u017edy\u0165 je\u0161t\u011b r\u00e1no byl Bill mimo v\u00edc jak on, tak jak&#8230;?<\/p>\n<\/div>\n<div>&#8222;No co je, Tome? Vem si Andreasovu kytaru a jedem. Nev\u00edm, na co \u010dek\u00e1\u0161. Byl to tv\u016fj n\u00e1pad, ne? Tak \u0161up, n\u00e1vrh a zapome\u0148 na ten tv\u016fj Hip hop&#8230; sorry, ale nejsem Eminem.&#8220; Dal si Bill ruce v bok, Tom zav\u0159el pusu a pod\u00edval se na Andrease.<\/div>\n<div>&#8222;Co jsi mu provedl?&#8220; \u0160eptl a Andreas se jen pousm\u00e1l.<\/div>\n<div>&#8222;M\u00e1m to! In the Shadows! The Rasmus!&#8220; Vyjekl Bill a n\u00e1sledn\u011b se zku\u0161ebnou ozvalo hlasit\u00e9 &#8211; Ou ouuu! Ooo oouu!<\/p>\n<\/div>\n<div><strong>autor: Bitter<\/strong><\/div>\n<div><strong>betaread: Janule<\/strong><\/div>\n","protected":false},"excerpt":{"rendered":"<p>autor: Bitter O t\u0159i t\u00fddny pozd\u011bji &#8222;Mami, v\u00e1\u017en\u011b tam mus\u00edm? Dy\u0165 moj\u00ed v\u00fdpov\u011b\u010f maj&#8230;&#8220; Zak\u0148oural Tom a Simone mu upravila kravatu. &#8222;Nem\u00e1\u0161 se \u010deho b\u00e1t Tommy&#8230; budu tam s tebou. I Gordon&#8230; Bude to tak hodina a pak p\u016fjde\u0161 do \u0161koly.&#8220; Sna\u017eila<\/p>\n<p class=\"link-more\"><a class=\"myButt \" href=\"https:\/\/twincestblog.cz\/domains\/twincestblog.cz\/2011\/05\/02\/jsem-jako-ty-jsi-jako-ja-25\/\">Read More<\/a><\/p>\n","protected":false},"author":1,"featured_media":0,"comment_status":"open","ping_status":"open","sticky":false,"template":"","format":"standard","meta":{"_exactmetrics_skip_tracking":false,"_exactmetrics_sitenote_active":false,"_exactmetrics_sitenote_note":"","_exactmetrics_sitenote_category":0,"footnotes":""},"categories":[395],"tags":[],"class_list":["post-8753","post","type-post","status-publish","format-standard","hentry","category-jsem-jako-ty-jsi-jako-ja"],"_links":{"self":[{"href":"https:\/\/twincestblog.cz\/domains\/twincestblog.cz\/wp-json\/wp\/v2\/posts\/8753","targetHints":{"allow":["GET"]}}],"collection":[{"href":"https:\/\/twincestblog.cz\/domains\/twincestblog.cz\/wp-json\/wp\/v2\/posts"}],"about":[{"href":"https:\/\/twincestblog.cz\/domains\/twincestblog.cz\/wp-json\/wp\/v2\/types\/post"}],"author":[{"embeddable":true,"href":"https:\/\/twincestblog.cz\/domains\/twincestblog.cz\/wp-json\/wp\/v2\/users\/1"}],"replies":[{"embeddable":true,"href":"https:\/\/twincestblog.cz\/domains\/twincestblog.cz\/wp-json\/wp\/v2\/comments?post=8753"}],"version-history":[{"count":0,"href":"https:\/\/twincestblog.cz\/domains\/twincestblog.cz\/wp-json\/wp\/v2\/posts\/8753\/revisions"}],"wp:attachment":[{"href":"https:\/\/twincestblog.cz\/domains\/twincestblog.cz\/wp-json\/wp\/v2\/media?parent=8753"}],"wp:term":[{"taxonomy":"category","embeddable":true,"href":"https:\/\/twincestblog.cz\/domains\/twincestblog.cz\/wp-json\/wp\/v2\/categories?post=8753"},{"taxonomy":"post_tag","embeddable":true,"href":"https:\/\/twincestblog.cz\/domains\/twincestblog.cz\/wp-json\/wp\/v2\/tags?post=8753"}],"curies":[{"name":"wp","href":"https:\/\/api.w.org\/{rel}","templated":true}]}}