{"id":8885,"date":"2011-04-16T18:30:00","date_gmt":"2011-04-16T17:30:00","guid":{"rendered":"http:\/\/twincestblog.cz\/?p=8862"},"modified":"2011-04-16T18:30:00","modified_gmt":"2011-04-16T17:30:00","slug":"jsem-jako-ty-jsi-jako-ja-21","status":"publish","type":"post","link":"https:\/\/twincestblog.cz\/domains\/twincestblog.cz\/2011\/04\/16\/jsem-jako-ty-jsi-jako-ja-21\/","title":{"rendered":"Jsem jako ty, jsi jako j\u00e1 21."},"content":{"rendered":"<div><strong>autor: Bitter<\/strong><\/div>\n<div><\/div>\n<div><img decoding=\"async\" title=\"496\" alt=\"\" class=\"center\" src=\"http:\/\/twincestblog.cz\/wp-content\/uploads\/66051737b9_73254926_o2.jpg\" \/><\/div>\n<div><\/div>\n<div>Lhal a moc dob\u0159e to v\u011bd\u011bl. Nebyl a nebude v pohod\u011b&#8230; Lhal mu, sv\u00e9mu dvoj\u010deti, a te\u010f si nad\u00e1val, \u017ee ho poslal pry\u010d&#8230;<\/div>\n<div>Srdce k\u0159i\u010delo nad t\u00edm, jakou hloupost ud\u011blal, ale rozum moc dob\u0159e v\u011bd\u011bl, \u017ee to tak bylo lep\u0161\u00ed&#8230; v\u011bd\u011bl, \u017ee s n\u00edm by to bylo hor\u0161\u00ed.<\/div>\n<div>U\u017e takhle si sypal popel na hlavu, neunesl by je\u0161t\u011b jeho sebeobvi\u0148ov\u00e1n\u00ed. Nedok\u00e1zal by ho ut\u011b\u0161it, kdy\u017e s\u00e1m byl na dn\u011b.<\/div>\n<div>Oba na tom m\u011bli sv\u016fj pod\u00edl viny, a on te\u010f pot\u0159eboval b\u00fdt s t\u00edm sv\u00fdm s\u00e1m. Nau\u010dil se za ta l\u00e9ta, \u0159e\u0161it to tak, jak to d\u011blal v tuhle chv\u00edli.<\/div>\n<div>Zhasnul sv\u011btla a nechal \u010das, a\u0165 si d\u011bl\u00e1 co chce&#8230; p\u0159esn\u011b to d\u011blal.<\/div>\n<div>Sed\u011bl na Andreasov\u011b posteli, v jeho mikin\u011b, a nechal se halit do tmy, kter\u00e1 skr\u00fdvala v\u0161echny slzy proud\u00edc\u00ed po jeho tv\u00e1\u0159\u00edch.<\/div>\n<div>V\u0161\u00ed silou k sob\u011b tiskl Andreas\u016fv pol\u0161t\u00e1\u0159 a ti\u0161e prosil, aby byl v po\u0159\u00e1dku.<\/div>\n<hr \/>\n<div>V\u011bd\u011bl, \u017ee by m\u011bl vz\u00edt telefon, kter\u00fd co chvilku vibroval nebo j\u00edt sp\u00e1t, proto\u017ee nehled\u011b na to, co se stalo, mus\u00ed j\u00edt z\u00edtra do \u0161koly, ale nem\u011bl s\u00edlu cokoli d\u011blat. Bolelo ho jen d\u00fdchat, jak moc ho t\u00ed\u017eilo to, co se stalo.<\/div>\n<div>To on m\u011bl b\u00fdt v nemocnici. Jeho m\u011bl otec zb\u00edt, nebylo by to poprv\u00e9, srovnal by se s t\u00edm&#8230; byl zvykl\u00fd.<\/div>\n<div>M\u011bl to b\u00fdt on a ne Andreas.<\/div>\n<div>On m\u011bl m\u00edt zlomenou ruku a v\u0161echny ty podlitiny, jen\u017ee on ho br\u00e1nil&#8230;<\/div>\n<div>Br\u00e1nil ho za jeho vlastn\u00ed blbost. Br\u00e1nil jej, proto\u017ee ho miloval&#8230;<\/div>\n<div>Jen\u017ee takhle to b\u00fdt nem\u011blo.<\/div>\n<div>Kdyby se b\u00fdval neoto\u010dil nebo rychleji cuknul hlavou&#8230; nebo kdyby v\u00edc k\u0159i\u010del o pomoc&#8230; kdyby rychleji b\u011bhal&#8230; kdyby nem\u011bl podpatky&#8230; kdyby nespadl&#8230; kdyby tohle nebylo, Andreas by ho nebr\u00e1nil&#8230; Nele\u017eel by te\u010f v nemocnici a Tom by nemusel b\u00fdt u Georga.<\/div>\n<div>Mohl te\u010f klidn\u011b sp\u00e1t s blon\u010f\u00e1kem po boku&#8230;<\/div>\n<div>Za\u010d\u00ednal si \u0159\u00edkat, \u017ee m\u011bl jeho otec mo\u017en\u00e1 pravdu. Kdyby byl norm\u00e1ln\u00ed, nestalo by se to&#8230;<\/div>\n<div>\u2026<\/div>\n<div><span style=\"Andale Sans UI&#038;quot\">&#8222;<\/span><span style=\"Andale Sans UI&#038;quot\">Po\u0159\u00e1d to nebere?&#8220; Zeptal se Georg a podal Tomovi deku. Ten jen zakroutil hlavou, polo\u017eil mobil na stolek a zabalil se do deky.<\/span><\/div>\n<div>U\u017e p\u016fl hodiny sed\u011bl na balkon\u011b a pozoroval jezd\u00edc\u00ed auta. Georg n\u011bco \u0159e\u0161il s Fren a ta p\u0159ed chvilkou ode\u0161la. Vy\u010d\u00edtal si, \u017ee jim zkazil ve\u010der&#8230;<\/div>\n<div>&#8222;M\u011bl jsem tam z\u016fstat&#8230;&#8220; Broukl.<\/div>\n<div>&#8222;Stejn\u011b by t\u011b tam nepustili, a nakonec by zavolali tv\u00fdmu fotrovi&#8230; v\u00ed\u0161, \u017ees ho musel nechat.&#8220;<\/div>\n<div>&#8222;Neum\u00edm si p\u0159edstavit, jak na tom te\u010f je&#8230; m\u00e1m strach, \u017ee m\u011b nen\u00e1vid\u00ed, proto\u017ee je to moje vina&#8230; nikdy jsem nem\u011bl souhlasit s t\u00edm, aby mi pom\u00e1hal&#8230;&#8220; \u0160eptl Tom a roztr\u017eit\u011b si zap\u00e1lil dal\u0161\u00ed cigaretu. Georg si jen s povzdychem sedl vedle n\u011bj na zahradn\u00ed houpa\u010dku, v jeho p\u0159\u00edpad\u011b na balkonovou houpa\u010dku a vzal ho kolem ramen.<\/div>\n<div>&#8222;Nikdo to nemohl v\u011bd\u011bt&#8230;&#8220; Sna\u017eil se Toma alespo\u0148 trochu uklidnit.<\/div>\n<div>&#8222;Ale j\u00e1 to v\u011bd\u011bl, ch\u00e1pe\u0161? V\u011bd\u011bl jsem, \u017ee to Billovi leda ubl\u00ed\u017e\u00ed, a taky \u017ee jo&#8230; a nejen jemu&#8230; Bill je te\u010f psychicky tot\u00e1ln\u011b v prdeli a Andreas doml\u00e1cenej&#8230; A a\u017e m\u011b t\u00e1ta najde&#8230;&#8220; Nedopov\u011bd\u011bl, jen se u\u0161kl\u00edbl a popot\u00e1hl si z cigarety.<\/div>\n<div>Zakroutil hlavou a svou pozornost p\u0159enesl na p\u00e1r, kter\u00fd \u0161el na prot\u011bj\u0161\u00edm chodn\u00edku.<\/div>\n<div>&#8222;Tome&#8230; nenajde&#8230; Je to blb\u00fd, ale tohle m\u00e1 jedno velk\u00fd plus&#8230;&#8220; Za\u010dal nejist\u011b Georg a Tom se na n\u011bj pod\u00edval jako na \u0161\u00edlence.<\/div>\n<div>&#8222;Plus? Jak\u00fd m\u016f\u017ee m\u00edt tohle doprdele plus? Andreas je na padr\u0165, a to je plus? To jdi \u0159\u00edct jeho t\u00e1tovi, nebo Billovi, ty ti ur\u010dit\u011b daj za pravdu.&#8220; Sykl Tom a nev\u011b\u0159\u00edcn\u011b zakroutil hlavou.<\/div>\n<div>Georg se ale odradit nenechal. Jako by nic p\u0159e\u0161el Tom\u016fv v\u00fdbuch a pokra\u010doval.<\/div>\n<div>&#8222;Podle Fren jo&#8230; V\u00ed\u0161, my nerandili, sna\u017eili jsme se p\u0159ij\u00edt na zp\u016fsob, jak t\u011b dostat k m\u00e1m\u011b, jen dneska se to prost\u011b vymklo, ale fakt je, \u017ee jsme na nic nep\u0159i\u0161li, ale te\u010f&#8230; Pokud vznese Andyho t\u00e1ta na tv\u00fdho \u017ealobu za ubl\u00ed\u017een\u00ed na zdrav\u00ed, v\u0161echno se zm\u011bn\u00ed&#8230; Na t\u00fd zast\u00e1vce je kamera Tome&#8230; na nic se vymlouvat nebude moct&#8230; p\u016fjde\u0161 od n\u011bj. Fren u\u017e to za\u0159izuje&#8230; vyt\u00e1hla jednu k\u00e1mo\u0161ku, co d\u011bl\u00e1 na soci\u00e1lce, z postele, a hned zejtra pojedou za tvoj\u00ed m\u00e1mou, aby podala \u017e\u00e1dost o sv\u011b\u0159en\u00ed do p\u00e9\u010de. S tou \u017ealobou na n\u011bj to projede&#8230;&#8220;<\/div>\n<div>Tom se jen nech\u00e1pav\u011b d\u00edval na kamar\u00e1da, a to, \u017ee mu v ruce zat\u00edm doho\u0159ela cigereta, mu bylo \u00fapln\u011b fuk, p\u0159estal to vn\u00edmat stejn\u011b jako v\u0161echno okolo.<\/div>\n<div>&#8222;To&#8230; to jako fakt? To &#8211; to p\u016fjde?&#8220; Zakoktal se.<\/div>\n<div>&#8222;Jo, nav\u00edc Kerli sly\u0161ela, jak ti otec vyhro\u017eoval a ona je u\u017e plnolet\u00e1, dosv\u011bd\u010d\u00ed to, tak\u017ee k n\u011bmu ani nebude\u0161 muset u\u017e v\u016fbec, ani te\u010f. Do konce tejdne bude\u0161 u m\u011b, a pak pojede\u0161 k m\u00e1m\u011b&#8230;&#8220; Pousm\u00e1l se na Toma a ut\u0159el mu z tv\u00e1\u0159\u00ed slzy. Tom na n\u011bj jen civ\u011bl, a kdyby mu Georg cigaretu nesebral, pop\u00e1lila by mu prsty<\/div>\n<div>&#8222;A nebul u\u017e a poj\u010f sp\u00e1t, zejtra mus\u00ed\u0161 do \u0161koly&#8230; kdy\u017e ne kv\u016fli u\u010den\u00ed, tak kv\u016fli Billovi.&#8220; Pousm\u00e1l se na n\u011bj, bez varov\u00e1n\u00ed ho vzal i s dekou do n\u00e1ru\u010de a odnesl ho do lo\u017enice.<\/div>\n<div>\u2026<\/div>\n<div><span style=\"Andale Sans UI&#038;quot\">&#8222;<\/span><span style=\"Andale Sans UI&#038;quot\">Bille!&#8220; Zak\u0159i\u010del Tom, kdy\u017e kone\u010dn\u011b bratra zahl\u00e9dl u \u0161aten a rozb\u011bhl se k n\u011bmu. Bez varov\u00e1n\u00ed ho objal a oto\u010dil se s n\u00edm<\/span><\/div>\n<div>&#8222;Bille, j\u00e1&#8230;&#8220;<\/div>\n<div>&#8222;J\u00e1 v\u00edm, r\u00e1no mi volal Georg&#8230; promi\u0148, \u017ee jsem ti to v\u010dera nebral, ale pot\u0159eboval jsem b\u00fdt s\u00e1m&#8230;&#8220; Pousm\u00e1l se Bill omluvn\u011b a Tom jen k\u00fdvl.<\/div>\n<div>&#8222;To nic&#8230; ch\u00e1pu to, je ti alespo\u0148 trochu l\u00edp?&#8220; Staral se hned, co ho pustil, a starostliv\u011b si ho prohl\u00e9dl. Byl jako v\u017edy nal\u00ed\u010den\u00fd, tak\u017ee jak na tom je, odhadnout moc nemohl.<\/div>\n<div>&#8222;Jo, Andreas mi r\u00e1no volal&#8230; T\u00e1ta je furt u n\u011bj, tak mi volal od n\u011bj a mus\u00edm se za n\u00edm po \u0161kole stavit.&#8220; Pousm\u00e1l se Bill a Tom p\u0159itakal.<\/div>\n<div>&#8222;P\u016fjdu s tebou.&#8220;<\/div>\n<div>&#8222;Ne.&#8220; Opravil ho hned Bill, a Tom jen zalapal po dechu.<\/div>\n<div>&#8222;Zapomn\u011bl jsi, r\u00e1no mi Georg volal a j\u00e1 hned volal m\u00e1m\u011b. Ne\u017e skon\u010d\u00ed \u0161kola, tak se sejde s Fren a po \u0161kole n\u00e1s vyzvedne, j\u00e1 p\u016fjdu do nemocnice a vy p\u016fjdete na ob\u011bd&#8230; u\u017e se na tebe moc t\u011b\u0161\u00ed&#8230;&#8220; Pousm\u00e1l se Bill a cvrnkl Toma do nosu.<\/div>\n<div>&#8222;Co sis myslel, ty trumpeto?&#8220;<\/div>\n<div>&#8222;J\u00e1&#8230; j\u00e1 myslel \u017ee m\u011b Andreas kv\u016fli tomu nechce vid\u011bt nebo \u017ee ty&#8230;&#8220;<\/div>\n<div>&#8222;Andreas byl r\u00e1d, \u017ee je ta jeho zlomen\u00e1 ruka alespo\u0148 k n\u011b\u010demu dobr\u00e1.&#8220; Zasm\u00e1l se Bill a Toma objal.<\/div>\n<div>&#8222;Neboj, br\u00e1\u0161ko&#8230; u\u017e je to fajn&#8230; Fren n\u00e1s zachr\u00e1nila.&#8220;<\/div>\n<div><strong>autor: Bitter<\/strong><\/div>\n<div><strong>betaread: Janule<\/strong><\/div>\n","protected":false},"excerpt":{"rendered":"<p>autor: Bitter Lhal a moc dob\u0159e to v\u011bd\u011bl. Nebyl a nebude v pohod\u011b&#8230; Lhal mu, sv\u00e9mu dvoj\u010deti, a te\u010f si nad\u00e1val, \u017ee ho poslal pry\u010d&#8230; Srdce k\u0159i\u010delo nad t\u00edm, jakou hloupost ud\u011blal, ale rozum moc dob\u0159e v\u011bd\u011bl, \u017ee to tak bylo lep\u0161\u00ed&#8230;<\/p>\n<p class=\"link-more\"><a class=\"myButt \" href=\"https:\/\/twincestblog.cz\/domains\/twincestblog.cz\/2011\/04\/16\/jsem-jako-ty-jsi-jako-ja-21\/\">Read More<\/a><\/p>\n","protected":false},"author":1,"featured_media":0,"comment_status":"open","ping_status":"open","sticky":false,"template":"","format":"standard","meta":{"_exactmetrics_skip_tracking":false,"_exactmetrics_sitenote_active":false,"_exactmetrics_sitenote_note":"","_exactmetrics_sitenote_category":0,"footnotes":""},"categories":[395],"tags":[],"class_list":["post-8885","post","type-post","status-publish","format-standard","hentry","category-jsem-jako-ty-jsi-jako-ja"],"_links":{"self":[{"href":"https:\/\/twincestblog.cz\/domains\/twincestblog.cz\/wp-json\/wp\/v2\/posts\/8885","targetHints":{"allow":["GET"]}}],"collection":[{"href":"https:\/\/twincestblog.cz\/domains\/twincestblog.cz\/wp-json\/wp\/v2\/posts"}],"about":[{"href":"https:\/\/twincestblog.cz\/domains\/twincestblog.cz\/wp-json\/wp\/v2\/types\/post"}],"author":[{"embeddable":true,"href":"https:\/\/twincestblog.cz\/domains\/twincestblog.cz\/wp-json\/wp\/v2\/users\/1"}],"replies":[{"embeddable":true,"href":"https:\/\/twincestblog.cz\/domains\/twincestblog.cz\/wp-json\/wp\/v2\/comments?post=8885"}],"version-history":[{"count":0,"href":"https:\/\/twincestblog.cz\/domains\/twincestblog.cz\/wp-json\/wp\/v2\/posts\/8885\/revisions"}],"wp:attachment":[{"href":"https:\/\/twincestblog.cz\/domains\/twincestblog.cz\/wp-json\/wp\/v2\/media?parent=8885"}],"wp:term":[{"taxonomy":"category","embeddable":true,"href":"https:\/\/twincestblog.cz\/domains\/twincestblog.cz\/wp-json\/wp\/v2\/categories?post=8885"},{"taxonomy":"post_tag","embeddable":true,"href":"https:\/\/twincestblog.cz\/domains\/twincestblog.cz\/wp-json\/wp\/v2\/tags?post=8885"}],"curies":[{"name":"wp","href":"https:\/\/api.w.org\/{rel}","templated":true}]}}