{"id":8990,"date":"2011-04-02T14:30:00","date_gmt":"2011-04-02T13:30:00","guid":{"rendered":"http:\/\/twincestblog.cz\/?p=8967"},"modified":"2011-04-02T14:30:00","modified_gmt":"2011-04-02T13:30:00","slug":"vrat-se-mi-2","status":"publish","type":"post","link":"https:\/\/twincestblog.cz\/domains\/twincestblog.cz\/2011\/04\/02\/vrat-se-mi-2\/","title":{"rendered":"Vra\u0165 se mi&#8230; 2."},"content":{"rendered":"<div><strong>autor: Nisch<\/strong><\/p>\n<p>&#8222;Hele, co je s v\u00e1ma dv\u011bma\u2026&#8220; zeptal se Gustav twins.<\/p><\/div>\n<div>&#8222;Nic, co by bylo?&#8220; d\u011blal Bill jako by nic\u2026 vlastn\u011b\u2026 dy\u0165 se v\u00e1\u017en\u011b nic nestalo\u2026 nebo ano?<\/div>\n<div>&#8222;Jasn\u011b\u2026 nic, ur\u010dit\u011b\u2026 Hele, ned\u011blejte blb\u00fd\u2026 n\u011bco s v\u00e1mi je, proto\u017ee takhle se nikdy nechov\u00e1te\u2026&#8220;<\/div>\n<div>&#8222;Je\u017ei\u0161, nic n\u00e1m nen\u00ed\u2026 prost\u011b nem\u00e1me moc n\u00e1ladu, no\u2026 tak se do toho neser, ano?&#8220; \u0159ekl mu otr\u00e1ven\u011b Tom\u2026 Bill ho chvilku p\u0159ekvapen\u011b pozoroval\u2026 uhnul pohledem, a\u017e kdy\u017e se na n\u011bj jeho star\u0161\u00ed bratr pod\u00edval. Op\u011bt uc\u00edtil, jak se mu krev hrne do tv\u00e1\u0159\u00ed. Tom se jen usm\u00e1l\u2026 kupodivu mu to p\u0159ipadalo roztomil\u00e9.<\/p>\n<\/div>\n<div>&#8222;Ale fakt, nekec\u00e1m\u2026 v\u00e1\u017en\u011b tam byla\u2026&#8220; sm\u00e1l se Georg<\/div>\n<div>&#8222;Nev\u011b\u0159\u00edm ti\u2026 ty neum\u00ed\u0161 lh\u00e1t, Georgu\u2026 to ti nese\u017eeru\u2026&#8220; \u0159ekl pobaven\u011b Tom.<\/div>\n<div>&#8222;Si nev\u011b\u0159 vi\u010f\u2026&#8220;<\/div>\n<div>&#8222;No nebudu\u2026&#8220; sm\u00e1l se Tom<\/p>\n<\/div>\n<div>Kluci sed\u011bli v restauraci pobl\u00ed\u017e studia\u2026 Tom s Georgem se po\u0159\u00e1d dohadovali. Gustav rad\u0161i ode\u0161el\u2026 nav\u00edc m\u011bl rande se svou p\u0159\u00edtelkyn\u00ed\u2026 jedin\u00fd, kdo si p\u0159ipadal jako k\u016fl v plot\u011b, byl Bill\u2026 bylo mu l\u00edto, \u017ee si ho Tom nev\u0161\u00edm\u00e1\u2026 nejv\u00edc ho ale zabolelo, kdy\u017e si v\u0161iml blond\u00fdnky, na kterou se jeho star\u0161\u00ed dvoj\u010de po\u0159\u00e1d ot\u00e1\u010delo, dokonce k n\u00ed i \u0161el\u2026 a co bylo nejhor\u0161\u00ed?<\/div>\n<div>On ji pol\u00edbil!\u2026 sice jen na tv\u00e1\u0159, ale i p\u0159es to\u2026<\/div>\n<hr \/>\n<div>To u\u017e bylo na Billa moc\u2026 vstal a utekl ven, tam se to sna\u017eil rozd\u00fdchat a zahnat slzy, kter\u00e9 se mu draly z o\u010d\u00ed ven. Rad\u011bji nasedl do auta a odjel dom\u016f\u2026 nezaj\u00edmalo ho, jak se dostane Tom dom\u016f\u2026 v\u017edy\u0165 si ho ani nev\u0161iml, tak pro\u010d by se m\u011bl o n\u011bj starat?<\/p>\n<\/div>\n<div>&#8222;BILLEEE!&#8220; \u2026 &#8222;Sakra!\u2026&#8220; zanad\u00e1val Tom, kdy\u017e vid\u011bl vzdaluj\u00edc\u00ed se auto sv\u00e9ho bratra\u2026 nech\u00e1pal, co to do n\u011bj vjelo\u2026 prost\u011b se sebre a odjede.<\/div>\n<div>&#8222;Co se stalo?&#8220; zeptal se Georg, kdy\u017e se star\u0161\u00ed z twins vr\u00e1tilo zp\u00e1tky do restaurace.<\/div>\n<div>&#8222;Odjel\u2026&#8220; \u0159ekl Tom nech\u00e1pav\u011b, zklaman\u011b\u2026 z\u00e1rove\u0148 ale na\u0161tvan\u011b.<\/div>\n<div>&#8222;Jak jako odjel\u2026&#8220; nech\u00e1pal Georg.<\/div>\n<div>&#8222;Prost\u011b odjel!&#8220; \u0159ekl Tom trochu v\u00edc na hlas, ne\u017e p\u016fvodn\u011b cht\u011bl\u2026 p\u00e1r lid\u00ed se oto\u010dilo sm\u011brem k nim<\/div>\n<div>&#8222;Tak klid\u2026 nemus\u00ed\u0161 se hned na\u0161tvat\u2026&#8220; br\u00e1nil se Ge.<\/div>\n<div>&#8222;Promi\u0148 j\u00e1\u2026 jen m\u011b to na\u0161tvalo\u2026 prost\u011b se beze slova sebere a odejde\u2026&#8220; povzdychl si Tom.<\/div>\n<div>&#8222;Tak j\u00e1 t\u011b hodim dom\u016f, ok?&#8220; nab\u00eddl se mu dlouhovlas\u00fd k\u00e1mo\u0161.<\/div>\n<div>&#8222;Ok\u2026&#8220; usm\u00e1l se Tom. A\u017e p\u0159ijede dom\u016f, bude si muset promluvit s Billem\u2026 mus\u00ed mu to vysv\u011btlit\u2026 mrzelo ho to\u2026 v\u017edy\u0165 mu nic neud\u011blal\u2026 nebo snad\u2026 <em>To ne\u2026<\/em> uv\u011bdomil si, co Bill asi vid\u011bl. Musel co nejrychleji dom\u016f, vysv\u011btlit mu to\u2026 \u0159\u00edct mu, \u017ee to nen\u00ed tak, jak si mysl\u00ed\u2026<\/div>\n<div>&#8222;Georgu\u2026 m\u016f\u017eeme jet pros\u00edm hned?&#8220; pod\u00edval se na n\u011bj zoufale Tom. Georg to moc nepobral, ale souhlasil. Tom nech\u00e1pal, pro\u010d m\u00e1 takov\u00fd pocit viny, nech\u00e1pal, pro\u010d tak sp\u011bch\u00e1, aby to vysv\u011btlil sv\u00e9mu br\u00e1\u0161kovi\u2026 nebo, u\u017e to snad pro n\u011bj byl v\u00edc ne\u017e jen bratr?<\/p>\n<\/div>\n<div>Bill dorazil dom\u016f\u2026 slzy mu po\u0159\u00e1d tekly po tv\u00e1\u0159\u00edch jako vodop\u00e1d, kter\u00fd se nechce zastavit\u2026<\/div>\n<div>Jak mu to mohl Tom ud\u011blat\u2026 Jemu!<\/div>\n<div>&#8222;Pro\u010d, doprdele\u2026 PRO\u010c!&#8220; k\u0159i\u010del Bill na cel\u00fd d\u016fm. Byl zmaten\u00fd\u2026 v\u010dera by mu to je\u0161t\u011b nevadilo a te\u010f? V\u017edy\u0165 tu u\u017e m\u011bl Tom tolik holek\u2026 bylo mu to sice nep\u0159\u00edjemn\u00e9, ale \u017ee by kv\u016fli tomu takhle vyv\u00e1d\u011bl?<\/div>\n<div>Bouchl rukou o kuchy\u0148skou linku.<\/div>\n<div>&#8222;Sakra\u2026&#8220; sykl\u2026 bouchl v\u011bt\u0161\u00ed silou, ne\u017e m\u011bl v pl\u00e1nu\u2026 ruka mu b\u011bhem chvilky otekla\u2026<\/div>\n<div>to u\u017e bylo na Billa moc\u2026 op\u0159el se o ze\u010f v kuchyni, po kter\u00e9 se sesunul na zem, kde se dal do hysterick\u00e9ho pl\u00e1\u010de\u2026<\/p>\n<\/div>\n<div><strong>autor: Nisch<\/strong><\/div>\n<div><strong>betaread: Janule<\/strong><\/div>\n","protected":false},"excerpt":{"rendered":"<p>autor: Nisch &#8222;Hele, co je s v\u00e1ma dv\u011bma\u2026&#8220; zeptal se Gustav twins. &#8222;Nic, co by bylo?&#8220; d\u011blal Bill jako by nic\u2026 vlastn\u011b\u2026 dy\u0165 se v\u00e1\u017en\u011b nic nestalo\u2026 nebo ano? &#8222;Jasn\u011b\u2026 nic, ur\u010dit\u011b\u2026 Hele, ned\u011blejte blb\u00fd\u2026 n\u011bco s v\u00e1mi je, proto\u017ee takhle se<\/p>\n<p class=\"link-more\"><a class=\"myButt \" href=\"https:\/\/twincestblog.cz\/domains\/twincestblog.cz\/2011\/04\/02\/vrat-se-mi-2\/\">Read More<\/a><\/p>\n","protected":false},"author":1,"featured_media":0,"comment_status":"open","ping_status":"open","sticky":false,"template":"","format":"standard","meta":{"_exactmetrics_skip_tracking":false,"_exactmetrics_sitenote_active":false,"_exactmetrics_sitenote_note":"","_exactmetrics_sitenote_category":0,"footnotes":""},"categories":[419],"tags":[],"class_list":["post-8990","post","type-post","status-publish","format-standard","hentry","category-vrat-se-mi"],"_links":{"self":[{"href":"https:\/\/twincestblog.cz\/domains\/twincestblog.cz\/wp-json\/wp\/v2\/posts\/8990","targetHints":{"allow":["GET"]}}],"collection":[{"href":"https:\/\/twincestblog.cz\/domains\/twincestblog.cz\/wp-json\/wp\/v2\/posts"}],"about":[{"href":"https:\/\/twincestblog.cz\/domains\/twincestblog.cz\/wp-json\/wp\/v2\/types\/post"}],"author":[{"embeddable":true,"href":"https:\/\/twincestblog.cz\/domains\/twincestblog.cz\/wp-json\/wp\/v2\/users\/1"}],"replies":[{"embeddable":true,"href":"https:\/\/twincestblog.cz\/domains\/twincestblog.cz\/wp-json\/wp\/v2\/comments?post=8990"}],"version-history":[{"count":0,"href":"https:\/\/twincestblog.cz\/domains\/twincestblog.cz\/wp-json\/wp\/v2\/posts\/8990\/revisions"}],"wp:attachment":[{"href":"https:\/\/twincestblog.cz\/domains\/twincestblog.cz\/wp-json\/wp\/v2\/media?parent=8990"}],"wp:term":[{"taxonomy":"category","embeddable":true,"href":"https:\/\/twincestblog.cz\/domains\/twincestblog.cz\/wp-json\/wp\/v2\/categories?post=8990"},{"taxonomy":"post_tag","embeddable":true,"href":"https:\/\/twincestblog.cz\/domains\/twincestblog.cz\/wp-json\/wp\/v2\/tags?post=8990"}],"curies":[{"name":"wp","href":"https:\/\/api.w.org\/{rel}","templated":true}]}}