{"id":9013,"date":"2011-03-30T15:00:00","date_gmt":"2011-03-30T14:00:00","guid":{"rendered":"http:\/\/twincestblog.cz\/?p=8990"},"modified":"2011-03-30T15:00:00","modified_gmt":"2011-03-30T14:00:00","slug":"vrat-se-mi-1","status":"publish","type":"post","link":"https:\/\/twincestblog.cz\/domains\/twincestblog.cz\/2011\/03\/30\/vrat-se-mi-1\/","title":{"rendered":"Vra\u0165 se mi&#8230; 1."},"content":{"rendered":"<div><strong>autor: Nisch<\/strong><\/div>\n<div><\/div>\n<div>&#8222;Tome, m\u016f\u017ee\u0161 d\u011blat? Nechci zase p\u0159ij\u00edt pozd\u011b\u2026&#8220; zavolal netrp\u011bliv\u011b Bill od hlavn\u00edch dve\u0159\u00ed. Nerozum\u011bl tomu\u2026 v\u017edycky mus\u00ed jeho bratr zdr\u017eovat. Nerv\u00f3zn\u011b poklep\u00e1val nehty o futra dve\u0159\u00ed\u2026 byl opravdu netrp\u011bliv\u00fd\u2026 u\u017e tak m\u011bli desetiminutov\u00e9 zpo\u017ed\u011bn\u00ed.<\/div>\n<div>&#8222;Aby si se nezbl\u00e1znil\u2026 a jak\u00fd zase? Copak jsme u\u017e n\u011bkdy p\u0159i\u0161li n\u011bkam pozd\u011b\u2026&#8220; nech\u00e1pal Tom, kdy\u017e si obouval boty\u2026 &#8222;Tak jdem, ne?&#8220; zaculil se na Billa a vyb\u011bhl z domu k autu\u2026 Bill jen proto\u010dil o\u010di\u2026 rad\u0161i zamkl a zhluboka se nadechl\u2026 necht\u011bl se se sv\u00fdm bratrem h\u00e1dat hned po r\u00e1nu\u2026 <\/p>\n<\/div>\n<div>&#8222;\u0158\u00eddim, dej mi kl\u00ed\u010dky,&#8220; nat\u00e1hl Tom ke sv\u00e9mu extravagantn\u00edmu dvoj\u010deti ruku\u2026<\/div>\n<div>&#8222;Tak to ani n\u00e1hodou\u2026 Za prv\u00e9 je to moje auto a za druh\u00e9 mi nep\u0159ipad\u00e1\u0161 n\u011bjak moc st\u0159\u00edzliv\u00fd\u2026 tak\u017ee ne\u2026&#8220; odpov\u011bd\u011bl mu Bill a chystal se otev\u0159\u00edt dve\u0159e na m\u00edsto \u0159idi\u010de\u2026<\/div>\n<div>Tom byl v\u0161ak rychlej\u0161\u00ed\u2026 chytl Billa za ruku a p\u0159it\u00e1hl si ho t\u011bsn\u011b k sob\u011b\u2026 jejich rty od sebe d\u011blilo jen pouh\u00fdch p\u00e1r centimetr\u016f. <\/div>\n<hr \/>\n<div><\/div>\n<div>&#8222;Pro\u010d si mysl\u00ed\u0161, \u017ee nejsem st\u0159\u00edzl\u00edvej\u2026?&#8220; zeptal se ho Tom s \u0161ibalsk\u00fdm \u00fasm\u011bvem\u2026 d\u00edval se mu hluboko do o\u010d\u00ed\u2026 p\u0159i\u0161ly mu v tu chv\u00edli tak n\u00e1dhern\u00e9 jako nikdy\u2026 p\u0159esto, \u017ee se do nich d\u00edval u\u017e nes\u010d\u00edsln\u011bkr\u00e1t\u2026<\/div>\n<div>&#8222;Proto\u017ee jsem t\u011b v\u010dera, vlastn\u011b dneska, vid\u011bl, v jak\u00fdm stavu ses vr\u00e1til dom\u016f\u2026 proto.&#8220; argumentoval Bill\u2026 chv\u00edli se na sebe jen d\u00edvali. Bill m\u011bl neskute\u010dnou chu\u0165 sv\u00e9ho bratra pol\u00edbit\u2026 nerozum\u011bl tomu\u2026 p\u0159ipadalo mu to na jednu stranu zvrhl\u00e9, ale na druhou stranu po tom najednou tolik tou\u017eil\u2026 b\u00e1l se ale Tomovy reakce\u2026 v\u017edy\u0165 to byl jeho bratr, jeho dvoj\u010de\u2026 rad\u011bji se mu vytrhl a nastoupil do auta\u2026 v hlav\u011b m\u011bl zmatek\u2026<\/p>\n<\/div>\n<div><strong>BILL<\/strong><\/p>\n<\/div>\n<div>Sakra, co se to se mnou <em>d\u011bje\u2026 proboha, vzpamatuj se, Bille\u2026<\/em> zat\u0159epal jsem hlavou a na chv\u00edli zav\u0159el o\u010di\u2026<\/div>\n<div>&#8222;Bille? Jsi v pohod\u011b?&#8220; uc\u00edtil jsem Tomovu ruku na sv\u00e9m rameni, pod\u00edval jsem se na n\u011bj\u2026 kdy\u017e jsem vid\u011bl ty jeho o\u010di\u2026 ty n\u00e1dhern\u00e9 \u010dokol\u00e1dov\u00e9 o\u010di, m\u011bl jsem pocit, jako by se zastavil \u010das\u2026 a\u017e po chv\u00edli jsem si uv\u011bdomil, \u017ee na n\u011bj po\u0159\u00e1d z\u00edr\u00e1m.<\/div>\n<div>&#8222;Ehm\u2026 jasn\u011b\u2026&#8220; vykoktal jsem ze sebe a nastartoval\u2026 b\u011bhem chvilky jsem uc\u00edtil, jak m\u011b p\u00e1l\u00ed tv\u00e1\u0159e\u2026 <em>To nen\u00ed mo\u017en\u00fd\u2026 j\u00e1 fakt \u010derven\u00e1m\u2026 a kv\u016fli Tomovi\u2026 to nen\u00ed dobr\u00fd\u2026<\/em> letmo jsem se na n\u011bj pod\u00edval\u2026 koukal z okna a usm\u00edval se. <em>No v\u00fdborn\u011b, te\u010f si mysl\u00ed, co nejsem za magora\u2026 a ani se mu nediv\u00edm, kdy\u017e jsem na n\u011bj taky tak z\u00edral.<\/em><\/p>\n<\/div>\n<div>Asi po p\u016flhodin\u011b jsme dorazili ke studiu\u2026 Za celou dobu jsme spolu nepromluvili ani slovo\u2026 v\u016fbec, celou cestu panovala v aut\u011b takov\u00e1 divn\u00e1, \u0159ekl bych dokonce i napjat\u00e1 atmosf\u00e9ra\u2026 alespo\u0148 z m\u00e9 strany. Tom se po\u0159\u00e1d p\u0159iblble usm\u00edval jako zhulenej m\u011bs\u00ed\u010dek.<\/div>\n<div>J\u00e1 jsem zase musel po\u0159\u00e1d myslet na to, co se stalo p\u0159ed t\u00edm, ne\u017e jsme odjeli\u2026 jakou jsem m\u011bl chu\u0165 ochutnat jeho rty\u2026 v\u00e1\u017en\u011b jsem p\u0159estal pozn\u00e1vat s\u00e1m sebe\u2026 v\u017edycky jsem si \u0159\u00edkal, a nejen sob\u011b, \u017ee nejsem na kluky, a te\u010f? Mo\u017en\u00e1 to nic neznamen\u00e1, mo\u017en\u00e1 ano\u2026<\/p>\n<\/div>\n<div>&#8222;Bille?&#8220; vytrhl m\u011b z p\u0159em\u00fd\u0161len\u00ed Tom\u016fv hlas<\/div>\n<div>&#8222;Hmm\u2026 co?&#8220; oto\u010dil jsem k n\u011bmu hlavu\u2026 d\u00edval se na m\u011b ustaran\u00fdm pohledem\u2026 zprvu jsem nech\u00e1pal, pro\u010d se m\u011b tak d\u00edv\u00e1\u2026<\/div>\n<div>&#8222;No co?&#8220; zeptal jsem se nech\u00e1pav\u011b. Jen zavrt\u011bl hlavou\u2026<\/div>\n<div>&#8222;Ale nic, jen \u2026&#8220; povzdychl si.<\/div>\n<div>&#8222;Jdeme?&#8220; k\u00fdvnul jsem hlavou na souhlas, cestou ke studiu jsem \u0161el kousek za n\u00edm\u2026 po\u0159\u00e1d jsem se na n\u011bj musel d\u00edvat\u2026 na to, jak jde\u2026 prohl\u00ed\u017eel jsem si ho od hlavy a\u017e k pat\u011b\u2026 vid\u011bt m\u011b n\u011bkdo, tak si pomysl\u00ed, \u017ee ho svl\u00edk\u00e1m pohledem\u2026 i kdy\u017e, ono tomu mo\u017en\u00e1 tak bylo\u2026<\/p>\n<\/div>\n<div>Tom ve\u0161el do budovy studia s Billem v pat\u00e1ch<\/div>\n<div>&#8222;Zdarec!&#8220; zavolali na n\u011b sborov\u011b G\u00e9\u010dka, jakmile se dvoj\u010data objevila ve dve\u0159\u00edch.<\/div>\n<div>&#8222;Nazd\u00e1r\u2026&#8220; op\u011btoval jim s \u00fasm\u011bvem pozdrav Tom.<\/div>\n<div>&#8222;Ahoj\u2026&#8220; pozdravil je Bill sotva sly\u0161iteln\u011b.<\/div>\n<div>Georg s Gustavem se na sebe nech\u00e1pav\u011b pod\u00edvali\u2026 takhle se dvoj\u010data nikdy nechovala\u2026<\/div>\n<div>i kdy\u017e se t\u0159eba poh\u00e1dali, tak se ale choval<a name=\"0.1__GoBack\"><\/a>i, jako by se nic nestalo\u2026 tohle bylo ale jin\u00fd\u2026 Ka\u017edej sed\u011bl na jedn\u00fd seda\u010dce a koukal do pr\u00e1zdna\u2026<\/p>\n<\/div>\n<div><strong>autor: Nisch<\/strong><\/div>\n<div><strong>betaread: Janule<\/strong><\/div>\n","protected":false},"excerpt":{"rendered":"<p>autor: Nisch &#8222;Tome, m\u016f\u017ee\u0161 d\u011blat? Nechci zase p\u0159ij\u00edt pozd\u011b\u2026&#8220; zavolal netrp\u011bliv\u011b Bill od hlavn\u00edch dve\u0159\u00ed. Nerozum\u011bl tomu\u2026 v\u017edycky mus\u00ed jeho bratr zdr\u017eovat. Nerv\u00f3zn\u011b poklep\u00e1val nehty o futra dve\u0159\u00ed\u2026 byl opravdu netrp\u011bliv\u00fd\u2026 u\u017e tak m\u011bli desetiminutov\u00e9 zpo\u017ed\u011bn\u00ed. &#8222;Aby si se nezbl\u00e1znil\u2026 a jak\u00fd<\/p>\n<p class=\"link-more\"><a class=\"myButt \" href=\"https:\/\/twincestblog.cz\/domains\/twincestblog.cz\/2011\/03\/30\/vrat-se-mi-1\/\">Read More<\/a><\/p>\n","protected":false},"author":1,"featured_media":0,"comment_status":"open","ping_status":"open","sticky":false,"template":"","format":"standard","meta":{"_exactmetrics_skip_tracking":false,"_exactmetrics_sitenote_active":false,"_exactmetrics_sitenote_note":"","_exactmetrics_sitenote_category":0,"footnotes":""},"categories":[419],"tags":[],"class_list":["post-9013","post","type-post","status-publish","format-standard","hentry","category-vrat-se-mi"],"_links":{"self":[{"href":"https:\/\/twincestblog.cz\/domains\/twincestblog.cz\/wp-json\/wp\/v2\/posts\/9013","targetHints":{"allow":["GET"]}}],"collection":[{"href":"https:\/\/twincestblog.cz\/domains\/twincestblog.cz\/wp-json\/wp\/v2\/posts"}],"about":[{"href":"https:\/\/twincestblog.cz\/domains\/twincestblog.cz\/wp-json\/wp\/v2\/types\/post"}],"author":[{"embeddable":true,"href":"https:\/\/twincestblog.cz\/domains\/twincestblog.cz\/wp-json\/wp\/v2\/users\/1"}],"replies":[{"embeddable":true,"href":"https:\/\/twincestblog.cz\/domains\/twincestblog.cz\/wp-json\/wp\/v2\/comments?post=9013"}],"version-history":[{"count":0,"href":"https:\/\/twincestblog.cz\/domains\/twincestblog.cz\/wp-json\/wp\/v2\/posts\/9013\/revisions"}],"wp:attachment":[{"href":"https:\/\/twincestblog.cz\/domains\/twincestblog.cz\/wp-json\/wp\/v2\/media?parent=9013"}],"wp:term":[{"taxonomy":"category","embeddable":true,"href":"https:\/\/twincestblog.cz\/domains\/twincestblog.cz\/wp-json\/wp\/v2\/categories?post=9013"},{"taxonomy":"post_tag","embeddable":true,"href":"https:\/\/twincestblog.cz\/domains\/twincestblog.cz\/wp-json\/wp\/v2\/tags?post=9013"}],"curies":[{"name":"wp","href":"https:\/\/api.w.org\/{rel}","templated":true}]}}