{"id":9029,"date":"2011-03-28T14:30:00","date_gmt":"2011-03-28T13:30:00","guid":{"rendered":"http:\/\/twincestblog.cz\/?p=9006"},"modified":"2011-03-28T14:30:00","modified_gmt":"2011-03-28T13:30:00","slug":"nechci-bez-tebe-zit-1","status":"publish","type":"post","link":"https:\/\/twincestblog.cz\/domains\/twincestblog.cz\/2011\/03\/28\/nechci-bez-tebe-zit-1\/","title":{"rendered":"Nechci bez tebe \u017e\u00edt! 1."},"content":{"rendered":"<div>\n<div>\n<div><strong>autor: Ter\u00fd<\/strong><\/p>\n<\/div>\n<div><em>Ahojky&#8230; Pos\u00edl\u00e1m dal\u0161\u00ed pov\u00eddku&#8230; Douf\u00e1m, \u017ee se bude l\u00edbit. Ten prvn\u00ed d\u00edl je dost kr\u00e1tk\u00fd, zat\u00edm jen takov\u00fd \u00favod. Dal\u0161\u00ed d\u00edly u\u017e budou o n\u011bco del\u0161\u00ed&#8230; Ter\u00fd.<\/em><\/div>\n<div><img decoding=\"async\" title=\"525\" alt=\"\" class=\"center\" src=\"http:\/\/twincestblog.cz\/wp-content\/uploads\/c5b6b497ef_74822409_o2.jpg\" \/><\/div>\n<div><\/div>\n<div>Sed\u00edm na posteli v m\u00e9m pokoji. Je mi 20let. Budu v\u00e1m vypr\u00e1v\u011bt p\u0159\u00edb\u011bh m\u00e9ho \u017eivota. Je to dlouh\u00fd p\u0159\u00edb\u011bh tak pozorn\u011b \u010dt\u011bte&#8230;<\/p>\n<\/div>\n<div>Byl jsem oby\u010dejn\u00fd 16let\u00fd  kluk, kter\u00fd bydlel s\u00e1m. M\u00e1ma m\u011b vyhodila z domu, proto\u017ee moje sestra j\u00ed ukradla 2000 korun a svedla to na m\u011b, bylo mi 15 let.<\/div>\n<div>Kdy\u017e mi bylo 10 let tak t\u00e1ta m\u011bl autonehodu a zem\u0159el. M\u00e1m bratra, tedy l\u00e9pe \u0159e\u010deno dvoj\u010de, jmenuje se Tom. Nikdy mne nem\u011bl moc v oblib\u011b. Sice nev\u00edm pro\u010d, ale bylo to bohu\u017eel tak. Je mi l\u00edto, jak to dopadlo. Tom m\u011b m\u011bl za zlod\u011bje a nen\u00e1vid\u011bl mne je\u0161t\u011b v\u00edce. Tak moc mi chyb\u011bl, z cel\u00e9 rodiny nejv\u00edce. Ale zm\u011bnit se to u\u017e bohu\u017eel nedalo.<\/p>\n<\/div>\n<div>Bydlel jsem v takov\u00e9m mal\u00e9m dome\u010dku. Byl skoro pr\u00e1zdn\u00fd. P\u0159\u00edtele jsem m\u011bl jen chvilku. Jmenoval se Michal. Vyka\u0161lal se na m\u011b, proto\u017ee u\u017e jsem nebyl ten bohat\u00fd chlapec jako d\u0159\u00edv. M\u011bl m\u011b r\u00e1d jen kv\u016fli pen\u011bz\u016fm a stejn\u011b tak i moji b\u00fdval\u00ed p\u0159\u00e1tel\u00e9. Bavili se se mnou tak\u00e9 jen kv\u016fli pen\u011bz\u016fm.<\/div>\n<hr \/>\n<div>Sed\u011bl jsem u okna a d\u00edval se na m\u00e9 spolu\u017e\u00e1ky, kte\u0159\u00ed se se mnou nikdy nebavili. Mysleli si, \u017ee jsem nafoukan\u00fd a zazoban\u00fd debil, s prominut\u00edm.<\/p>\n<\/div>\n<div>D\u00edval jsem se na n\u011b  a p\u0159em\u00fd\u0161lel o sv\u00e9m \u017eivot\u011b. Ani jsem si nev\u0161iml, \u017ee n\u011bkdo zvon\u00ed. Po chvilce to p\u0159e\u0161lo k hlasit\u00e9mu bouch\u00e1n\u00ed na dve\u0159e, a v tu chv\u00edli jsem zaregistroval ten zvuk. Odtrhnul jsem o\u010di, od obrazu v okn\u011b a \u0161el jsem otev\u0159\u00edt. St\u00e1l tam n\u011bjak\u00fd podivn\u00fd chlap, kter\u00fd m\u011bl na sob\u011b jen c\u00e1r otrhan\u00fdch mont\u00e9rek. Podal mi ob\u00e1lku, nic ne\u0159ekl a ode\u0161el, ani nepozdravil. Zav\u0159el jsem dve\u0159e a sedl si znovu na tu \u017eidli. Otev\u0159el jsem ob\u00e1lku a \u010detl jsem:<\/div>\n<div><em>,,Dobr\u00fd  den, oznamuji v\u00e1m, \u017ee v nejbli\u017e\u0161\u00ed  dob\u011b, v\u00e1m odst\u0159ihneme elekt\u0159inu. Nezaplatil jste ji u\u017e t\u0159i m\u011bs\u00edce.&#8220;<\/em><\/p>\n<\/div>\n<div>D\u00e1l jsem to u\u017e ani ne\u010detl. Nem\u011bl jsem pen\u00edze na bydlen\u00ed. Sotva jsem m\u011bl na j\u00eddlo a na vodu. Jedin\u00e9, z \u010deho jsem \u017eil, byly p\u0159\u00eddavky a praxe. Na brig\u00e1du jsem se nikde nedostal. Nev\u00edm, pro\u010d m\u011b necht\u011bli nikam vz\u00edt.<\/p>\n<\/div>\n<div>\u0160el jsem do kuchyn\u011b, otev\u0159el lednici, bylo tam pr\u00e1zdno. Cht\u011bl jsem j\u00edt tedy do kr\u00e1mu n\u011bco koupit, ale kdy\u017e jsem si obl\u00edkl bundu a otev\u0159el pen\u011b\u017eenku, bylo tam tak\u00e9 pr\u00e1zdno. Odlo\u017eil jsem tedy znovu bundu a lehl si na starou, ztrouchniv\u011blou, skoro se rozpadaj\u00edc\u00ed postel. Pod\u00edval jsem se sm\u011brem k oknu, venku pr\u0161elo. Sklonil jsem hlavu. Najednou mi n\u011bco za\u010dalo kapat na hlavu. Pod\u00edval jsem se ke stropu. Kapala tam voda. I st\u0159echa byla cel\u00e1 rozbit\u00e1 a d\u011brav\u00e1.<\/p>\n<\/div>\n<div>Zvedl jsem se, odt\u00e1hl postel trochu d\u00e1l, a na m\u00edsto, kde kapala voda, polo\u017eil k\u00fdbl. Lehl jsem si znovu na postel. Vzal jsem do ruky fotku Toma. D\u00edval jsem se na ni, a\u017e mi do o\u010di vl\u00edtly slzy. Tak moc mi chyb\u011bl, u\u017e dlouho jsem ho nebral jen jako bratra. Ale to on nev\u011bd\u011bl. On si o mn\u011b myslel, \u017ee jsem zlod\u011bj. Tak moc bych ho cht\u011bl vid\u011bt. Stisknout ho v n\u00e1ru\u010di a nepustit ho. Doufal jsem, \u017ee mi to n\u011bkdy odpust\u00ed.<\/p>\n<\/div>\n<div>Slzy padaly proudem k zemi, najednou zhasla sv\u011btla a j\u00e1 tam le\u017eel ve tm\u011b. Do\u0161lo mi, \u017ee odpojili elekt\u0159inu. Co asi d\u011bl\u00e1 te\u010f Tom, pomyslel jsem si. No na m\u011b ur\u010dit\u011b nemysl\u00ed, let\u011bla druh\u00e1 my\u0161lenka. Bylo to tam tak tmav\u00e9 a vlhk\u00e9, a te\u010f je\u0161t\u011b bez sv\u011btla. Nev\u011bd\u011bl jsem, jak tady p\u0159e\u017eiju, kdy\u017e jsem u\u017e nem\u011bl ani na j\u00eddlo, ale v\u011bd\u011bl jsem, \u017ee to budu muset vy\u0159e\u0161it. Sna\u017eil jsem se usnout a poda\u0159ilo se mi to&#8230;<\/p>\n<\/div>\n<div><strong>autor: Ter\u00fd<\/strong><\/div>\n<div><strong>betaread: Janule<\/strong><\/div>\n<\/div>\n<\/div>\n","protected":false},"excerpt":{"rendered":"<p>autor: Ter\u00fd Ahojky&#8230; Pos\u00edl\u00e1m dal\u0161\u00ed pov\u00eddku&#8230; Douf\u00e1m, \u017ee se bude l\u00edbit. Ten prvn\u00ed d\u00edl je dost kr\u00e1tk\u00fd, zat\u00edm jen takov\u00fd \u00favod. Dal\u0161\u00ed d\u00edly u\u017e budou o n\u011bco del\u0161\u00ed&#8230; Ter\u00fd. Sed\u00edm na posteli v m\u00e9m pokoji. Je mi 20let. Budu v\u00e1m vypr\u00e1v\u011bt p\u0159\u00edb\u011bh<\/p>\n<p class=\"link-more\"><a class=\"myButt \" href=\"https:\/\/twincestblog.cz\/domains\/twincestblog.cz\/2011\/03\/28\/nechci-bez-tebe-zit-1\/\">Read More<\/a><\/p>\n","protected":false},"author":1,"featured_media":0,"comment_status":"open","ping_status":"open","sticky":false,"template":"","format":"standard","meta":{"_exactmetrics_skip_tracking":false,"_exactmetrics_sitenote_active":false,"_exactmetrics_sitenote_note":"","_exactmetrics_sitenote_category":0,"footnotes":""},"categories":[418],"tags":[],"class_list":["post-9029","post","type-post","status-publish","format-standard","hentry","category-nechci-bez-tebe-zit"],"_links":{"self":[{"href":"https:\/\/twincestblog.cz\/domains\/twincestblog.cz\/wp-json\/wp\/v2\/posts\/9029","targetHints":{"allow":["GET"]}}],"collection":[{"href":"https:\/\/twincestblog.cz\/domains\/twincestblog.cz\/wp-json\/wp\/v2\/posts"}],"about":[{"href":"https:\/\/twincestblog.cz\/domains\/twincestblog.cz\/wp-json\/wp\/v2\/types\/post"}],"author":[{"embeddable":true,"href":"https:\/\/twincestblog.cz\/domains\/twincestblog.cz\/wp-json\/wp\/v2\/users\/1"}],"replies":[{"embeddable":true,"href":"https:\/\/twincestblog.cz\/domains\/twincestblog.cz\/wp-json\/wp\/v2\/comments?post=9029"}],"version-history":[{"count":0,"href":"https:\/\/twincestblog.cz\/domains\/twincestblog.cz\/wp-json\/wp\/v2\/posts\/9029\/revisions"}],"wp:attachment":[{"href":"https:\/\/twincestblog.cz\/domains\/twincestblog.cz\/wp-json\/wp\/v2\/media?parent=9029"}],"wp:term":[{"taxonomy":"category","embeddable":true,"href":"https:\/\/twincestblog.cz\/domains\/twincestblog.cz\/wp-json\/wp\/v2\/categories?post=9029"},{"taxonomy":"post_tag","embeddable":true,"href":"https:\/\/twincestblog.cz\/domains\/twincestblog.cz\/wp-json\/wp\/v2\/tags?post=9029"}],"curies":[{"name":"wp","href":"https:\/\/api.w.org\/{rel}","templated":true}]}}