{"id":9052,"date":"2011-03-25T15:30:00","date_gmt":"2011-03-25T14:30:00","guid":{"rendered":"http:\/\/twincestblog.cz\/?p=9029"},"modified":"2011-03-25T15:30:00","modified_gmt":"2011-03-25T14:30:00","slug":"tomi-pamatujes","status":"publish","type":"post","link":"https:\/\/twincestblog.cz\/domains\/twincestblog.cz\/2011\/03\/25\/tomi-pamatujes\/","title":{"rendered":"Tomi, pamatuje\u0161?"},"content":{"rendered":"<div>\n<div>\n<div><strong>autor: El<\/strong><\/p>\n<\/div>\n<div><em>Hl\u00e1s\u00edm se s dal\u0161\u00ed jednor\u00e1zovou \ud83d\ude42 Hrozn\u011b m\u011b pot\u011b\u0161ilo, kdy\u017e sem zjistil, \u017ee ve st\u0159edu 16.3.  &#8222;to bylo poprv\u00e9\u2026&#8220; byl druh\u00fd nej\u010dten\u011bj\u0161\u00ed \u010dl\u00e1nek dne :))<\/em><\/div>\n<div><em>Bohu\u017eel m\u011b  ale taky tro\u0161ku zklamalo to, kdy\u017e  sem vid\u011bla, kolik lid\u00ed to okomentovalo a kliklo na anketu\u2026<\/em><\/div>\n<div><em>No&#8230; to je jedno \ud83d\ude00 M\u00e1m je\u0161t\u011b napsanou jednu jednod\u00edlku, kter\u00e1 je ale zat\u00edm na pap\u00edru a moc s n\u00ed nejsem spokojen\u00e1. Tak\u017ee uvid\u00edm, co z toho bude. Jestli ji p\u0159ep\u00ed\u0161u, uprav\u00edm a po\u0161lu, nebo nech\u00e1m jenom v se\u0161it\u011b na matiku xDD<\/em><\/div>\n<div><em>Jinak rozhodn\u011b  pot\u011b\u0161\u00ed ka\u017ed\u00fd koment\u00e1\u0159\u2026:)<\/em><\/div>\n<div><em>D\u011bkuju El<\/em><\/div>\n<div><img decoding=\"async\" title=\"139\" alt=\"\" class=\"center\" src=\"http:\/\/twincestblog.cz\/wp-content\/uploads\/40ad42ff62_74727464_o2.jpg\" \/><\/div>\n<div><\/div>\n<div>&#8222;Tomi, pamatuje\u0161 na ten den, kdy jsme poprv\u00e9 spat\u0159ili sv\u011btlo sv\u011bta?&#8220; <\/div>\n<div>&#8220; Ne.&#8220; <\/div>\n<div>&#8222;Tomi, pamatuje\u0161 na ten den, kdy n\u00e1m byl jeden rok a um\u0159el n\u00e1m pes?&#8220; <\/div>\n<div>&#8220; Ne.&#8220; <\/div>\n<div>&#8222;Tomi, pamatuje\u0161 na ten den, kdy n\u00e1m byly t\u0159i roky, a j\u00e1 poprv\u00e9 spal ve tv\u00e9 posteli, proto\u017ee j\u00e1 se s\u00e1m b\u00e1l bou\u0159ky, co zrovna venku \u0159\u00e1dila?&#8220; <\/div>\n<div>&#8220; Ano.&#8220; <\/div>\n<div>&#8222;Tomi, pamatuje\u0161 na ten den, kdy n\u00e1m bylo p\u011bt, a j\u00e1 ti zlomil nos?&#8220; <\/div>\n<hr \/>\n<p><\/p>\n<div>&#8222;Ano.&#8220; <\/div>\n<div>&#8222;Tomi, pamatuje\u0161 na ten den, kdy n\u00e1m bylo deset let, a j\u00e1 ti k narozenin\u00e1m nic nedal a tys mi slo\u017eil p\u00edsni\u010dku?&#8220; <\/div>\n<div>&#8220; Ano.&#8220; <\/div>\n<div>&#8222;Tomi, pamatuje\u0161 na ten den, kdy n\u00e1m bylo \u010dtrn\u00e1ct let, a poprv\u00e9 jsi m\u011b pol\u00edbil?&#8220; <\/div>\n<div>&#8220; Ano.&#8220; <\/div>\n<div>&#8222;Tomi, pamatuje\u0161 na ten den, kdy n\u00e1m bylo patn\u00e1ct let a poprv\u00e9 ses m\u011b dot\u00fdkal tam, kde jsem to nikomu jin\u00e9mu nedovolil?&#8220; <\/div>\n<div>&#8220; Ano.&#8220; <\/div>\n<div>&#8222;Tomi, pamatuje\u0161 na ten den, kdy n\u00e1m bylo \u0161estn\u00e1ct a poprv\u00e9 jsi m\u011b ud\u011blal pusou?&#8220; <\/div>\n<div>&#8220; Ano.&#8220; <\/div>\n<div>&#8222;Tomi, pamatuje\u0161 na ten den, kdy n\u00e1m bylo sedmn\u00e1ct a poprv\u00e9 jsme se milovali?&#8220; <\/div>\n<div>&#8220; Ano.&#8220; <\/div>\n<div>&#8222;Tomi, pamatuje\u0161 na ten den, kdy jsi mi poprv\u00e9 \u0159ekl \u00b4Miluju T\u011b\u00b4?&#8220; <\/div>\n<div>&#8220; Ano.&#8220; <\/div>\n<div>&#8222;Tomi, miluje\u0161 m\u011b?&#8220; <\/div>\n<div>&#8220; Ano.&#8220; <\/div>\n<div>&#8222;Tomi?&#8220; <\/div>\n<div>&#8220; Ano?&#8220; <\/div>\n<div>&#8222;Taky t\u011b miluju.&#8220;<\/p>\n<\/div>\n<div><strong>autor: El<\/strong><\/div>\n<div><strong>betaread: Janule<\/strong><\/div>\n<\/div>\n<\/div>\n","protected":false},"excerpt":{"rendered":"<p>autor: El Hl\u00e1s\u00edm se s dal\u0161\u00ed jednor\u00e1zovou \ud83d\ude42 Hrozn\u011b m\u011b pot\u011b\u0161ilo, kdy\u017e sem zjistil, \u017ee ve st\u0159edu 16.3. &#8222;to bylo poprv\u00e9\u2026&#8220; byl druh\u00fd nej\u010dten\u011bj\u0161\u00ed \u010dl\u00e1nek dne :)) Bohu\u017eel m\u011b ale taky tro\u0161ku zklamalo to, kdy\u017e sem vid\u011bla, kolik lid\u00ed to okomentovalo a<\/p>\n<p class=\"link-more\"><a class=\"myButt \" href=\"https:\/\/twincestblog.cz\/domains\/twincestblog.cz\/2011\/03\/25\/tomi-pamatujes\/\">Read More<\/a><\/p>\n","protected":false},"author":1,"featured_media":0,"comment_status":"open","ping_status":"open","sticky":false,"template":"","format":"standard","meta":{"_exactmetrics_skip_tracking":false,"_exactmetrics_sitenote_active":false,"_exactmetrics_sitenote_note":"","_exactmetrics_sitenote_category":0,"footnotes":""},"categories":[45],"tags":[],"class_list":["post-9052","post","type-post","status-publish","format-standard","hentry","category-ff-jednodilky"],"_links":{"self":[{"href":"https:\/\/twincestblog.cz\/domains\/twincestblog.cz\/wp-json\/wp\/v2\/posts\/9052","targetHints":{"allow":["GET"]}}],"collection":[{"href":"https:\/\/twincestblog.cz\/domains\/twincestblog.cz\/wp-json\/wp\/v2\/posts"}],"about":[{"href":"https:\/\/twincestblog.cz\/domains\/twincestblog.cz\/wp-json\/wp\/v2\/types\/post"}],"author":[{"embeddable":true,"href":"https:\/\/twincestblog.cz\/domains\/twincestblog.cz\/wp-json\/wp\/v2\/users\/1"}],"replies":[{"embeddable":true,"href":"https:\/\/twincestblog.cz\/domains\/twincestblog.cz\/wp-json\/wp\/v2\/comments?post=9052"}],"version-history":[{"count":0,"href":"https:\/\/twincestblog.cz\/domains\/twincestblog.cz\/wp-json\/wp\/v2\/posts\/9052\/revisions"}],"wp:attachment":[{"href":"https:\/\/twincestblog.cz\/domains\/twincestblog.cz\/wp-json\/wp\/v2\/media?parent=9052"}],"wp:term":[{"taxonomy":"category","embeddable":true,"href":"https:\/\/twincestblog.cz\/domains\/twincestblog.cz\/wp-json\/wp\/v2\/categories?post=9052"},{"taxonomy":"post_tag","embeddable":true,"href":"https:\/\/twincestblog.cz\/domains\/twincestblog.cz\/wp-json\/wp\/v2\/tags?post=9052"}],"curies":[{"name":"wp","href":"https:\/\/api.w.org\/{rel}","templated":true}]}}