{"id":9123,"date":"2011-03-15T18:00:00","date_gmt":"2011-03-15T17:00:00","guid":{"rendered":"http:\/\/twincestblog.cz\/?p=9100"},"modified":"2011-03-15T18:00:00","modified_gmt":"2011-03-15T17:00:00","slug":"i-feel-so-alone-but-i-m-not","status":"publish","type":"post","link":"https:\/\/twincestblog.cz\/domains\/twincestblog.cz\/2011\/03\/15\/i-feel-so-alone-but-i-m-not\/","title":{"rendered":"I feel so alone&#8230; but I\u00b4m not"},"content":{"rendered":"<div><\/div>\n<div><\/div>\n<div><strong>autor: Sandra Tr\u00fcmper<\/strong><\/p>\n<\/div>\n<div>&#8222;C\u00edt\u00edm se tak s\u00e1m&#8230;&#8220;<\/div>\n<div><\/div>\n<div><em>&#8222;Ale nejsi.&#8220;<\/em><\/div>\n<div><em><br \/><\/em><\/div>\n<div>&#8222;Jak to m\u016f\u017ee\u0161 v\u011bd\u011bt?&#8220;<\/div>\n<div><\/div>\n<div><em>&#8222;Stejn\u011b snadno jako ostatn\u00ed lidi na t\u00e9to planet\u011b.&#8220;<\/em><\/div>\n<div><em><br \/><\/em><\/div>\n<div>&#8222;Jak to m\u016f\u017eou v\u011bd\u011bt oni?&#8220;<\/div>\n<div><\/div>\n<div><em>&#8222;Proto\u017ee vid\u00ed.&#8220;<\/em><\/div>\n<div><em><br \/><\/em><\/div>\n<div>&#8222;Co vid\u00ed?&#8220;<\/div>\n<div><\/div>\n<div><em>&#8222;To, co ty nejsi schopn\u00fd rozeznat.&#8220;<\/em><\/div>\n<div><em><br \/><\/em><\/div>\n<div>&#8222;Jak to mysl\u00ed\u0161?&#8220;<\/div>\n<div><\/div>\n<div><em>&#8222;\u010casto nejsme schopni vid\u011bt to, co je p\u0159\u00edmo p\u0159ed n\u00e1mi\u2026, nebo vedle n\u00e1s.&#8220;<\/em><\/div>\n<div><em><br \/><\/em><\/div>\n<div>&#8222;St\u00e1le t\u011b nech\u00e1pu.&#8220;<\/div>\n<div><\/div>\n<div><em>&#8222;Ale ch\u00e1pe\u0161. Tv\u00e9 srdce rozum\u00ed mo\u017en\u00e1 a\u017e moc. Ale v\u011bdom\u011b si to nechce\u0161 p\u0159iznat.&#8220;<\/em><\/div>\n<div><em><br \/><\/em><\/div>\n<div>&#8222;To nen\u00ed pravda!&#8220;<\/div>\n<div><\/div>\n<div><em>&#8222;Pro pravdu se nejv\u00edc roz\u010dilujeme.&#8220;<\/em><\/div>\n<div><em><br \/><\/em><\/div>\n<div>&#8222;&#8230;Co jsi za\u010d?&#8220;<\/div>\n<div><\/div>\n<div><em>&#8222;V\u017edy\u0165 ty to v\u00ed\u0161.&#8220;<\/em><\/div>\n<div><em><br \/><\/em><\/div>\n<hr \/>\n<div><em><br \/><\/em><\/div>\n<div>&#8222;Kdybych to v\u011bd\u011bl, nept\u00e1m se.&#8220;<\/div>\n<div><\/div>\n<div><em>&#8222;\u010casto se pt\u00e1me na to, co v\u00edme, abychom se nemuseli pt\u00e1t na to, co nev\u00edme a \u010deho se boj\u00edme.&#8220;<\/em><\/div>\n<div><em><br \/><\/em><\/div>\n<div>&#8222;Tak dobr\u00e1. Co tedy nev\u00edm?&#8220;<\/div>\n<div><\/div>\n<div><em>&#8222;Nejsem tady od toho, abych ti to \u0159\u00edkal.&#8220;<\/em><\/div>\n<div><em><br \/><\/em><\/div>\n<div>&#8222;Tak pro\u010d tu jsi?&#8220;<\/div>\n<div><\/div>\n<div><em>&#8222;Aby se ti p\u0159estaly zd\u00e1t no\u010dn\u00ed m\u016fry. Abys znova mohl voln\u011b d\u00fdchat. A aby ses v p\u0159\u00edtomnosti sv\u00e9ho dvoj\u010dete nec\u00edtil tak sv\u00e1zan\u00fd.&#8220;<\/em><\/div>\n<div><em><br \/><\/em><\/div>\n<div>&#8222;Tom? Co ten s t\u00edm m\u00e1 spole\u010dn\u00e9ho?!&#8220;<\/div>\n<div><\/div>\n<div><em>&#8222;Nic\u2026 A z\u00e1rove\u0148 v\u0161echno.&#8220;<\/em><\/div>\n<div><em><br \/><\/em><\/div>\n<div>&#8222;Nemluv v h\u00e1dank\u00e1ch.&#8220;<\/div>\n<div><\/div>\n<div><em>&#8222;Neum\u00edm mluvit jinak. Neb\u00fdt toho&#8230;, mluv\u00edm p\u0159\u00edm\u011b. To jen ty to nechce\u0161 vid\u011bt.&#8220;<\/em><\/div>\n<div><em><br \/><\/em><\/div>\n<div>&#8222;A co bych m\u011bl vid\u011bt?&#8220;<\/div>\n<div><\/div>\n<div><em>&#8222;St\u00e1le stejn\u00e9 ot\u00e1zky&#8230; Zkus se zeptat na n\u011bco, co ti m\u016f\u017eu \u0159\u00edct jen j\u00e1.&#8220;<\/em><\/div>\n<div><em><br \/><\/em><\/div>\n<div>&#8222;A kdo vlastn\u011b jsi?&#8220;<\/div>\n<div><\/div>\n<div><em>&#8222;A je to podstatn\u00e9?&#8220;<\/em><\/div>\n<div><em><br \/><\/em><\/div>\n<div>&#8222;Je! M\u016f\u017ee\u0161 b\u00fdt n\u011bkdo, kdo m\u011b za\u010dne vyd\u00edrat, jakmile ze m\u011b vym\u00e1m\u00ed dozn\u00e1n\u00ed&#8230; a\u0165 u\u017e bude jak\u00e9koliv.&#8220;<\/div>\n<div><\/div>\n<div><em>&#8222;Jsi ve st\u0159e\u017een\u00e9m hotelov\u00e9m pokoji, Bille. Neexistuje nikdo, kdo by se k tob\u011b mohl dostat.&#8220;<\/em><\/div>\n<div><em><br \/><\/em><\/div>\n<div>&#8222;Ale st\u00e1le jsi tu ty.&#8220;<\/div>\n<div><\/div>\n<div><em>&#8222;Ano, ale tohle nen\u00ed o mn\u011b.&#8220;<\/em><\/div>\n<div><em><br \/><\/em><\/div>\n<div>&#8222;A pro\u010d tu tedy jsi?&#8220;<\/div>\n<div><\/div>\n<div><em>&#8222;Chci ti pomoct.&#8220;<\/em><\/div>\n<div><em><br \/><\/em><\/div>\n<div>&#8222;Jak mi m\u016f\u017ee\u0161 pomoct?&#8220;<\/div>\n<div><\/div>\n<div><em>&#8222;Ty snad nechce\u0161, aby ses ohledn\u011b Toma p\u0159estal c\u00edtit tak rozpa\u010dit\u011b?&#8220;<\/em><\/div>\n<div><em><br \/><\/em><\/div>\n<div>&#8222;Co-&#8222;<\/div>\n<div><\/div>\n<div><em>&#8222;Nechce\u0161 snad, aby ses p\u0159i zvuku jeho sm\u00edchu p\u0159estal t\u0159\u00e1st?&#8220;<\/em><\/div>\n<div><em><br \/><\/em><\/div>\n<div>&#8222;Co sakra-&#8222;<\/div>\n<div><\/div>\n<div><em>&#8222;Nechce\u0161, aby se ti do tv\u00e1\u0159e p\u0159estala hrnout krev, kdykoliv se na tebe pod\u00edv\u00e1?&#8220;<\/em><\/div>\n<div><em><br \/><\/em><\/div>\n<div>&#8222;Jak to, kurva, v\u00ed\u0161?!&#8220;<\/div>\n<div><\/div>\n<div><em>&#8222;Proto\u017ee jsem celou tu dobu s tebou. Proto\u017ee v\u00edm, jak se c\u00edt\u00ed\u0161.&#8220;<\/em><\/div>\n<div><em><br \/><\/em><\/div>\n<div>&#8222;Jse\u0161 snad n\u011bjakej \u00fachyl, kterej m\u011b sleduje?&#8220;<\/div>\n<div><\/div>\n<div><em>&#8222;Jen v p\u0159\u00edpad\u011b, \u017ee ty jsi \u00fachyl, kter\u00fd sleduje s\u00e1m sebe.&#8220;<\/em><\/div>\n<div><em><br \/><\/em><\/div>\n<div>&#8222;Co po mn\u011b chce\u0161?!&#8220;<\/div>\n<div><\/div>\n<div><em>&#8222;Jen t\u011bch p\u00e1r slov, Bille. Dozn\u00e1n\u00ed, kter\u00e9 ti ulev\u00ed.&#8220;<\/em><\/div>\n<div><em><br \/><\/em><\/div>\n<div>&#8222;Nev\u00edm, o \u010dem mluv\u00ed\u0161!&#8220;<\/div>\n<div><\/div>\n<div><em>&#8222;Je tak snadn\u00e9 lh\u00e1t s\u00e1m sob\u011b&#8230;&#8220;<\/em><\/div>\n<div><em><br \/><\/em><\/div>\n<div>&#8222;Co po mn\u011b chce\u0161? Co po mn\u011b kurva chce\u0161?!&#8220;<\/div>\n<div><\/div>\n<div><em>&#8222;D\u016fvod, pro\u010d se ka\u017ed\u00e9 r\u00e1no bud\u00ed\u0161 v propocen\u00e9m triku s men\u0161\u00edm probl\u00e9mem v kl\u00edn\u011b&#8230;&#8220;<\/em><\/div>\n<div><em><br \/><\/em><\/div>\n<div>&#8222;Zdaj\u00ed se mi mokr\u00e9 sny o vlastn\u00edm dvoj\u010deti, sta\u010d\u00ed?!&#8220;<\/div>\n<div><\/div>\n<div><em>&#8222;D\u016fvod, pro\u010d zrudne\u0161 kdykoliv, kdy\u017e Tom pronese n\u011bjakou dvojsmyslnou, nemravnou pozn\u00e1mku.&#8220;<\/em><\/div>\n<div><em><br \/><\/em><\/div>\n<div>&#8222;Vzru\u0161uje m\u011b vlastn\u00ed bratr&#8230; Co po mn\u011b chce\u0161 v\u00edc?&#8220;<\/div>\n<div><\/div>\n<div><em>&#8222;Pro\u010d se v\u017edycky za\u010derven\u00e1\u0161 a odvr\u00e1t\u00ed\u0161 se, sotva se t\u011b dotkne.&#8220;<\/em><\/div>\n<div><em><br \/><\/em><\/div>\n<div>&#8222;Boj\u00edm se, \u017ee vybuchnu. Boj\u00edm se, \u017ee to n\u011b\u017en\u00e9 pohlazen\u00ed nevydr\u017e\u00edm&#8230;&#8220;<\/div>\n<div><\/div>\n<div><em>&#8222;Pro\u010d se na n\u011bj d\u00edv\u00e1\u0161 jak na svat\u00fd obr\u00e1zek, kdykoliv k tomu m\u00e1\u0161 p\u0159\u00edle\u017eitost.&#8220;<\/em><\/div>\n<div><em><br \/><\/em><\/div>\n<div>&#8222;Obdivuju ho, okouzlil m\u011b, nedok\u00e1\u017eu z n\u011bj spustit zrak&#8230;&#8220;<\/div>\n<div><\/div>\n<div><em>&#8222;Pro\u010d se v jeho p\u0159\u00edtomnosti cel\u00fd rozechv\u011bje\u0161, a kdy\u017e s n\u00edm nejsi, mysl\u00ed\u0161 pouze na n\u011bj. Na jeho dlouh\u00e9 \u0159asy, pln\u00e9 rty a kr\u00e1sn\u00e9, svalnat\u00e9 t\u011blo.&#8220;<\/em><\/div>\n<div><em><br \/><\/em><\/div>\n<div>&#8222;Miluju ho&#8230;&#8220;<\/div>\n<div><\/div>\n<div><em>&#8222;Ano.&#8220;<\/em><\/div>\n<div><\/div>\n<div>&#8222;Miluju sv\u00e9ho bratra, sv\u00e9 dvoj\u010de&#8230; sv\u00e9ho Toma.&#8220;<\/div>\n<div><\/div>\n<div><em>&#8222;Ano&#8230;&#8220;<\/em><\/div>\n<div><em><br \/><\/em><\/div>\n<div>&#8222;Kdo jsi? Pro\u010d mi l\u00e1me\u0161 srdce na kousky?&#8220;<\/div>\n<div><\/div>\n<div><em>&#8222;Jsem ty. Hlas tv\u00e9ho srdce.&#8220;<\/em><\/div>\n<div><em><br \/><\/em><\/div>\n<div>&#8222;A pro\u010d m\u011b ni\u010d\u00ed\u0161?&#8220;<\/div>\n<div><\/div>\n<div><em>&#8222;Zachra\u0148uju t\u011b.&#8220;<\/em><\/div>\n<div><em><br \/><\/em><\/div>\n<div>&#8222;Nepovedlo se ti to.&#8220;<\/div>\n<div><\/div>\n<div><em>&#8222;Proto\u017ee tob\u011b u\u017e nen\u00ed pomoci. Jedin\u00fd, kdo t\u011b dok\u00e1\u017ee zachr\u00e1nit, je on.&#8220;<\/em><\/div>\n<div><em><br \/><\/em><\/div>\n<div>***<\/div>\n<div><\/div>\n<div>&#8222;Bille?&#8220;<\/div>\n<div><\/div>\n<div>&#8222;Co tu d\u011bl\u00e1\u0161, Tome?&#8220;<\/div>\n<div><\/div>\n<div>&#8222;D\u011bl\u00e1m si o tebe starosti. V posledn\u00edch dnech se chov\u00e1\u0161&#8230; divn\u011b.&#8220;<\/div>\n<div><\/div>\n<div>&#8222;&#8230;&#8220;<\/div>\n<div><\/div>\n<div>&#8222;No tak, Billy. M\u016f\u017ee\u0161 mi \u0159\u00edct v\u0161echno, to p\u0159ece v\u00ed\u0161.&#8220;<\/div>\n<div><\/div>\n<div>&#8222;Zav\u0159i o\u010di.&#8220;<\/div>\n<div><\/div>\n<div>&#8222;Pro\u010d?&#8220;<\/div>\n<div><\/div>\n<div>&#8222;Pros\u00edm, Tome! Zav\u0159i o\u010di&#8230; bude to tak lep\u0161\u00ed.&#8220;<\/div>\n<div><\/div>\n<div>Dvoje rty, oboje stejn\u011b m\u011bkk\u00e9 a vl\u00e1\u010dn\u00e9, se o sebe ot\u0159ely. Prvn\u00ed polibek byl d\u00e1n&#8230;<\/div>\n<div>A v\u0161echno ostatn\u00ed u\u017e je na nich.<\/p>\n<\/div>\n<div><strong>autor: Sandra Tr\u00fcmper<\/strong><\/div>\n<div><strong>betaread: Janule<\/strong><\/div>\n","protected":false},"excerpt":{"rendered":"<p>autor: Sandra Tr\u00fcmper &#8222;C\u00edt\u00edm se tak s\u00e1m&#8230;&#8220; &#8222;Ale nejsi.&#8220; &#8222;Jak to m\u016f\u017ee\u0161 v\u011bd\u011bt?&#8220; &#8222;Stejn\u011b snadno jako ostatn\u00ed lidi na t\u00e9to planet\u011b.&#8220; &#8222;Jak to m\u016f\u017eou v\u011bd\u011bt oni?&#8220; &#8222;Proto\u017ee vid\u00ed.&#8220; &#8222;Co vid\u00ed?&#8220; &#8222;To, co ty nejsi schopn\u00fd rozeznat.&#8220; &#8222;Jak to mysl\u00ed\u0161?&#8220; &#8222;\u010casto nejsme schopni<\/p>\n<p class=\"link-more\"><a class=\"myButt \" href=\"https:\/\/twincestblog.cz\/domains\/twincestblog.cz\/2011\/03\/15\/i-feel-so-alone-but-i-m-not\/\">Read More<\/a><\/p>\n","protected":false},"author":1,"featured_media":0,"comment_status":"open","ping_status":"open","sticky":false,"template":"","format":"standard","meta":{"_exactmetrics_skip_tracking":false,"_exactmetrics_sitenote_active":false,"_exactmetrics_sitenote_note":"","_exactmetrics_sitenote_category":0,"footnotes":""},"categories":[45],"tags":[],"class_list":["post-9123","post","type-post","status-publish","format-standard","hentry","category-ff-jednodilky"],"_links":{"self":[{"href":"https:\/\/twincestblog.cz\/domains\/twincestblog.cz\/wp-json\/wp\/v2\/posts\/9123","targetHints":{"allow":["GET"]}}],"collection":[{"href":"https:\/\/twincestblog.cz\/domains\/twincestblog.cz\/wp-json\/wp\/v2\/posts"}],"about":[{"href":"https:\/\/twincestblog.cz\/domains\/twincestblog.cz\/wp-json\/wp\/v2\/types\/post"}],"author":[{"embeddable":true,"href":"https:\/\/twincestblog.cz\/domains\/twincestblog.cz\/wp-json\/wp\/v2\/users\/1"}],"replies":[{"embeddable":true,"href":"https:\/\/twincestblog.cz\/domains\/twincestblog.cz\/wp-json\/wp\/v2\/comments?post=9123"}],"version-history":[{"count":0,"href":"https:\/\/twincestblog.cz\/domains\/twincestblog.cz\/wp-json\/wp\/v2\/posts\/9123\/revisions"}],"wp:attachment":[{"href":"https:\/\/twincestblog.cz\/domains\/twincestblog.cz\/wp-json\/wp\/v2\/media?parent=9123"}],"wp:term":[{"taxonomy":"category","embeddable":true,"href":"https:\/\/twincestblog.cz\/domains\/twincestblog.cz\/wp-json\/wp\/v2\/categories?post=9123"},{"taxonomy":"post_tag","embeddable":true,"href":"https:\/\/twincestblog.cz\/domains\/twincestblog.cz\/wp-json\/wp\/v2\/tags?post=9123"}],"curies":[{"name":"wp","href":"https:\/\/api.w.org\/{rel}","templated":true}]}}