{"id":948,"date":"2017-10-27T15:00:00","date_gmt":"2017-10-27T14:00:00","guid":{"rendered":"http:\/\/twincestblog.cz\/?p=942"},"modified":"2017-10-27T15:00:00","modified_gmt":"2017-10-27T14:00:00","slug":"inas-nacht-2017","status":"publish","type":"post","link":"https:\/\/twincestblog.cz\/domains\/twincestblog.cz\/2017\/10\/27\/inas-nacht-2017\/","title":{"rendered":"Inas Nacht 2017"},"content":{"rendered":"<div><\/div>\n<div><\/div>\n<div><\/div>\n<div><strong>P\u00e1r z\u00e1b\u011br\u016f z ned\u00e1vn\u00e9ho televizn\u00edho rozhovoru Inas Nacht. <\/strong><\/div>\n<div><\/div>\n<div><em><strong>No nejsou oni dvoj\u010data? \ud83d\ude00 <\/strong><\/em><\/div>\n<div><\/div>\n<div style=\"text-align:center\"><strong><img loading=\"lazy\" decoding=\"async\" width=\"901\" height=\"441\" src=\"http:\/\/twincestblog.cz\/wp-content\/uploads\/32daeef343_104606262_o2.jpg\" alt=\"\" \/><\/strong><\/div>\n<div style=\"text-align:center\"><\/div>\n<div style=\"text-align:center\"><strong><img loading=\"lazy\" decoding=\"async\" width=\"884\" height=\"465\" src=\"http:\/\/twincestblog.cz\/wp-content\/uploads\/6a98c44d73_104606263_o2.jpg\" alt=\"\" \/><\/strong><\/div>\n<div style=\"text-align:center\"><\/div>\n<div style=\"text-align:center\"><\/div>\n<div style=\"text-align:center\"><\/div>\n<div style=\"text-align:center\"><img loading=\"lazy\" decoding=\"async\" width=\"888\" height=\"445\" src=\"http:\/\/twincestblog.cz\/wp-content\/uploads\/0d809fcb63_104606264_o2.jpg\" alt=\"\" \/><\/div>\n<div style=\"text-align:center\"><\/div>\n<div style=\"text-align:center\"><img loading=\"lazy\" decoding=\"async\" width=\"927\" height=\"467\" src=\"http:\/\/twincestblog.cz\/wp-content\/uploads\/cfbcb9eec0_104606266_o2.jpg\" alt=\"\" \/><\/div>\n<div style=\"text-align:center\"><\/div>\n<div style=\"text-align:center\"><\/div>\n<div style=\"text-align:center\"><img loading=\"lazy\" decoding=\"async\" width=\"858\" height=\"466\" src=\"http:\/\/twincestblog.cz\/wp-content\/uploads\/4a48fcd8f2_104606267_o2.jpg\" alt=\"\" \/><\/div>\n<div style=\"text-align:center\"><\/div>\n<div style=\"text-align:center\"><\/div>\n<div style=\"text-align:center\"><img loading=\"lazy\" decoding=\"async\" width=\"928\" height=\"464\" src=\"http:\/\/twincestblog.cz\/wp-content\/uploads\/122cf301ed_104606268_o2.jpg\" alt=\"\" \/><\/div>\n<div style=\"text-align:center\"><\/div>\n<div style=\"text-align:center\"><\/div>\n<div style=\"text-align:center\"><\/div>\n","protected":false},"excerpt":{"rendered":"<p>P\u00e1r z\u00e1b\u011br\u016f z ned\u00e1vn\u00e9ho televizn\u00edho rozhovoru Inas Nacht. No nejsou oni dvoj\u010data? \ud83d\ude00<\/p>\n","protected":false},"author":1,"featured_media":0,"comment_status":"open","ping_status":"open","sticky":false,"template":"","format":"standard","meta":{"_exactmetrics_skip_tracking":false,"_exactmetrics_sitenote_active":false,"_exactmetrics_sitenote_note":"","_exactmetrics_sitenote_category":0,"footnotes":""},"categories":[20],"tags":[],"class_list":["post-948","post","type-post","status-publish","format-standard","hentry","category-interviews-foto"],"_links":{"self":[{"href":"https:\/\/twincestblog.cz\/domains\/twincestblog.cz\/wp-json\/wp\/v2\/posts\/948","targetHints":{"allow":["GET"]}}],"collection":[{"href":"https:\/\/twincestblog.cz\/domains\/twincestblog.cz\/wp-json\/wp\/v2\/posts"}],"about":[{"href":"https:\/\/twincestblog.cz\/domains\/twincestblog.cz\/wp-json\/wp\/v2\/types\/post"}],"author":[{"embeddable":true,"href":"https:\/\/twincestblog.cz\/domains\/twincestblog.cz\/wp-json\/wp\/v2\/users\/1"}],"replies":[{"embeddable":true,"href":"https:\/\/twincestblog.cz\/domains\/twincestblog.cz\/wp-json\/wp\/v2\/comments?post=948"}],"version-history":[{"count":0,"href":"https:\/\/twincestblog.cz\/domains\/twincestblog.cz\/wp-json\/wp\/v2\/posts\/948\/revisions"}],"wp:attachment":[{"href":"https:\/\/twincestblog.cz\/domains\/twincestblog.cz\/wp-json\/wp\/v2\/media?parent=948"}],"wp:term":[{"taxonomy":"category","embeddable":true,"href":"https:\/\/twincestblog.cz\/domains\/twincestblog.cz\/wp-json\/wp\/v2\/categories?post=948"},{"taxonomy":"post_tag","embeddable":true,"href":"https:\/\/twincestblog.cz\/domains\/twincestblog.cz\/wp-json\/wp\/v2\/tags?post=948"}],"curies":[{"name":"wp","href":"https:\/\/api.w.org\/{rel}","templated":true}]}}