{"id":9495,"date":"2011-01-29T17:00:00","date_gmt":"2011-01-29T16:00:00","guid":{"rendered":"http:\/\/twincestblog.cz\/?p=9471"},"modified":"2011-01-29T17:00:00","modified_gmt":"2011-01-29T16:00:00","slug":"jsem-jako-ty-jsi-jako-ja-3","status":"publish","type":"post","link":"https:\/\/twincestblog.cz\/domains\/twincestblog.cz\/2011\/01\/29\/jsem-jako-ty-jsi-jako-ja-3\/","title":{"rendered":"Jsem jako ty, jsi jako j\u00e1 3."},"content":{"rendered":"<div><strong>autor: Bitter<\/strong><\/p>\n<\/div>\n<div><img decoding=\"async\" title=\"489\" alt=\"\" class=\"center\" src=\"http:\/\/twincestblog.cz\/wp-content\/uploads\/d41ad034dc_72683835_o2.jpg\" \/><\/div>\n<div><\/div>\n<div><\/div>\n<div style=\"text-align:justify\">&#8222;Ne, to snad nemysl\u00ed\u0161 v\u00e1\u017en\u011b.&#8220; Zakroutil Tom hlavou a zma\u010dkal v ruce pr\u00e1v\u011b dopitou plechovku.<\/div>\n<div style=\"text-align:justify\">&#8222;Tome, je to snad um\u011bleck\u00e1  \u0161kola a ty m\u00e1\u0161 hlavn\u00ed obor hudbu, ne\u0159\u00edkej, \u017ee se tam nenajde druh\u00e1 elektrika a n\u011bkdo, kdo um\u00ed kloudn\u011b zp\u00edvat.&#8220; Obh\u00e1jil se Gustav a Georg p\u0159ik\u00fdvl.<\/div>\n<div style=\"text-align:justify\">&#8222;Hele, hled\u00e1me lidi jakou dobu, tohle je tak jednoduch\u00fd.&#8220; Doplnil a oba pok\u00fdvali hlavou.<\/div>\n<div style=\"text-align:justify\">&#8222;Hele, to nen\u00ed dobrej n\u00e1pad&#8230; je to tam sam\u00e1 druh\u00e1 Hanah Montana a Justin&#8230; To by ne\u0161lo, fakt ne&#8230; ne, pokud chceme d\u00e1l hr\u00e1t na\u0161e v\u011bci tak, jak je hrajem. Sorry, k\u00e1mo, ale nebudu d\u011blat k\u0159ov\u00ed n\u011bjak\u00fd blon\u010fat\u00fd k\u00e1\u010de.&#8220; Zakroutil Tom rozhodn\u011b hlavou.<\/div>\n<div style=\"text-align:justify\">&#8222;Ale do n\u00ed bys klidn\u011b d\u011blal, co?&#8220; U\u0161kl\u00edbl se Georg a Tom se jen drze pousm\u00e1l.<\/div>\n<div style=\"text-align:justify\">&#8222;To u\u017e je ale n\u011bco jin\u00fdho&#8230; hele, v\u00e1\u017en\u011b&#8230; nezd\u00e1 se mi to.&#8220;<\/div>\n<div style=\"text-align:justify\">&#8222;J\u00e9, tak tam alespo\u0148 pov\u011bs let\u00e1\u010dek na n\u00e1st\u011bnku, ne, to t\u011b nezabije. Nebo jo?&#8220;<\/div>\n<div style=\"text-align:justify\">&#8222;Mo\u017en\u00e1&#8230;&#8220;<\/div>\n<div style=\"text-align:justify\">&#8222;Tak tam napi\u0161, \u017ee hled\u00e1me elektriky dv\u011b a je po probl\u00e9mu.&#8220; M\u00e1vnul Gustav rukou a pra\u0161til do \u010dinel\u016f.<\/div>\n<div style=\"text-align:justify\">&#8222;D\u00edk&#8230; Fakt d\u00edky.&#8220; Uk\u00e1zal na n\u011bj prost\u0159edn\u00ed\u010dek a Georg ho za to pra\u0161til do ramene.<\/div>\n<div style=\"text-align:justify\">&#8222;Tak budem n\u011bco d\u011blat, nebo se budem v\u00e1let? Koukej vst\u00e1vat, nebo ti tu Gipsnu rozkopnu.&#8220;<\/div>\n<div><\/div>\n<div><\/div>\n<div style=\"text-align:center\"><strong>\u2026<\/strong><\/p>\n<\/div>\n<div style=\"text-align:justify\"><\/div>\n<div style=\"text-align:justify\">&#8222;Tohle je sm\u011b\u0161n\u00fd.&#8220; Brouknul si pro sebe Andreas a zat\u0159epal svou peroxidn\u00ed h\u0159\u00edvou. &#8222;Ne, ty jsi sm\u011b\u0161nej.&#8220; Opravil se a u\u017e po t\u0159et\u00ed nat\u00e1hl ruku, aby za\u0165ukal na pokoj. Na posledn\u00ed chvilku si to zase rozmyslel. &#8222;Dy\u0165 je to i m\u016fj pokoj, tak co.&#8220; Rozhodl nakonec a odhodlan\u011b vzal za kliku.<\/div>\n<div style=\"text-align:justify\">Ano, m\u011bl p\u0159ijet a\u017e z\u00edtra, ale rozmyslel se a od doktorky jel rovnou na intr. Dost, \u017ee zme\u0161kal prvn\u00ed den, nemus\u00ed i ten druhej. Nav\u00edc jeho spolubydl\u00edc\u00ed se u\u017e ur\u010dit\u011b zabydluje a na n\u011bj by taky nemusely zb\u00fdt voln\u00e9 poli\u010dky ve sk\u0159\u00edni, s \u010d\u00edm\u017e byl hodn\u011b bl\u00edzko pravdy, ani\u017e by to tu\u0161il.<\/div>\n<div style=\"text-align:justify\">Bill, kter\u00fd s vybalov\u00e1n\u00edm skon\u010dil p\u0159ed hodinou, toti\u017e zjistil, \u017ee jedna sk\u0159\u00ed\u0148 ze dvou mu prost\u011b nesta\u010d\u00ed a o zabr\u00e1n\u00ed i t\u00e9 druh\u00e9 opravdu p\u0159em\u00fd\u0161lel&#8230;<br \/>Pro tento moment si ale v \u017eup\u00e1nku, s ru\u010dn\u00edkem na hlav\u011b a ple\u0165ovou maskou na obli\u010deji spokojen\u011b hov\u011bl na posteli a \u010dekal posledn\u00edch p\u011bt minut, ne\u017e si tu hr\u016fzu s vanilkou bude moct z obli\u010deje sm\u00fdt.<\/div>\n<div style=\"text-align:justify\">Pozorn\u011b si p\u0159i tom prohl\u00ed\u017eel m\u00f3dn\u00ed \u010dasopis a co chvilku n\u011bco na\u010drtal na pap\u00edr.<\/div>\n<div style=\"text-align:justify\">Kdy\u017e se ale nat\u00e1hl pro d\u017eus na stolku, byl jeho klid naru\u0161en.<\/p>\n<\/div>\n<div style=\"text-align:justify\"><\/div>\n<div style=\"text-align:justify\">&#8222;Ahoj, j\u00e1 jsem And&#8230; je\u017ei\u0161 sorry!&#8220; Vyjekl Andreas, kter\u00fd pr\u00e1v\u011b vpadl do pokoje a s rud\u00fdmi tv\u00e1\u0159emi se oto\u010dil z\u00e1dy.<\/div>\n<div style=\"text-align:justify\">&#8222;Sorry j\u00e1&#8230; j\u00e1 m\u011bl zaklepat&#8230; sakra, myslel jsem, \u017ee maj zvl\u00e1\u0161\u0165 kolej kluci a holky&#8230; to u\u017e  nejsou voln\u00fd pokoje nebo co? J\u00e1, n\u00e9 \u017ee by mn\u011b to vadilo, ale tak&#8230;. necht\u011bl jsem ru\u0161it a tak, j\u00e1&#8230;&#8220; Chrlil ze sebe informace, zat\u00edmco Bill prskal d\u017eus, jak mu z leknut\u00ed se zasko\u010dilo.<br \/>&#8222;Po &#8211; po\u010dkej, jak hol\u010di\u010d\u00ed kolej?&#8220; Zarazil se Bill a d\u017eus rad\u0161i odlo\u017eil.<\/div>\n<div style=\"text-align:justify\">&#8222;No&#8230; jako \u017ee budu m\u00edt pokoj s klukem.&#8220; Brouknul Andreas a z\u010dervenal je\u0161t\u011b v\u00edc, kdy\u017e si uv\u011bdomil, \u017ee Bill\u016fv hlas rozhodn\u011b nen\u00ed d\u00edv\u010d\u00ed. &#8222;M\u011bl jsem zaklepat.&#8220; Zopakoval a Bill se zasm\u00e1l.<\/div>\n<div style=\"text-align:justify\">&#8222;Jo, tos m\u011bl. Jdu do koupelny, za chvilku se vr\u00e1tim.&#8220; Proto\u010dil o\u010di a rychle zmizel v koupeln\u011b, kde se neudr\u017eel a vyprskl sm\u00edchy, zat\u00edmco Andreas nad sebou l\u00e1mal h\u016fl za to, jak pitom\u011b sem vpadl a pokazil si prvn\u00ed dojem.<\/div>\n<div style=\"text-align:justify\">Nav\u00edc toho kluka ur\u010dit\u011b urazil. Koho by taky neurazilo, spl\u00edst si ho s holkou, ale kdy\u017e  on m\u011bl tu masku a tak&#8230;<\/div>\n<div style=\"text-align:justify\">&#8222;Jsem v\u016fl&#8230; fakt.&#8220;<br \/>&#8222;A j\u00e1 jsem Bill, t\u011b\u0161\u00ed m\u011b.&#8220; Ozvalo se ode dve\u0159\u00ed a Andreas se mohl pokochat pohledem na tu &#8222;sle\u010dnu&#8220;, jak se k\u0159en\u00ed&#8230;<\/p>\n<\/div>\n<div><\/div>\n<div><strong><em>Druh\u00fd den<\/em><\/strong><\/p>\n<\/div>\n<div><\/div>\n<div style=\"text-align:justify\">&#8222;Ahoj, Tome, nev\u011bd\u011bla jsem, \u017ee m\u00e1\u0161 skupinu.&#8220; Zahih\u0148ala se Cassie a zamrkala na cedulku, kterou Tom \u0161pendlil na n\u00e1st\u011bnku v hlavn\u00ed budov\u011b \u0161koly.<br \/>&#8222;No jo&#8230; j\u00e1 a dva moji k\u00e1mo\u0161i, jen\u017ee bysme r\u00e1di je\u0161t\u011b jednu kytaru a n\u011bkoho, kdo um\u00ed zp\u00edvat. K\u00e1mo\u0161, co zp\u00edval, se p\u0159est\u011bhoval a dal n\u00e1m ko\u0161em.&#8220; Pousm\u00e1l se Tom a nenucen\u011b se op\u0159el o st\u011bnu, p\u0159i\u010dem\u017e Cassie sj\u00ed\u017ed\u011bl pohledem.<\/div>\n<div style=\"text-align:justify\">&#8222;A zp\u011bva\u010dka by se v\u00e1m nehodila?&#8220; Zazubila se blond\u00fdnka a Tom se jen pousm\u00e1l.<\/div>\n<div style=\"text-align:justify\">&#8222;P\u0159ijde na to&#8230;&#8220; Prohodil.<\/div>\n<div style=\"text-align:justify\">&#8222;Na co?&#8220; Zamrkala.<\/div>\n<div style=\"text-align:justify\">&#8222;Co bys pro to ud\u011blala?&#8220; Pokr\u010dil rameny a Cassie tro\u0161ku z\u010dervenala.<\/div>\n<div style=\"text-align:justify\">&#8222;Pro tebe v\u0161echno.&#8220; Uculila se, oto\u010dila na podpatku a dohnala svoje hih\u0148aj\u00edc\u00ed se kamar\u00e1dky.<br \/>&#8222;Pro tebe v\u0161echno.&#8220; Zacukroval Tom ironicky, kdy\u017e zmizela za rohem, a nasupen\u011b proto\u010dil o\u010di. &#8222;K\u00e1\u010da.&#8220; Sykl a rad\u0161i se od n\u00e1st\u011bnky pakoval co nejd\u00e1l, ne\u017e ho za\u010dne lovit dal\u0161\u00ed.<\/p>\n<\/div>\n<div><\/div>\n<div style=\"text-align:center\">&#8230;<\/p>\n<\/div>\n<div><\/div>\n<div><\/div>\n<div style=\"text-align:justify\">&#8222;Hele&#8230; n\u011bkdo hled\u00e1 kytaru.&#8220; Uk\u00e1zal Andreas nad\u0161en\u011b na n\u00e1st\u011bnku a Bill pok\u00fdval hlavou.<\/div>\n<div style=\"text-align:justify\">&#8222;A ty bys m\u011bl z\u00e1jem?&#8220;<\/div>\n<div style=\"text-align:justify\">&#8222;No jasn\u011b, v\u017edycky jsem cht\u011bl hr\u00e1t v kapele&#8230; P\u00e1ni&#8230; jen douf\u00e1m, \u017ee mi to u\u017e n\u011bkdo nevyfoukl.&#8220; Uculil se a hned si do telefonu datloval \u010d\u00edslo, kter\u00e9 u inzer\u00e1tu bylo.<\/div>\n<div style=\"text-align:justify\">&#8222;Tak to ti budu dr\u017eet palce.&#8220; Usm\u00e1l se Bill a s Andreasem se rozlou\u010dil. Do vyu\u010dov\u00e1n\u00ed zb\u00fdvalo deset minut a jeho obor m\u011bl pavilon vedle, tak\u017ee to m\u011bl tak tak.<\/div>\n<div style=\"text-align:justify\">Kdo taky \u010dekal, \u017ee se s Andreasem zakecaj u automatu na kafe tak dlouho?<\/p>\n<\/div>\n<div><\/div>\n<div style=\"text-align:center\">&#8230;<\/p>\n<\/div>\n<div><\/div>\n<div style=\"text-align:justify\">&#8222;Kerli, ne, kolikr\u00e1t ti to m\u00e1m opakovat?&#8220; Zavrt\u011bl Bill hlavou a jeho nejlep\u0161\u00ed kamar\u00e1dka jen zalo\u017eila ruce na prsou.<\/div>\n<div style=\"text-align:justify\">&#8222;Boj\u00ed\u0161 se, to je to.&#8220; <\/div>\n<div style=\"text-align:justify\">&#8222;Ni\u010deho se neboj\u00edm, ale zp\u00edvat s tebou prost\u011b nebudu, nav\u00edc v uv\u00edtac\u00edm p\u0159edstaven\u00ed by m\u011bli b\u00fdt vy\u0161\u0161\u00ed ro\u010dn\u00edky a ne prv\u00e1k.&#8220; Za\u010dertil se.<\/div>\n<div style=\"text-align:justify\">&#8222;Ale notak, profesorka mi dovolila vz\u00edt si prv\u00e1ka, nevad\u00ed to, a nav\u00edc ty zp\u00edv\u00e1\u0161 n\u00e1dhern\u011b, s nik\u00fdm jin\u00fdm to nebude zn\u00edt tak, jak m\u00e1.&#8220;<\/div>\n<div style=\"text-align:justify\">&#8222;Kerli, nejsem n\u011bjak\u00e1 hv\u011bzda, nav\u00edc studuju kreslen\u00ed, pokud ti to uniklo.&#8220;<\/div>\n<div style=\"text-align:justify\">&#8222;Neuniklo a znova ti opakuju, \u017ee je to chyba.&#8220; Kerli pohodila sv\u00fdmi blond vlasy a zamrkala na Billa.<\/div>\n<div style=\"text-align:justify\">&#8222;Pros\u00edm, pros\u00edm, pros\u00edm, p\u016fj\u010d\u00edm&#8230; ne j\u00e1 ti ji d\u00e1m, d\u00e1m ti tu b\u00edlou kabelku od Diora.&#8220; Zkusila to jinak a Billovy o\u010di se zalily p\u0159ekvapen\u00edm.<\/div>\n<div style=\"text-align:justify\">&#8222;A &#8211; ale to je vyd\u00edr\u00e1n\u00ed! Ty v\u00ed\u0161, jak se mi ta kabelka l\u00edb\u00ed, a kdy\u017e to neud\u011bl\u00e1m, na truc ji bude\u0161 nosit, i kdy\u017e ji nesn\u00e1\u0161\u00ed\u0161.&#8220; V\u00fdskl Bill a fascinovan\u011b kroutil hlavou.<br \/>&#8222;Jsem mrcha, co bys cht\u011bl.&#8220; Usm\u00e1la se na n\u011bj a tentokr\u00e1t zalo\u017eil ruce na prsou Bill.<\/div>\n<div style=\"text-align:justify\">&#8222;Tak co, zazp\u00edv\u00e1\u0161 se mnou na tom uv\u00edtac\u00edm vystoupen\u00ed, nebo ne?&#8220;<\/div>\n<div style=\"text-align:justify\">&#8222;M\u00e1m na v\u00fdb\u011br?&#8220;<\/div>\n<div style=\"text-align:justify\">&#8222;Ne.&#8220;<\/div>\n<div style=\"text-align:justify\">&#8222;A co chce\u0161 zp\u00edvat?&#8220; Vydal ze sebe Bill p\u0159i\u0161krcen\u011b a Kerli se mu vrhla kolem krku.<\/div>\n<div style=\"text-align:justify\">&#8222;J\u00e1 t\u011b miluju, baby, miluju, a kdybys nebyl teplej, vezmu si t\u011b a m\u00e1m s tebou deset d\u011bt\u00ed!&#8220;<\/div>\n<div style=\"text-align:justify\">&#8222;Jo, j\u00e1 vim&#8230; Nicolase, Benjamina, Melisu&#8230; bla bla bla a co ta kabelka?&#8220;<\/p>\n<\/div>\n<div><\/div>\n<div><strong>autor: Bitter<\/strong><\/div>\n<div><strong>betaread: Janule<\/strong><\/div>\n","protected":false},"excerpt":{"rendered":"<p>autor: Bitter &#8222;Ne, to snad nemysl\u00ed\u0161 v\u00e1\u017en\u011b.&#8220; Zakroutil Tom hlavou a zma\u010dkal v ruce pr\u00e1v\u011b dopitou plechovku. &#8222;Tome, je to snad um\u011bleck\u00e1 \u0161kola a ty m\u00e1\u0161 hlavn\u00ed obor hudbu, ne\u0159\u00edkej, \u017ee se tam nenajde druh\u00e1 elektrika a n\u011bkdo, kdo um\u00ed kloudn\u011b zp\u00edvat.&#8220;<\/p>\n<p class=\"link-more\"><a class=\"myButt \" href=\"https:\/\/twincestblog.cz\/domains\/twincestblog.cz\/2011\/01\/29\/jsem-jako-ty-jsi-jako-ja-3\/\">Read More<\/a><\/p>\n","protected":false},"author":1,"featured_media":0,"comment_status":"open","ping_status":"open","sticky":false,"template":"","format":"standard","meta":{"_exactmetrics_skip_tracking":false,"_exactmetrics_sitenote_active":false,"_exactmetrics_sitenote_note":"","_exactmetrics_sitenote_category":0,"footnotes":""},"categories":[395],"tags":[],"class_list":["post-9495","post","type-post","status-publish","format-standard","hentry","category-jsem-jako-ty-jsi-jako-ja"],"_links":{"self":[{"href":"https:\/\/twincestblog.cz\/domains\/twincestblog.cz\/wp-json\/wp\/v2\/posts\/9495","targetHints":{"allow":["GET"]}}],"collection":[{"href":"https:\/\/twincestblog.cz\/domains\/twincestblog.cz\/wp-json\/wp\/v2\/posts"}],"about":[{"href":"https:\/\/twincestblog.cz\/domains\/twincestblog.cz\/wp-json\/wp\/v2\/types\/post"}],"author":[{"embeddable":true,"href":"https:\/\/twincestblog.cz\/domains\/twincestblog.cz\/wp-json\/wp\/v2\/users\/1"}],"replies":[{"embeddable":true,"href":"https:\/\/twincestblog.cz\/domains\/twincestblog.cz\/wp-json\/wp\/v2\/comments?post=9495"}],"version-history":[{"count":0,"href":"https:\/\/twincestblog.cz\/domains\/twincestblog.cz\/wp-json\/wp\/v2\/posts\/9495\/revisions"}],"wp:attachment":[{"href":"https:\/\/twincestblog.cz\/domains\/twincestblog.cz\/wp-json\/wp\/v2\/media?parent=9495"}],"wp:term":[{"taxonomy":"category","embeddable":true,"href":"https:\/\/twincestblog.cz\/domains\/twincestblog.cz\/wp-json\/wp\/v2\/categories?post=9495"},{"taxonomy":"post_tag","embeddable":true,"href":"https:\/\/twincestblog.cz\/domains\/twincestblog.cz\/wp-json\/wp\/v2\/tags?post=9495"}],"curies":[{"name":"wp","href":"https:\/\/api.w.org\/{rel}","templated":true}]}}