{"id":9508,"date":"2011-01-28T16:00:00","date_gmt":"2011-01-28T15:00:00","guid":{"rendered":"http:\/\/twincestblog.cz\/?p=9484"},"modified":"2011-01-28T16:00:00","modified_gmt":"2011-01-28T15:00:00","slug":"eternity-47","status":"publish","type":"post","link":"https:\/\/twincestblog.cz\/domains\/twincestblog.cz\/2011\/01\/28\/eternity-47\/","title":{"rendered":"Eternity 47."},"content":{"rendered":"<div><strong>autor: Neilinka &amp; Cerike<\/strong><\/p>\n<\/div>\n<div><img decoding=\"async\" title=\"444\" class=\"center\" src=\"http:\/\/twincestblog.cz\/wp-content\/uploads\/704c94d6ad_69057035_o2.jpg\" alt=\"444\" \/><\/div>\n<div><\/div>\n<div><strong>Bolest<\/strong><\/p>\n<\/div>\n<div><strong>Tom<\/strong><\/p>\n<\/div>\n<div>Nemohl jsem se vzpamatovat z&nbsp;toho, co se stalo, pokusil jsem se za n\u00edm vyb\u011bhnout. Neoble\u010den\u00fd, ale u\u017e jsem ho nikde nevid\u011bl.<\/p>\n<\/div>\n<div>Vr\u00e1til jsem se zp\u00e1tky. Markuse to probudilo, jen se na m\u011b&nbsp;d\u00edval s&nbsp;ot\u00e1zkou v&nbsp;o\u010d\u00edch. Zakroutil jsem hlavou, \u017ee o tom nechci mluvit.<\/p>\n<\/div>\n<div>Pokou\u0161el jsem se mu n\u011bkolikr\u00e1t volat, ale nikdo to nezvedal. &nbsp;<\/div>\n<div>Obl\u00e9kl jsem a spole\u010dn\u011b&nbsp; s&nbsp;Markusem prohledal snad v\u0161echna m\u00edsta v&nbsp;Magdeburku, v\u0161echna, kde by mohl b\u00fdt.<\/p>\n<\/div>\n<div>Bez\u00fasp\u011b\u0161n\u011b. Vr\u00e1tili jsme se promrzl\u00ed dom\u016f.<\/p>\n<\/div>\n<div>&#8222;To bude dobr\u00fd, Tome, pot\u0159ebuje p\u0159em\u00fd\u0161let, \u0159ekl i v&nbsp;kolik se vr\u00e1t\u00ed, tak klid.&#8220; Klid byla zrovna v\u011bc, kter\u00e9 jsem m\u011bl nedostatek. Budu muset Markovi v\u011b\u0159it, te\u010f nen\u00ed jin\u00e1 mo\u017enost.<\/p>\n<\/div>\n<div>Spole\u010dn\u011b&nbsp;jsme tedy p\u0159ipravili v\u0161echno, jak m\u00e1&nbsp;na V\u00e1noce b\u00fdt. &nbsp;<\/div>\n<div>Uva\u0159ili jsme, ozdobili strome\u010dek a naskl\u00e1dali pod n\u011bj d\u00e1rky. Na co jsem dnes s\u00e1hl, to se zni\u010dilo, rozbilo, nebo prost\u011b skon\u010dilo v&nbsp;ko\u0161i. &nbsp;<\/div>\n<div>Bl\u00ed\u017eila se p\u00e1t\u00e1&nbsp;ve\u010der a taky Bill\u016fv n\u00e1vrat. Alespo\u0148&nbsp;jsem v&nbsp;to doufal. Ale nestalo se tak. U\u017e jsem nem\u011bl s\u00edlu. Na nic.<\/div>\n<hr \/>\n<div><\/div>\n<div>Vstal jsem a v\u0161echno j\u00eddlo z&nbsp;Billova tal\u00ed\u0159e jsem vzteky smetl do ko\u0161e i s&nbsp;tal\u00ed\u0159em. Utekl jsem do koupelny a rozbre\u010del se jako malej kluk. Nemohl jsem d\u00e1l. &nbsp;<\/div>\n<div>Pro\u010d&nbsp;v\u017edycky, kdy\u017e&nbsp; pro\u017e\u00edv\u00e1te n\u011bco kr\u00e1sn\u00e9ho, mus\u00ed&nbsp;p\u0159ij\u00edt i ta temn\u00e1&nbsp; str\u00e1nka?<\/p>\n<\/div>\n<div>Bre\u010del jsem tam a nemohl p\u0159estat. Vzali mi moje slunce.<\/p>\n<\/div>\n<div>Asi po p\u016fl hodin\u011b&nbsp;Markus zaklepal, \u017ee mi zvon\u00ed mobil. Rychle jsem se zvedl a dob\u011bhl tam.<\/p>\n<\/div>\n<div>To, co m\u011b \u010dekalo, kdy\u017e jsem to zvedl, bylo jako by sv\u011bt okolo m\u011b p\u0159estal existovat. Volala policie. Na\u0161li Billa, nebo sp\u00ed\u0161 jen jeho bezvl\u00e1dn\u011b le\u017e\u00edc\u00ed t\u011blo. Po\u0159\u00e1d mi to b\u011b\u017eelo v hlav\u011b.<\/div>\n<div>Po\u0159\u00e1d.<\/p>\n<\/div>\n<div>Bleskurychle jsem si vzal bundu a vyb\u011bhl ven, vyb\u011bhl jsem na adresu, kterou mi nadiktovali. Nemohl jsem d\u00fdchat, nevid\u011bl jsem p\u0159es slzy na cestu, ale b\u011b\u017eel jsem d\u00e1l. \u0160tiplav\u00fd mr\u00e1z p\u00e1lil ve tv\u00e1\u0159i a p\u0159i\u0161lo mi, jako by moje slzy zamrzaly, i s&nbsp;m\u00fdm srdcem.<\/p>\n<\/div>\n<div>Dob\u011bhl jsem na dan\u00e9 m\u00edsto. &nbsp;<\/div>\n<div>Bylo to tu zas. Blikaj\u00edc\u00ed&nbsp; policejn\u00ed&nbsp;maj\u00e1\u010dky, sanitka.<\/p>\n<\/div>\n<div>T\u0159i poschod\u00ed&nbsp;za mnou zmizely a j\u00e1&nbsp;st\u00e1t kone\u010dn\u011b&nbsp;u dve\u0159\u00ed. Necht\u011bli m\u011b&nbsp; pustit dovnit\u0159. Nejsem p\u0159\u00edbuzn\u00fd&nbsp;a nem\u00e1m tam co d\u011blat.<\/p>\n<\/div>\n<div>Bylo mi to fuk, policistu jsem odstr\u010dil stranou a ne\u017e se ti okolo n\u011bj vzpamatovali\u2026<\/p>\n<\/div>\n<div>Sen. &nbsp;<\/div>\n<div>Vzpomn\u011bl jsem si na ten sen, kdy Billovo bezvl\u00e1dn\u00e9&nbsp;t\u011blo le\u017eelo v&nbsp;koupeln\u011b po zrcadlem. Ani se nepohnul. &nbsp;<\/div>\n<div>Klekl jsem si k&nbsp;n\u011bmu a dotknul se jeho tv\u00e1\u0159e. Byla ledov\u00e1.<\/p>\n<\/div>\n<div>&#8222;Bille\u2026&#8220;<\/p>\n<\/div>\n<div>Policist\u00e9&nbsp;m\u011b&nbsp;od n\u011bj t\u00e1hli pry\u010d, ale j\u00e1 se ho necht\u011bl vzd\u00e1t, nesm\u011bl mi odej\u00edt. NE!<\/p>\n<\/div>\n<div>NE!!!!!!!!<\/p>\n<\/div>\n<div>&#8222;Tome.&#8220;<\/p>\n<\/div>\n<div>Otev\u0159el jsem o\u010di. Oslnilo mn\u011b sv\u011btlo p\u0159ich\u00e1zej\u00edc\u00edho dne. Co se stalo? Kde to jsem? \u010c\u00ed je ten hlas a kde je Bill? Bill!<\/div>\n<div>Moje hlava si za\u010dala d\u00e1vat st\u0159\u00edpky minulosti dohromady. &nbsp;<\/div>\n<div>Bill nen\u00ed. Neovladateln\u011b se mi rozt\u0159\u00e1sly ruce.<\/p>\n<\/div>\n<div>&#8222;Tome, Tome klid!&#8220; Ohl\u00e9dl jsem se po majiteli toho hlasu. Markus.<\/p>\n<\/div>\n<div>Po chv\u00edli jsem i rozpoznal, kde jsem. V&nbsp;nemocnici. Co se v&nbsp;noci stalo? A co je za den? Pro\u010d jsem v&nbsp;nemocnici a pro\u010d si skoro nic nepamatuju?<\/p>\n<\/div>\n<div>Moje o\u010di t\u011bkaly ze strany na stranu a sna\u017eily se naj\u00edt n\u011bjak\u00fd sv\u011btl\u00fd bod. Bill tu ale nebyl, \u017e\u00e1dn\u00fd jin\u00fd sv\u011btl\u00fd bod neexistoval.<\/p>\n<\/div>\n<div>&#8222;Jsou tu tvoji rodi\u010de a Georg.&#8220; A co mn\u011b je do nich. Nikoho nechci. Nic nechci.<\/p>\n<\/div>\n<div>Chci Billa. Bill ale nen\u00ed! Je mrtv\u00fd! Pak tedy chci um\u0159\u00edt taky. Smrt by byla vysvobozen\u00edm. &nbsp;<\/div>\n<div><strong>autor: Neilinka &amp; Cerike<\/strong><\/div>\n<div><strong>betaread: Janule<\/strong><\/p>\n<\/div>\n","protected":false},"excerpt":{"rendered":"<p>autor: Neilinka &amp; Cerike Bolest Tom Nemohl jsem se vzpamatovat z&nbsp;toho, co se stalo, pokusil jsem se za n\u00edm vyb\u011bhnout. Neoble\u010den\u00fd, ale u\u017e jsem ho nikde nevid\u011bl. Vr\u00e1til jsem se zp\u00e1tky. Markuse to probudilo, jen se na m\u011b&nbsp;d\u00edval s&nbsp;ot\u00e1zkou v&nbsp;o\u010d\u00edch. Zakroutil jsem<\/p>\n<p class=\"link-more\"><a class=\"myButt \" href=\"https:\/\/twincestblog.cz\/domains\/twincestblog.cz\/2011\/01\/28\/eternity-47\/\">Read More<\/a><\/p>\n","protected":false},"author":1,"featured_media":0,"comment_status":"open","ping_status":"open","sticky":false,"template":"","format":"standard","meta":{"_exactmetrics_skip_tracking":false,"_exactmetrics_sitenote_active":false,"_exactmetrics_sitenote_note":"","_exactmetrics_sitenote_category":0,"footnotes":""},"categories":[363],"tags":[],"class_list":["post-9508","post","type-post","status-publish","format-standard","hentry","category-eternity"],"_links":{"self":[{"href":"https:\/\/twincestblog.cz\/domains\/twincestblog.cz\/wp-json\/wp\/v2\/posts\/9508","targetHints":{"allow":["GET"]}}],"collection":[{"href":"https:\/\/twincestblog.cz\/domains\/twincestblog.cz\/wp-json\/wp\/v2\/posts"}],"about":[{"href":"https:\/\/twincestblog.cz\/domains\/twincestblog.cz\/wp-json\/wp\/v2\/types\/post"}],"author":[{"embeddable":true,"href":"https:\/\/twincestblog.cz\/domains\/twincestblog.cz\/wp-json\/wp\/v2\/users\/1"}],"replies":[{"embeddable":true,"href":"https:\/\/twincestblog.cz\/domains\/twincestblog.cz\/wp-json\/wp\/v2\/comments?post=9508"}],"version-history":[{"count":0,"href":"https:\/\/twincestblog.cz\/domains\/twincestblog.cz\/wp-json\/wp\/v2\/posts\/9508\/revisions"}],"wp:attachment":[{"href":"https:\/\/twincestblog.cz\/domains\/twincestblog.cz\/wp-json\/wp\/v2\/media?parent=9508"}],"wp:term":[{"taxonomy":"category","embeddable":true,"href":"https:\/\/twincestblog.cz\/domains\/twincestblog.cz\/wp-json\/wp\/v2\/categories?post=9508"},{"taxonomy":"post_tag","embeddable":true,"href":"https:\/\/twincestblog.cz\/domains\/twincestblog.cz\/wp-json\/wp\/v2\/tags?post=9508"}],"curies":[{"name":"wp","href":"https:\/\/api.w.org\/{rel}","templated":true}]}}