{"id":989,"date":"2017-09-28T16:00:00","date_gmt":"2017-09-28T15:00:00","guid":{"rendered":"http:\/\/twincestblog.cz\/?p=983"},"modified":"2017-09-28T16:00:00","modified_gmt":"2017-09-28T15:00:00","slug":"die-wachter-24-konec","status":"publish","type":"post","link":"https:\/\/twincestblog.cz\/domains\/twincestblog.cz\/2017\/09\/28\/die-wachter-24-konec\/","title":{"rendered":"Die Wachter 24. (konec)"},"content":{"rendered":"<div><strong>autor: Synnie<\/strong><\/div>\n<div><\/div>\n<div><\/div>\n<div><\/div>\n<div style=\"text-align:center\"><img loading=\"lazy\" decoding=\"async\" width=\"740\" height=\"447\" src=\"http:\/\/twincestblog.cz\/wp-content\/uploads\/217c34d157_104287729_o2.jpg\" alt=\"\" \/><\/div>\n<div><\/div>\n<div><\/div>\n<div><\/div>\n<div style=\"text-align:justify\">P\u0159i\u0161la zima a zam\u00ed\u0159ila do Cortburgu. Ve v\u00e1lk\u00e1ch p\u0159i\u0161ly v\u00fdhry a prohry, ale nikdo ze Str\u00e1\u017ec\u016f, kte\u0159\u00ed p\u0159etrp\u011bli Blarhol, se na bitevn\u00ed pole nevr\u00e1til. Ale to neznamen\u00e1, \u017ee Str\u00e1\u017eci zanikli. Ne, mlad\u0161\u00ed generace je obdivovala a p\u0159\u00e1la si j\u00edt v jejich stop\u00e1ch. Aslak byl jeden z nich, proto\u017ee oba jeho otcov\u00e9 byli v t\u00e9hle vojensk\u00e9 jednotce. Je pot\u0159eba zm\u00ednit, \u017ee tr\u00e9nink mo\u017en\u00e1 nebyl spravedliv\u00fd. Vilhelm, nejlep\u0161\u00ed v\u00e1le\u010dn\u00edk s dvojit\u00fdmi \u010depelemi v zemi tr\u00e9noval. Nau\u010dil mlad\u00e9 mu\u017ee, jak dr\u017eet me\u010de, sekery, o\u0161t\u011bpy a \u0161t\u00edty. A konkr\u00e9tn\u011b Aslakovi p\u0159edal ka\u017ed\u00fd kousek z toho, co v\u011bd\u011bl o dvojit\u00fdch \u010depel\u00edch. Aslak byl tak dychtiv\u00fd se u\u010dit a u\u010dil se takovou rychlost\u00ed, \u017ee \u010dasto Ville nechal T\u00f3mase p\u0159ipravovat ve\u010de\u0159i, zat\u00edmco tr\u00e9noval se sv\u00fdm adoptovan\u00fdm synem.<\/div>\n<div style=\"text-align:justify\">\n<p>P\u0159i\u0161el den, kdy se Aslak stal natolik talentovan\u00fdm, \u017ee se Ville vzdal sv\u00fdch \u010depel\u00ed.<\/p><\/div>\n<div style=\"text-align:justify\">Byla to Aslak\u016fv des\u00e1t\u00fd a p\u00e1t\u00fd rok a \u010dty\u0159i mu\u017ei slavili v pohodl\u00ed sv\u00e9ho mal\u00e9ho domova. Ano, \u010dty\u0159i. Aslak zd\u011bdil ka\u017ed\u00fd dobr\u00fd rys T\u00f3mase &#8211; co\u017e byl podle Villa \u00fapln\u011b ka\u017ed\u00fd z nich &#8211;<\/div>\n<div style=\"text-align:justify\">a ud\u011blal mlad\u00e9ho chlapce vcelku atraktivn\u00edm.<\/div>\n<div style=\"text-align:justify\">T\u00f3mas se vyj\u00e1d\u0159il jasn\u011b, \u017ee nikdy sv\u00e9mu synovi nesmluv\u00ed man\u017eelstv\u00ed. Zp\u016fsobilo by to mnoho z\u00e1rmutku, a tak byl Aslak ponech\u00e1n, aby si vybral svou vlastn\u00ed \u017eenu. A Ville se usm\u00edval jasn\u011bji ne\u017e slunce, kdy\u017e si blon\u010f\u00e1k dom\u016f p\u0159ivedl chlapce m\u00edsto d\u00edvky, aby ho p\u0159edstavil rodi\u010d\u016fm.<\/div>\n<div style=\"text-align:justify\">\n<p>A tak to byl T\u00f3mas, Ville, Aslak a Torlin, kte\u0159\u00ed sed\u011bli kolem ohn\u011b a d\u00e1vali si d\u00e1rky. Jeho otec pro n\u011bj m\u011bl ru\u010dn\u011b zpracovan\u00fd strunn\u00fd n\u00e1stroj, proto\u017ee se uk\u00e1zalo, \u017ee Aslak m\u011bl na hudebn\u00ed n\u00e1stroje stejn\u00fd talent jako T\u00f3mas. A Ville mu daroval svoje nejv\u00edc cenn\u00e9 dvojit\u00e9 \u010depele. Oba d\u00e1rky tich\u00e9ho chlapce \u0161okovaly. Objal sv\u00e9 rodi\u010de a \u0161eptal jim svoje d\u00edky znovu a znovu.<\/p><\/div>\n<div style=\"text-align:justify\">&#8222;Nem\u016f\u017eu ti te\u010f d\u00e1t sv\u016fj d\u00e1rek.&#8220; \u0158ekl Torlin tich\u00fdm zp\u011bvn\u00fdm hlasem. <\/div>\n<div style=\"text-align:justify\">Ville a T\u00f3mas se na sebe pod\u00edvali a sna\u017eili se nesm\u00e1t. Pochopili prav\u00fd smysl Torlinov\u00fdch slov &#8211; p\u0159\u00e1l si odevzdat se Aslakovi. Ville se postavil na nohy a vyt\u00e1hl i sv\u00e9ho milence.<\/div>\n<div style=\"text-align:justify\">&#8222;V\u00ed\u0161, l\u00e1sko, m\u00e1m nal\u00e9havou pot\u0159ebu j\u00edt na dlouhou proch\u00e1zku. Doprovod\u00ed\u0161 m\u011b?&#8220;<\/div>\n<div style=\"text-align:justify\">&#8222;Samoz\u0159ejm\u011b, m\u016fj drah\u00fd.&#8220; Oba mu\u017ei byli na vrcholu sv\u00e9ho hereck\u00e9ho um\u011bn\u00ed, ale zd\u00e1lo se, \u017ee to d\u011blali dob\u0159e. Pro\u0161li dve\u0159mi a Ville m\u011bl pa\u017ei kolem T\u00f3mase. Mu\u017e s havran\u00edmi vlasy se na n\u011b ohl\u00e9dnul.<\/div>\n<div style=\"text-align:justify\"><\/div>\n<hr \/>\n<div style=\"text-align:justify\">&#8222;No, kluci, budeme zp\u00e1tky asi za hodinu. Ned\u011blejte nic, co bych ned\u011blal j\u00e1.&#8220;<\/div>\n<div style=\"text-align:justify\">&#8222;Ville!&#8220; T\u00f3mas mu dal hrav\u00fd pohlavek. Dva mlad\u00ed mu\u017ei z\u00e1\u0159ili \u0161t\u011bst\u00edm, kdy\u017e dva v\u00e1le\u010dn\u00edci ode\u0161li a T\u00f3mas\u016fv hlas se za\u010dal ztr\u00e1cet z doslechu. Ale p\u0159esto\u017ee odch\u00e1zel pry\u010d, byl st\u00e1le oporou nejen Villovi, ale tak\u00e9 sv\u00e9mu synovi. Aslak byl v tomhle v\u011bku dychtiv\u00fd vid\u011bt sv\u00e9 rodi\u010de odch\u00e1zet, proto\u017ee v\u011bd\u011bl p\u0159esn\u011b, co jeho d\u00e1rek od Torlina bude. T\u00f3mas se ale vr\u00e1t\u00ed. V\u017edycky by se vr\u00e1til, dokud se ho Bohov\u00e9 nerozhodnou vz\u00edt k sob\u011b. Ale i pot\u00e9 by tady byl poka\u017ed\u00e9, kdy by ho jeho mal\u00e1 rodina pot\u0159ebovala. A i pot\u00e9 kdyby ne.<\/div>\n<div style=\"text-align:justify\">\n<p>Ville st\u00e1l v\u017edy po jeho boku. Mu\u017e s havran\u00edmi vlasy dlouho potom, co ztratil p\u0159ezd\u00edvku Bikja, \u010dasto p\u0159em\u00fd\u0161lel o sv\u00e9 minulosti. Blarhol byla temn\u00e1 vzpom\u00ednka a vracel se k n\u00ed z\u0159\u00eddka. Preferoval my\u0161lenky o bolen\u00ed hlavy, kter\u00e9 zp\u016fsobil sob\u011b a T\u00f3masovi kv\u016fli sv\u00e9 tvrdohlavosti.<\/p><\/div>\n<div style=\"text-align:justify\">A te\u010f, o p\u00e1r let pozd\u011bji, se Ville st\u00e1le divil, pro\u010d se v prv\u00e9 \u0159ad\u011b sna\u017eil bojovat proti T\u00f3masov\u011b l\u00e1sce.<\/div>\n<div style=\"text-align:justify\">\n<p><strong>KONEC<\/p>\n<p><\/strong> <em>Zazvonil zvonec a m\u00e1me tu konec! Mus\u00edm \u0159\u00edct, \u017ee mi pov\u00eddka za dobu p\u0159ekladu velmi p\u0159irostla k srdci a bude mi to chyb\u011bt. Je to siln\u00fd p\u0159\u00edb\u011bh a je pro m\u011b jako jeden z m\u00e1la speci\u00e1ln\u00ed. Douf\u00e1m, \u017ee se v\u0161em l\u00edbila! D\u011bkuji t\u011bm, kte\u0159\u00ed po celou dobu komentovali, autorku koment\u00e1\u0159e v\u017edy velmi pot\u011b\u0161ily \ud83d\ude42 M\u011b to tak\u00e9 povzbuzovalo v tom, \u017ee jsem nad t\u00edm netr\u00e1vila \u010das zbyte\u010dn\u011b. Na z\u00e1v\u011br pat\u0159\u00ed pod\u011bkov\u00e1n\u00ed p\u0159edev\u0161\u00edm Synnie, kter\u00e1 povolila p\u0159eklad tohohle sv\u00e9ho skvostu.<\/em><\/div>\n<div style=\"text-align:justify\"><em>A taky Januli za skv\u011bl\u00fd betaread \ud83d\ude42<\/p>\n<p><\/em> <strong>autor: Synnie<\/strong><\/div>\n<div style=\"text-align:justify\"><strong>p\u0159eklad Emilia<\/strong><\/div>\n<div style=\"text-align:justify\"><strong>betaread: J. :o)<\/strong><\/div>\n<div style=\"text-align:justify\"><strong> <\/strong><\/div>\n<div style=\"text-align:justify\"><strong> <\/strong><\/div>\n<div style=\"text-align:justify\"><\/div>\n<div style=\"text-align:justify\"><a href=\"http:\/\/fiction.tokiohotelfiction.com\/viewstory.php?sid=13575\" target=\"_blank\" rel=\"noopener noreferrer\"><strong>original<\/strong><\/a><\/div>\n","protected":false},"excerpt":{"rendered":"<p>autor: Synnie P\u0159i\u0161la zima a zam\u00ed\u0159ila do Cortburgu. Ve v\u00e1lk\u00e1ch p\u0159i\u0161ly v\u00fdhry a prohry, ale nikdo ze Str\u00e1\u017ec\u016f, kte\u0159\u00ed p\u0159etrp\u011bli Blarhol, se na bitevn\u00ed pole nevr\u00e1til. Ale to neznamen\u00e1, \u017ee Str\u00e1\u017eci zanikli. Ne, mlad\u0161\u00ed generace je obdivovala a p\u0159\u00e1la si j\u00edt v<\/p>\n<p class=\"link-more\"><a class=\"myButt \" href=\"https:\/\/twincestblog.cz\/domains\/twincestblog.cz\/2017\/09\/28\/die-wachter-24-konec\/\">Read More<\/a><\/p>\n","protected":false},"author":1,"featured_media":0,"comment_status":"open","ping_status":"open","sticky":false,"template":"","format":"standard","meta":{"_exactmetrics_skip_tracking":false,"_exactmetrics_sitenote_active":false,"_exactmetrics_sitenote_note":"","_exactmetrics_sitenote_category":0,"footnotes":""},"categories":[677],"tags":[],"class_list":["post-989","post","type-post","status-publish","format-standard","hentry","category-die-wachter"],"_links":{"self":[{"href":"https:\/\/twincestblog.cz\/domains\/twincestblog.cz\/wp-json\/wp\/v2\/posts\/989","targetHints":{"allow":["GET"]}}],"collection":[{"href":"https:\/\/twincestblog.cz\/domains\/twincestblog.cz\/wp-json\/wp\/v2\/posts"}],"about":[{"href":"https:\/\/twincestblog.cz\/domains\/twincestblog.cz\/wp-json\/wp\/v2\/types\/post"}],"author":[{"embeddable":true,"href":"https:\/\/twincestblog.cz\/domains\/twincestblog.cz\/wp-json\/wp\/v2\/users\/1"}],"replies":[{"embeddable":true,"href":"https:\/\/twincestblog.cz\/domains\/twincestblog.cz\/wp-json\/wp\/v2\/comments?post=989"}],"version-history":[{"count":0,"href":"https:\/\/twincestblog.cz\/domains\/twincestblog.cz\/wp-json\/wp\/v2\/posts\/989\/revisions"}],"wp:attachment":[{"href":"https:\/\/twincestblog.cz\/domains\/twincestblog.cz\/wp-json\/wp\/v2\/media?parent=989"}],"wp:term":[{"taxonomy":"category","embeddable":true,"href":"https:\/\/twincestblog.cz\/domains\/twincestblog.cz\/wp-json\/wp\/v2\/categories?post=989"},{"taxonomy":"post_tag","embeddable":true,"href":"https:\/\/twincestblog.cz\/domains\/twincestblog.cz\/wp-json\/wp\/v2\/tags?post=989"}],"curies":[{"name":"wp","href":"https:\/\/api.w.org\/{rel}","templated":true}]}}