{"id":9905,"date":"2010-12-16T17:30:00","date_gmt":"2010-12-16T16:30:00","guid":{"rendered":"http:\/\/twincestblog.cz\/?p=9880"},"modified":"2010-12-16T17:30:00","modified_gmt":"2010-12-16T16:30:00","slug":"you-re-the-sun-and-i-m-the-moon-2","status":"publish","type":"post","link":"https:\/\/twincestblog.cz\/domains\/twincestblog.cz\/2010\/12\/16\/you-re-the-sun-and-i-m-the-moon-2\/","title":{"rendered":"You&#8217;re the Sun and I&#8217;m the Moon"},"content":{"rendered":"<div>V posledn\u00ed n\u00e1chaz\u00edm spoustu kr\u00e1snejch fotek t\u011bchhle dvou, p\u0159edev\u0161\u00edm na tumblr&#8230;u t\u00e9hle konkr\u00e9tn\u011b mus\u00edm samoz\u0159ejm\u011b zm\u00ednit DuFurImmerJetzt..:)<\/div>\n<div>Te\u010f nem\u00e1m p\u0159ehled, ale m\u00e1m dojem, \u017ee je to z jednoho z t\u011bch vystoupen\u00ed v Asii? Malaysk\u00e1 MTV World Stage, nebyla to? No, na tom nez\u00e1le\u017e\u00ed&#8230;ten Bill\u016fv pohled je prost\u011b v\u0161e\u0159\u00edkaj\u00edc\u00ed..x)<\/div>\n<div><\/div>\n<div><em>out of touch, out of time<br \/>just get lost without a sign<br \/>as long as you stand by my side&#8230;&nbsp;<\/em><\/div>\n<div><\/div>\n<div><img decoding=\"async\" title=\"shadow\" class=\"center\" src=\"http:\/\/twincestblog.cz\/wp-content\/uploads\/c53a71998b_71241326_o2.jpg\" alt=\"shadow\" \/><\/div>\n<div>V\u00e1\u017en\u011b pochybuju, \u017ee n\u011bkde existuj\u00ed dva lid\u00e9 co by se tolik milovali &#8211; a te\u010f myslim tu l\u00e1sku prost\u011b mezi dvoj\u010daty \ud83d\ude42 .. ne v\u00e1\u017en\u011b, ten Bill\u016fv pohled ani nejde popsat, jak je to viditeln\u00fd..:) \u2665<\/div>\n","protected":false},"excerpt":{"rendered":"<p>V posledn\u00ed n\u00e1chaz\u00edm spoustu kr\u00e1snejch fotek t\u011bchhle dvou, p\u0159edev\u0161\u00edm na tumblr&#8230;u t\u00e9hle konkr\u00e9tn\u011b mus\u00edm samoz\u0159ejm\u011b zm\u00ednit DuFurImmerJetzt..:) Te\u010f nem\u00e1m p\u0159ehled, ale m\u00e1m dojem, \u017ee je to z jednoho z t\u011bch vystoupen\u00ed v Asii? Malaysk\u00e1 MTV World Stage, nebyla to? No, na tom<\/p>\n<p class=\"link-more\"><a class=\"myButt \" href=\"https:\/\/twincestblog.cz\/domains\/twincestblog.cz\/2010\/12\/16\/you-re-the-sun-and-i-m-the-moon-2\/\">Read More<\/a><\/p>\n","protected":false},"author":1,"featured_media":0,"comment_status":"open","ping_status":"open","sticky":false,"template":"","format":"standard","meta":{"_exactmetrics_skip_tracking":false,"_exactmetrics_sitenote_active":false,"_exactmetrics_sitenote_note":"","_exactmetrics_sitenote_category":0,"footnotes":""},"categories":[17],"tags":[],"class_list":["post-9905","post","type-post","status-publish","format-standard","hentry","category-concert-foto"],"_links":{"self":[{"href":"https:\/\/twincestblog.cz\/domains\/twincestblog.cz\/wp-json\/wp\/v2\/posts\/9905","targetHints":{"allow":["GET"]}}],"collection":[{"href":"https:\/\/twincestblog.cz\/domains\/twincestblog.cz\/wp-json\/wp\/v2\/posts"}],"about":[{"href":"https:\/\/twincestblog.cz\/domains\/twincestblog.cz\/wp-json\/wp\/v2\/types\/post"}],"author":[{"embeddable":true,"href":"https:\/\/twincestblog.cz\/domains\/twincestblog.cz\/wp-json\/wp\/v2\/users\/1"}],"replies":[{"embeddable":true,"href":"https:\/\/twincestblog.cz\/domains\/twincestblog.cz\/wp-json\/wp\/v2\/comments?post=9905"}],"version-history":[{"count":0,"href":"https:\/\/twincestblog.cz\/domains\/twincestblog.cz\/wp-json\/wp\/v2\/posts\/9905\/revisions"}],"wp:attachment":[{"href":"https:\/\/twincestblog.cz\/domains\/twincestblog.cz\/wp-json\/wp\/v2\/media?parent=9905"}],"wp:term":[{"taxonomy":"category","embeddable":true,"href":"https:\/\/twincestblog.cz\/domains\/twincestblog.cz\/wp-json\/wp\/v2\/categories?post=9905"},{"taxonomy":"post_tag","embeddable":true,"href":"https:\/\/twincestblog.cz\/domains\/twincestblog.cz\/wp-json\/wp\/v2\/tags?post=9905"}],"curies":[{"name":"wp","href":"https:\/\/api.w.org\/{rel}","templated":true}]}}